{"id":75025,"date":"2026-08-20T20:43:02","date_gmt":"2026-08-20T23:43:02","guid":{"rendered":"https:\/\/guialimeira.com.br\/?p=75025"},"modified":"2026-08-20T20:43:02","modified_gmt":"2026-08-20T23:43:02","slug":"rio-entra-em-estagio-2-devido-a-previsao-de-ventos-de-ate-90km-h","status":"publish","type":"post","link":"https:\/\/guialimeira.com.br\/news\/rio-entra-em-estagio-2-devido-a-previsao-de-ventos-de-ate-90km-h\/","title":{"rendered":"Rio entra em Est\u00e1gio 2 devido \u00e0 previs\u00e3o de ventos de at\u00e9 90km\/h"},"content":{"rendered":"<p> <br \/>\n<\/p>\n<div>\n<p><strong>O munic\u00edpio do Rio de Janeiro entrou no Est\u00e1gio 2 \u00e0s 18h, desta quinta-feira (20), devido \u00e0 previs\u00e3o de intensifica\u00e7\u00e3o dos ventos na cidade, a partir da manh\u00e3 de\u00a0sexta-feira (21). <\/strong>De acordo com o Sistema Alerta Rio, o tempo na sexta ser\u00e1 influenciado pela aproxima\u00e7\u00e3o e passagem de uma frente fria continental.<img data-recalc-dims=\"1\" decoding=\"async\" src=\"https:\/\/i0.wp.com\/agenciabrasil.ebc.com.br\/ebc.png?w=696&#038;ssl=1\" style=\"width:1px;height:1px;display:inline\" \/><img data-recalc-dims=\"1\" decoding=\"async\" src=\"https:\/\/i0.wp.com\/agenciabrasil.ebc.com.br\/ebc.gif?w=696&#038;ssl=1\" style=\"width:1px;height:1px;display:inline\" \/><\/p>\n<p><strong>Os ventos estar\u00e3o fortes,\u00a0entre 52 quil\u00f4metros por hora\u00a0e 76 km\/h, com rajadas de intensidade muito forte (acima de 76 km\/h, podendo chegar a 90 km\/h)\u00a0no per\u00edodo da manh\u00e3. <\/strong>Ao longo do dia, o c\u00e9u estar\u00e1 parcialmente nublado, passando a nublado no per\u00edodo da tarde, com previs\u00e3o de chuva fraca a isolada.<\/p>\n<p><strong>O Est\u00e1gio 2 \u00e9 o segundo n\u00edvel em uma escala de cinco e significa que h\u00e1 riscos de ocorr\u00eancias de alto impacto na cidade. <\/strong>H\u00e1 possibilidade de nova mudan\u00e7a de est\u00e1gio devido \u00e0 chuva e\/ou outros fatores.<\/p>\n<p>O Instituto Nacional de Meteorologia (Inmet) emitiu dois avisos de vendaval para amanh\u00e3\u00a0na Regi\u00e3o Sudeste, ampliando as \u00e1reas sob risco e elevando o grau de severidade. Um dos alertas \u00e9 laranja, que representa perigo, o segundo de tr\u00eas n\u00edveis,\u00a0e prev\u00ea ventos entre 60 km\/h e 100 km\/h em \u00e1reas do Rio de Janeiro e de S\u00e3o Paulo.<\/p>\n<p>O aviso laranja \u00e9 v\u00e1lido das 12h \u00e0s 23h59 desta sexta-feira. <strong>Segundo o Inmet, as rajadas podem provocar queda de \u00e1rvores, destelhamento de casas e danos em edifica\u00e7\u00f5es e planta\u00e7\u00f5es.<\/strong><\/p>\n<p>O alerta abrange o sul fluminense, as baixadas, a regi\u00e3o metropolitana do Rio de Janeiro, o centro e o norte fluminense, al\u00e9m do Vale do Para\u00edba paulista e da regi\u00e3o metropolitana de S\u00e3o Paulo.<\/p>\n<p>O Centro de Opera\u00e7\u00f5es e Resili\u00eancia do Rio (COR-Rio) fez um alerta \u00e0 popula\u00e7\u00e3o do Rio, devido \u00e0 previs\u00e3o de ventos fortes para as pr\u00f3ximas horas.\u00a0Em caso de qualquer anormalidade por causa da\u00a0ventania, a orienta\u00e7\u00e3o \u00e9 telefonar para os n\u00fameros\u00a0193 (Corpo de Bombeiros) e 199 (Defesa Civil).<\/p>\n<p><strong>Em casa:<\/strong><\/p>\n<ul>\n<li>Feche as janelas, basculantes e portas de arm\u00e1rios para evitar canaliza\u00e7\u00f5es de ventos no interior de casa;<\/li>\n<li>Persianas, cortinas ou blecautes tamb\u00e9m devem estar fechados para evitar que estilha\u00e7os se espalhem, no caso de alguma janela quebrar;<\/li>\n<li>Aparelhos el\u00e9tricos e registro de g\u00e1s devem estar fechados. Dessa forma, n\u00e3o h\u00e1 agravamento em caso de queda de \u00e1rvore;<\/li>\n<li>Evite deixar objetos que possam cair em locais altos;<\/li>\n<li>Mantenha as \u00e1rvores do jardim ou do quintal sempre podadas e bem cuidadas;<\/li>\n<li>Fique atento: se houver falta de luz, cuidado com o uso de velas para evitar inc\u00eandios.<\/li>\n<\/ul>\n<p><strong>Na rua:<\/strong><\/p>\n<ul>\n<li>N\u00e3o se abrigue debaixo de \u00e1rvores ou de coberturas met\u00e1licas;<\/li>\n<li>Evite a pr\u00e1tica de esportes ao ar livre, especialmente\u00a0no mar;<\/li>\n<li>Evite ficar pr\u00f3ximo a precip\u00edcios, encostas ou lugares altos sem prote\u00e7\u00e3o;<\/li>\n<li>Evite passar sob cabos el\u00e9tricos, <em>outdoors<\/em>, andaimes e escadas;<\/li>\n<li>N\u00e3o estacione ve\u00edculos pr\u00f3ximos a torres de transmiss\u00e3o e placas de propaganda;<\/li>\n<li>N\u00e3o queime lixo, n\u00e3o ateie fogo em terrenos para remover vegeta\u00e7\u00e3o, n\u00e3o acenda fogueiras ou jogue bitucas de cigarros em estradas ou terrenos com mata;<\/li>\n<li>Fique atento: caso haja queda de \u00e1rvore, \u00e9 poss\u00edvel que a rede de energia tenha sido rompida. Nesta situa\u00e7\u00e3o, h\u00e1 risco de acidentes causados por raios.<\/li>\n<\/ul>\n<p>      <!-- Relacionada --><\/p>\n<p>            <!-- Relacionada -->\n    <\/div>\n<p><br \/>\n<br \/><a href=\"https:\/\/agenciabrasil.ebc.com.br\/meio-ambiente\/noticia\/2026-08\/rio-entra-em-estagio-2-devido-previsao-de-ventos-de-ate-90kmh\" rel=\"noopener\">Informa\u00e7\u00f5es com a Ag\u00eancia Brasil<\/a><\/p>\n","protected":false},"excerpt":{"rendered":"<p>O munic\u00edpio do Rio de Janeiro entrou no Est\u00e1gio 2 \u00e0s 18h, desta quinta-feira (20), devido \u00e0 previs\u00e3o de intensifica\u00e7\u00e3o dos ventos na cidade, a partir da manh\u00e3 de\u00a0sexta-feira (21). De acordo com o Sistema Alerta Rio, o tempo na sexta ser\u00e1 influenciado pela aproxima\u00e7\u00e3o e passagem de uma frente fria continental. Os ventos estar\u00e3o [&hellip;]<\/p>\n","protected":false},"author":1,"featured_media":73832,"comment_status":"closed","ping_status":"open","sticky":false,"template":"","format":"standard","meta":{"_jetpack_newsletter_access":"","_jetpack_dont_email_post_to_subs":false,"_jetpack_newsletter_tier_id":0,"_jetpack_memberships_contains_paywalled_content":false,"_mbp_banners":[],"_jetpack_feature_clip_id":0,"_jetpack_memberships_contains_paid_content":false,"footnotes":"","jetpack_publicize_message":"","jetpack_publicize_feature_enabled":true,"jetpack_social_post_already_shared":true,"jetpack_social_options":{"image_generator_settings":{"template":"highway","default_image_id":0,"font":"","enabled":false},"version":2},"jetpack_post_was_ever_published":false},"categories":[22],"tags":[],"class_list":["post-75025","post","type-post","status-publish","format-standard","has-post-thumbnail","category-nacional"],"jetpack_publicize_connections":[],"jetpack-related-posts":[],"jetpack_shortlink":"https:\/\/wp.me\/p7Eq1F-jw5","jetpack_sharing_enabled":true,"jetpack_featured_media_url":"https:\/\/i0.wp.com\/guialimeira.com.br\/news\/wp-content\/uploads\/2026\/08\/rbr2393.jpg?fit=1600%2C800&ssl=1","_links":{"self":[{"href":"https:\/\/guialimeira.com.br\/news\/wp-json\/wp\/v2\/posts\/75025","targetHints":{"allow":["GET"]}}],"collection":[{"href":"https:\/\/guialimeira.com.br\/news\/wp-json\/wp\/v2\/posts"}],"about":[{"href":"https:\/\/guialimeira.com.br\/news\/wp-json\/wp\/v2\/types\/post"}],"author":[{"embeddable":true,"href":"https:\/\/guialimeira.com.br\/news\/wp-json\/wp\/v2\/users\/1"}],"replies":[{"embeddable":true,"href":"https:\/\/guialimeira.com.br\/news\/wp-json\/wp\/v2\/comments?post=75025"}],"version-history":[{"count":1,"href":"https:\/\/guialimeira.com.br\/news\/wp-json\/wp\/v2\/posts\/75025\/revisions"}],"predecessor-version":[{"id":75026,"href":"https:\/\/guialimeira.com.br\/news\/wp-json\/wp\/v2\/posts\/75025\/revisions\/75026"}],"wp:featuredmedia":[{"embeddable":true,"href":"https:\/\/guialimeira.com.br\/news\/wp-json\/wp\/v2\/media\/73832"}],"wp:attachment":[{"href":"https:\/\/guialimeira.com.br\/news\/wp-json\/wp\/v2\/media?parent=75025"}],"wp:term":[{"taxonomy":"category","embeddable":true,"href":"https:\/\/guialimeira.com.br\/news\/wp-json\/wp\/v2\/categories?post=75025"},{"taxonomy":"post_tag","embeddable":true,"href":"https:\/\/guialimeira.com.br\/news\/wp-json\/wp\/v2\/tags?post=75025"}],"curies":[{"name":"wp","href":"https:\/\/api.w.org\/{rel}","templated":true}]}}