{"id":75023,"date":"2026-08-20T19:42:25","date_gmt":"2026-08-20T22:42:25","guid":{"rendered":"https:\/\/guialimeira.com.br\/?p=75023"},"modified":"2026-08-20T19:42:25","modified_gmt":"2026-08-20T22:42:25","slug":"justica-derruba-norma-que-permite-a-dentista-fazer-harmonizacao-facial","status":"publish","type":"post","link":"https:\/\/guialimeira.com.br\/news\/justica-derruba-norma-que-permite-a-dentista-fazer-harmonizacao-facial\/","title":{"rendered":"Justi\u00e7a derruba norma que permite a dentista fazer harmoniza\u00e7\u00e3o facial"},"content":{"rendered":"<p> <br \/>\n<\/p>\n<div>\n<p><strong>O Conselho Federal de Medicina (CFM) informou nesta quinta-feira (20) que a Justi\u00e7a Federal no Distrito Federal suspendeu a resolu\u00e7\u00e3o do Conselho Federal de Odontologia (CFO) que reconheceu o procedimento de harmoniza\u00e7\u00e3o orofacial como especialidade odontol\u00f3gica.<\/strong><img data-recalc-dims=\"1\" decoding=\"async\" src=\"https:\/\/i0.wp.com\/agenciabrasil.ebc.com.br\/ebc.png?w=696&#038;ssl=1\" style=\"width:1px;height:1px;display:inline\" \/><img data-recalc-dims=\"1\" decoding=\"async\" src=\"https:\/\/i0.wp.com\/agenciabrasil.ebc.com.br\/ebc.gif?w=696&#038;ssl=1\" style=\"width:1px;height:1px;display:inline\" \/><\/p>\n<p>A suspens\u00e3o foi determinada pelo Tribunal Regional Federal da 1\u00aa Regi\u00e3o (TRF1) ap\u00f3s recurso protocolado pela entidade que representa os m\u00e9dicos.<\/p>\n<p><strong>Conforme a decis\u00e3o, os conselhos profissionais n\u00e3o podem ampliar, por meio resolu\u00e7\u00f5es, as condi\u00e7\u00f5es para o exerc\u00edcio das profiss\u00f5es.<\/strong><\/p>\n<p>Para o presidente do CFM, Jos\u00e9 Hiran Gallo, a amplia\u00e7\u00e3o das compet\u00eancias profissionais, sem respaldo legal, coloca em risco \u00e0 sa\u00fade p\u00fablica.<\/p>\n<blockquote>\n<p>&#8220;A resolu\u00e7\u00e3o do CFO ultrapassou os limites legais de atua\u00e7\u00e3o da odontologia. A lei n\u00e3o autoriza odont\u00f3logos a realizar procedimentos invasivos com finalidade est\u00e9tica fora do campo pr\u00f3prio da profiss\u00e3o\u201d, afirmou.<\/p>\n<\/blockquote>\n<h2>Outro lado<\/h2>\n<p>Em nota, Conselho Federal de Odontologia (CFO) afirmou que vai recorrer da decis\u00e3o e reafirmou que a harmoniza\u00e7\u00e3o orofacial est\u00e1 dentro das especialidades da odontologia.<\/p>\n<blockquote>\n<p>&#8220;N\u00e3o cabe, portanto, confundir a exist\u00eancia de atos privativos da medicina com exclusividade sobre toda e qualquer interven\u00e7\u00e3o realizada na regi\u00e3o da face&#8221;, disse o CFO.\u00a0<\/p>\n<\/blockquote>\n<p>O conselho recomendou que os dentistas mantenham suas atividades enquanto a entidade contesta a decis\u00e3o na Justi\u00e7a.<\/p>\n<p>&#8220;Os cirurgi\u00f5es-dentistas podem manter sua atua\u00e7\u00e3o nos procedimentos de harmoniza\u00e7\u00e3o orofacial que integram sua \u00e1rea legal de compet\u00eancia, observados os limites previstos na legisla\u00e7\u00e3o, na forma\u00e7\u00e3o profissional e nas normas aplic\u00e1veis&#8221;, completou.<\/p>\n<p>      <!-- Relacionada --><\/p>\n<p>            <!-- Relacionada -->\n    <\/div>\n<p><br \/>\n<br \/><a href=\"https:\/\/agenciabrasil.ebc.com.br\/justica\/noticia\/2026-08\/justica-derruba-norma-que-permite-dentista-fazer-harmonizacao-facial\" rel=\"noopener\">Informa\u00e7\u00f5es com a Ag\u00eancia Brasil<\/a><\/p>\n","protected":false},"excerpt":{"rendered":"<p>O Conselho Federal de Medicina (CFM) informou nesta quinta-feira (20) que a Justi\u00e7a Federal no Distrito Federal suspendeu a resolu\u00e7\u00e3o do Conselho Federal de Odontologia (CFO) que reconheceu o procedimento de harmoniza\u00e7\u00e3o orofacial como especialidade odontol\u00f3gica. A suspens\u00e3o foi determinada pelo Tribunal Regional Federal da 1\u00aa Regi\u00e3o (TRF1) ap\u00f3s recurso protocolado pela entidade que representa [&hellip;]<\/p>\n","protected":false},"author":1,"featured_media":33717,"comment_status":"closed","ping_status":"open","sticky":false,"template":"","format":"standard","meta":{"_jetpack_newsletter_access":"","_jetpack_dont_email_post_to_subs":false,"_jetpack_newsletter_tier_id":0,"_jetpack_memberships_contains_paywalled_content":false,"_mbp_banners":[],"_jetpack_feature_clip_id":0,"_jetpack_memberships_contains_paid_content":false,"footnotes":"","jetpack_publicize_message":"","jetpack_publicize_feature_enabled":true,"jetpack_social_post_already_shared":true,"jetpack_social_options":{"image_generator_settings":{"template":"highway","default_image_id":0,"font":"","enabled":false},"version":2},"jetpack_post_was_ever_published":false},"categories":[22],"tags":[],"class_list":["post-75023","post","type-post","status-publish","format-standard","has-post-thumbnail","category-nacional"],"jetpack_publicize_connections":[],"jetpack-related-posts":[],"jetpack_shortlink":"https:\/\/wp.me\/p7Eq1F-jw3","jetpack_sharing_enabled":true,"jetpack_featured_media_url":"https:\/\/i0.wp.com\/guialimeira.com.br\/news\/wp-content\/uploads\/2025\/05\/conselho_federal_de_medicina_cfm.jpg?fit=1600%2C800&ssl=1","_links":{"self":[{"href":"https:\/\/guialimeira.com.br\/news\/wp-json\/wp\/v2\/posts\/75023","targetHints":{"allow":["GET"]}}],"collection":[{"href":"https:\/\/guialimeira.com.br\/news\/wp-json\/wp\/v2\/posts"}],"about":[{"href":"https:\/\/guialimeira.com.br\/news\/wp-json\/wp\/v2\/types\/post"}],"author":[{"embeddable":true,"href":"https:\/\/guialimeira.com.br\/news\/wp-json\/wp\/v2\/users\/1"}],"replies":[{"embeddable":true,"href":"https:\/\/guialimeira.com.br\/news\/wp-json\/wp\/v2\/comments?post=75023"}],"version-history":[{"count":1,"href":"https:\/\/guialimeira.com.br\/news\/wp-json\/wp\/v2\/posts\/75023\/revisions"}],"predecessor-version":[{"id":75024,"href":"https:\/\/guialimeira.com.br\/news\/wp-json\/wp\/v2\/posts\/75023\/revisions\/75024"}],"wp:featuredmedia":[{"embeddable":true,"href":"https:\/\/guialimeira.com.br\/news\/wp-json\/wp\/v2\/media\/33717"}],"wp:attachment":[{"href":"https:\/\/guialimeira.com.br\/news\/wp-json\/wp\/v2\/media?parent=75023"}],"wp:term":[{"taxonomy":"category","embeddable":true,"href":"https:\/\/guialimeira.com.br\/news\/wp-json\/wp\/v2\/categories?post=75023"},{"taxonomy":"post_tag","embeddable":true,"href":"https:\/\/guialimeira.com.br\/news\/wp-json\/wp\/v2\/tags?post=75023"}],"curies":[{"name":"wp","href":"https:\/\/api.w.org\/{rel}","templated":true}]}}