{"id":75006,"date":"2026-08-20T18:39:49","date_gmt":"2026-08-20T21:39:49","guid":{"rendered":"https:\/\/guialimeira.com.br\/?p=75006"},"modified":"2026-08-20T18:39:49","modified_gmt":"2026-08-20T21:39:49","slug":"frente-fria-leva-chuva-e-ventania-a-capital-paulista-e-areas-do-estado","status":"publish","type":"post","link":"https:\/\/guialimeira.com.br\/news\/frente-fria-leva-chuva-e-ventania-a-capital-paulista-e-areas-do-estado\/","title":{"rendered":"Frente fria leva chuva e ventania \u00e0 capital paulista e \u00e1reas do estado"},"content":{"rendered":"<p> <br \/>\n<\/p>\n<div>\n<p><strong>Uma frente fria que avan\u00e7a sobre o Sudeste vai provocar queda na\u00a0temperatura j\u00e1 nesta noite de quinta-feira (20) e tamb\u00e9m na sexta na capital paulista e em parte do estado.<\/strong><img data-recalc-dims=\"1\" decoding=\"async\" src=\"https:\/\/i0.wp.com\/agenciabrasil.ebc.com.br\/ebc.png?w=696&#038;ssl=1\" style=\"width:1px;height:1px;display:inline\" \/><img data-recalc-dims=\"1\" decoding=\"async\" src=\"https:\/\/i0.wp.com\/agenciabrasil.ebc.com.br\/ebc.gif?w=696&#038;ssl=1\" style=\"width:1px;height:1px;display:inline\" \/><\/p>\n<p>Segundo a Defesa Civil de S\u00e3o Paulo, na sexta-feira haver\u00e1 o aumento da presen\u00e7a de nuvens, o que evitar\u00e1 o aumento da temperatura. A m\u00ednima na capital deve ser de 14\u00baC, com a m\u00e1xima chegando a 24\u00baC no in\u00edcio da tarde.<\/p>\n<p><strong>Entre sexta e domingo, S\u00e3o Paulo, sua regi\u00e3o metropolitana, a baixada santista, Litoral Norte e partes do interior podem ser atingidos por pancadas de chuva e rajadas de vento moderadas a forte. De acordo com a previs\u00e3o, os ventos podem superar a velocidade de 75 km\/h.<\/strong><\/p>\n<p>Essa ventania tamb\u00e9m deve atingir cidades do interior como Registro, Sorocaba, Campinas, S\u00e3o Jos\u00e9 dos Campos, Mar\u00edlia, Presidente Prudente, Bauru e Araraquara. Pode haver queda de \u00e1rvores, destelhamentos, interrup\u00e7\u00e3o do fornecimento de energia el\u00e9trica e danos a estruturas mais vulner\u00e1veis.<\/p>\n<p>No interior, a aus\u00eancia prolongada de chuvas e o solo seco favorecem a forma\u00e7\u00e3o de tempestades de poeira.<\/p>\n<p>No s\u00e1bado, a previs\u00e3o para a capital paulista \u00e9 de c\u00e9u nublado e m\u00ednima de 12\u00baC durante a madrugada. A m\u00e1xima deve ser de 23\u00baC. N\u00e3o h\u00e1 previs\u00e3o de chuva. Em algumas regi\u00f5es do interior do est\u00e3o, a temperatura m\u00ednima pode chegar a 10\u00baC.<\/p>\n<p>\u00a0<\/p>\n<p>      <!-- Relacionada --><\/p>\n<p>            <!-- Relacionada -->\n    <\/div>\n<p><br \/>\n<br \/><a href=\"https:\/\/agenciabrasil.ebc.com.br\/meio-ambiente\/noticia\/2026-08\/frente-fria-leva-chuva-e-ventania-capital-paulista-e-areas-do-estado\" rel=\"noopener\">Informa\u00e7\u00f5es com a Ag\u00eancia Brasil<\/a><\/p>\n","protected":false},"excerpt":{"rendered":"<p>Uma frente fria que avan\u00e7a sobre o Sudeste vai provocar queda na\u00a0temperatura j\u00e1 nesta noite de quinta-feira (20) e tamb\u00e9m na sexta na capital paulista e em parte do estado. Segundo a Defesa Civil de S\u00e3o Paulo, na sexta-feira haver\u00e1 o aumento da presen\u00e7a de nuvens, o que evitar\u00e1 o aumento da temperatura. A m\u00ednima [&hellip;]<\/p>\n","protected":false},"author":1,"featured_media":43804,"comment_status":"closed","ping_status":"open","sticky":false,"template":"","format":"standard","meta":{"_jetpack_newsletter_access":"","_jetpack_dont_email_post_to_subs":false,"_jetpack_newsletter_tier_id":0,"_jetpack_memberships_contains_paywalled_content":false,"_mbp_banners":[],"_jetpack_feature_clip_id":0,"_jetpack_memberships_contains_paid_content":false,"footnotes":"","jetpack_publicize_message":"","jetpack_publicize_feature_enabled":true,"jetpack_social_post_already_shared":true,"jetpack_social_options":{"image_generator_settings":{"template":"highway","default_image_id":0,"font":"","enabled":false},"version":2},"jetpack_post_was_ever_published":false},"categories":[22],"tags":[],"class_list":["post-75006","post","type-post","status-publish","format-standard","has-post-thumbnail","category-nacional"],"jetpack_publicize_connections":[],"jetpack-related-posts":[],"jetpack_shortlink":"https:\/\/wp.me\/p7Eq1F-jvM","jetpack_sharing_enabled":true,"jetpack_featured_media_url":"https:\/\/i0.wp.com\/guialimeira.com.br\/news\/wp-content\/uploads\/2025\/09\/0g0a4477.jpg?fit=1600%2C800&ssl=1","_links":{"self":[{"href":"https:\/\/guialimeira.com.br\/news\/wp-json\/wp\/v2\/posts\/75006","targetHints":{"allow":["GET"]}}],"collection":[{"href":"https:\/\/guialimeira.com.br\/news\/wp-json\/wp\/v2\/posts"}],"about":[{"href":"https:\/\/guialimeira.com.br\/news\/wp-json\/wp\/v2\/types\/post"}],"author":[{"embeddable":true,"href":"https:\/\/guialimeira.com.br\/news\/wp-json\/wp\/v2\/users\/1"}],"replies":[{"embeddable":true,"href":"https:\/\/guialimeira.com.br\/news\/wp-json\/wp\/v2\/comments?post=75006"}],"version-history":[{"count":1,"href":"https:\/\/guialimeira.com.br\/news\/wp-json\/wp\/v2\/posts\/75006\/revisions"}],"predecessor-version":[{"id":75007,"href":"https:\/\/guialimeira.com.br\/news\/wp-json\/wp\/v2\/posts\/75006\/revisions\/75007"}],"wp:featuredmedia":[{"embeddable":true,"href":"https:\/\/guialimeira.com.br\/news\/wp-json\/wp\/v2\/media\/43804"}],"wp:attachment":[{"href":"https:\/\/guialimeira.com.br\/news\/wp-json\/wp\/v2\/media?parent=75006"}],"wp:term":[{"taxonomy":"category","embeddable":true,"href":"https:\/\/guialimeira.com.br\/news\/wp-json\/wp\/v2\/categories?post=75006"},{"taxonomy":"post_tag","embeddable":true,"href":"https:\/\/guialimeira.com.br\/news\/wp-json\/wp\/v2\/tags?post=75006"}],"curies":[{"name":"wp","href":"https:\/\/api.w.org\/{rel}","templated":true}]}}