{"id":75002,"date":"2026-08-20T17:45:12","date_gmt":"2026-08-20T20:45:12","guid":{"rendered":"https:\/\/guialimeira.com.br\/meio-ambiente-comissao-questiona-quantidade-de-arvores-plantadas-nos-ultimos-12-meses\/"},"modified":"2026-08-20T17:45:12","modified_gmt":"2026-08-20T20:45:12","slug":"meio-ambiente-comissao-questiona-quantidade-de-arvores-plantadas-nos-ultimos-12-meses","status":"publish","type":"post","link":"https:\/\/guialimeira.com.br\/news\/meio-ambiente-comissao-questiona-quantidade-de-arvores-plantadas-nos-ultimos-12-meses\/","title":{"rendered":"Meio Ambiente: Comiss\u00e3o questiona quantidade de \u00e1rvores plantadas nos \u00faltimos 12 meses"},"content":{"rendered":"<p>Meio Ambiente: Comiss\u00e3o questiona quantidade de \u00e1rvores plantadas nos \u00faltimos 12 meses<\/p>\n<p>A Comiss\u00e3o de Meio Ambiente da C\u00e2mara questionou a quantidade de \u00e1rvores plantadas pela Prefeitura nos \u00faltimos 12 meses, durante a reuni\u00e3o desta quinta-feira, 20 de agosto. Os parlamentares querem saber se as esp\u00e9cies est\u00e3o de acordo com os crit\u00e9rios de arboriza\u00e7\u00e3o urbana da cidade.<\/p>\n<p>O questionamento partiu da demanda de mun\u00edcipes sobre o plantio de 13 palmeiras na avenida Maria Thereza Silveira de Barros Camargo, no Jardim Aquarius, na \u00faltima semana. Os parlamentares afirmam terem sido questionados quanto ao custo e adequa\u00e7\u00e3o da esp\u00e9cie ao local em que foram plantadas.<\/p>\n<p>Conforme not\u00edcia publicada no site da Prefeitura, os exemplares teriam sido doados sem custo para o Munic\u00edpio, no entanto os parlamentares querem saber se houve e qual o total dos custos com transporte, m\u00e3o de obra, m\u00e1quinas, prepara\u00e7\u00e3o do solo, insumos, plantio e demais servi\u00e7os necess\u00e1rios \u00e0 implanta\u00e7\u00e3o. Eles tamb\u00e9m querem saber quais crit\u00e9rios t\u00e9cnicos fundamentaram a escolha\u00a0 da esp\u00e9cie para o local.<\/p>\n<p>Outro questionamento sobre as \u00e1rvores plantadas nos \u00faltimos 12 meses diz respeito\u00a0 aos crit\u00e9rios t\u00e9cnicos adotados para a escolha das esp\u00e9cies e locais de plantio, e se estas observam a lista oficial de esp\u00e9cies disponibilizada pela Prefeitura e os crit\u00e9rios da Lei N\u00ba 6974\/2024.<\/p>\n<p>Os vereadores perguntaram ainda sobre a implanta\u00e7\u00e3o do programa Pomar Urbano, se j\u00e1 est\u00e1 ativo, quantas \u00e1rvores frut\u00edferas foram plantadas em \u00e1reas p\u00fablicas desde a entrada em vigor da Lei N\u00ba 7093\/2025, se existe cronograma para novos plantios e se a legisla\u00e7\u00e3o j\u00e1 foi regulamentada.<\/p>\n<p>A Comiss\u00e3o Permanente de Meio Ambiente \u00e9 respons\u00e1vel por fiscalizar a implementa\u00e7\u00e3o de pol\u00edticas p\u00fablicas com tem\u00e1tica relacionada \u00e0 legisla\u00e7\u00e3o de defesa do meio ambiente, agricultura, recursos h\u00eddricos, saneamento, polui\u00e7\u00e3o ambiental, flora, fauna, controle e prote\u00e7\u00e3o animal, solo e desenvolvimento sustent\u00e1vel. Ela tamb\u00e9m recebe den\u00fancias de viola\u00e7\u00e3o dos direitos dos animais, estuda e prop\u00f5e altera\u00e7\u00f5es na legisla\u00e7\u00e3o ambiental.<\/p>\n<p>As reuni\u00f5es acontecem \u00e0s quintas-feiras, \u00e0s 15h. Fazem parte do colegiado os vereadores Felipe Penedo (PL), presidente, Tatiane Lopes (Avante), vice-presidente, e Helder do T\u00e1xi (PSD), secret\u00e1rio. Todas as delibera\u00e7\u00f5es s\u00e3o registradas em ata.<\/p>\n<hr>\n<p><em>Fonte: <a href=\"https:\/\/www.limeira.sp.leg.br\/noticias\/view\/2026-08-20_meio-ambiente-comissao-questiona-quantidade-de-arvores-plantadas-nos-ultimos-12-meses\" target=\"_blank\" rel=\"noopener\">C\u00e2mara Municipal de Limeira<\/a><\/em><\/p>\n","protected":false},"excerpt":{"rendered":"<p>Meio Ambiente: Comiss\u00e3o questiona quantidade de \u00e1rvores plantadas nos \u00faltimos 12 meses<\/p>\n<p>A Comiss\u00e3o de Meio Ambiente da C\u00e2mara questionou a quantidade de \u00e1rvores plantadas pela Prefeitura nos \u00faltimos 12 meses, durante a reuni\u00e3o desta quinta-feira, 20 de agosto. Os parlamentares querem saber se as esp<\/p>\n","protected":false},"author":4,"featured_media":75001,"comment_status":"","ping_status":"open","sticky":false,"template":"","format":"standard","meta":{"_jetpack_newsletter_access":"","_jetpack_dont_email_post_to_subs":false,"_jetpack_newsletter_tier_id":0,"_jetpack_memberships_contains_paywalled_content":false,"_mbp_banners":[],"_jetpack_feature_clip_id":0,"_jetpack_memberships_contains_paid_content":false,"footnotes":"","jetpack_publicize_message":"","jetpack_publicize_feature_enabled":true,"jetpack_social_post_already_shared":true,"jetpack_social_options":{"image_generator_settings":{"template":"highway","default_image_id":0,"font":"","enabled":false},"version":2},"jetpack_post_was_ever_published":false},"categories":[19],"tags":[],"class_list":["post-75002","post","type-post","status-publish","format-standard","has-post-thumbnail","category-politica"],"jetpack_publicize_connections":[],"jetpack-related-posts":[],"jetpack_shortlink":"https:\/\/wp.me\/p7Eq1F-jvI","jetpack_sharing_enabled":true,"jetpack_featured_media_url":"https:\/\/i0.wp.com\/guialimeira.com.br\/news\/wp-content\/uploads\/2026\/08\/noticia-camara-41.jpg?fit=1280%2C640&ssl=1","_links":{"self":[{"href":"https:\/\/guialimeira.com.br\/news\/wp-json\/wp\/v2\/posts\/75002","targetHints":{"allow":["GET"]}}],"collection":[{"href":"https:\/\/guialimeira.com.br\/news\/wp-json\/wp\/v2\/posts"}],"about":[{"href":"https:\/\/guialimeira.com.br\/news\/wp-json\/wp\/v2\/types\/post"}],"author":[{"embeddable":true,"href":"https:\/\/guialimeira.com.br\/news\/wp-json\/wp\/v2\/users\/4"}],"replies":[{"embeddable":true,"href":"https:\/\/guialimeira.com.br\/news\/wp-json\/wp\/v2\/comments?post=75002"}],"version-history":[{"count":0,"href":"https:\/\/guialimeira.com.br\/news\/wp-json\/wp\/v2\/posts\/75002\/revisions"}],"wp:featuredmedia":[{"embeddable":true,"href":"https:\/\/guialimeira.com.br\/news\/wp-json\/wp\/v2\/media\/75001"}],"wp:attachment":[{"href":"https:\/\/guialimeira.com.br\/news\/wp-json\/wp\/v2\/media?parent=75002"}],"wp:term":[{"taxonomy":"category","embeddable":true,"href":"https:\/\/guialimeira.com.br\/news\/wp-json\/wp\/v2\/categories?post=75002"},{"taxonomy":"post_tag","embeddable":true,"href":"https:\/\/guialimeira.com.br\/news\/wp-json\/wp\/v2\/tags?post=75002"}],"curies":[{"name":"wp","href":"https:\/\/api.w.org\/{rel}","templated":true}]}}