{"id":7500,"date":"2024-06-04T22:26:41","date_gmt":"2024-06-05T01:26:41","guid":{"rendered":"https:\/\/guialimeira.com.br\/2024\/06\/04\/votacao-sobre-taxacao-de-compras-internacionais-e-adiada-no-senado\/"},"modified":"2024-06-04T22:26:41","modified_gmt":"2024-06-05T01:26:41","slug":"votacao-sobre-taxacao-de-compras-internacionais-e-adiada-no-senado","status":"publish","type":"post","link":"https:\/\/guialimeira.com.br\/news\/votacao-sobre-taxacao-de-compras-internacionais-e-adiada-no-senado\/","title":{"rendered":"Vota\u00e7\u00e3o sobre taxa\u00e7\u00e3o de compras internacionais \u00e9 adiada no Senado"},"content":{"rendered":"<p> <br \/>\n<\/p>\n<div>\n<p>O Senado Federal adiou nesta ter\u00e7a-feira (4) a vota\u00e7\u00e3o do projeto que cria o Programa Mobilidade Verde e Inova\u00e7\u00e3o (Mover), que promove tecnologias para produ\u00e7\u00e3o de ve\u00edculos que emitem menos gases de efeito estufa. A medida, j\u00e1 <a href=\"https:\/\/agenciabrasil.ebc.com.br\/economia\/noticia\/2024-05\/camara-aprova-imposto-para-compras-internacionais-de-ate-us-50\" rel=\"noopener\">aprovada pela C\u00e2mara dos Deputados<\/a> na semana passada, trazia uma emenda que prev\u00ea uma taxa\u00e7\u00e3o de 20% nas compras internacionais de at\u00e9 US$ 50, que abrange grandes empresas varejistas internacionais que vendem pela internet, como Shopee, AliExpress e Shein.<img data-recalc-dims=\"1\" decoding=\"async\" src=\"https:\/\/i0.wp.com\/agenciabrasil.ebc.com.br\/ebc.png?w=696&#038;ssl=1\" style=\"width:1px; height:1px; display:inline;\"\/><img data-recalc-dims=\"1\" decoding=\"async\" src=\"https:\/\/i0.wp.com\/agenciabrasil.ebc.com.br\/ebc.gif?w=696&#038;ssl=1\" style=\"width:1px; height:1px; display:inline;\"\/><\/p>\n<p>O relator do projeto no Senado, Rodrigo Cunha (Podemos-AL), havia anunciado, mais cedo, <a href=\"https:\/\/agenciabrasil.ebc.com.br\/politica\/noticia\/2024-06\/relator-exclui-taxacao-de-compras-internacionais-de-projeto-no-senado\" rel=\"noopener\">ter exclu\u00eddo essa taxa\u00e7\u00e3o<\/a> do relat\u00f3rio, argumentando tratar-se de tema &#8220;estranho&#8221; ao conte\u00fado principal do projeto de lei. Essa decis\u00e3o contrariou o acordo costurado entre parlamentares da base do governo e da oposi\u00e7\u00e3o que resultou na aprova\u00e7\u00e3o do projeto pelos deputados.<\/p>\n<p>&#8220;O relat\u00f3rio foi lido agora, praticamente em cima da hora, o relator acaba de retirar mais uma emenda. \u00c9 dif\u00edcil pegar um tema desse, que foi constru\u00eddo para atrair investimentos para c\u00e1. Eu tenho j\u00e1 o compromisso do presidente de veto de uma s\u00e9rie de dispositivos que s\u00e3o parte da retirada que o senador Rodrigo Cunha fez. Ent\u00e3o, eu acho mais pertinente, at\u00e9 para que haja tempo&#8221;, afirmou o l\u00edder do governo no Senado, Jaques Wagner (PT-BA), ao pedir o adiamento. Ele foi seguido por outros colegas em plen\u00e1rio.<\/p>\n<p>&#8220;O relat\u00f3rio foi publicado quando o senador estava subindo \u00e0 tribuna, portanto, n\u00f3s n\u00e3o tivemos condi\u00e7\u00f5es de conhecer o relat\u00f3rio. N\u00e3o t\u00ednhamos condi\u00e7\u00f5es de conhecer todas as emendas apresentadas. Portanto, a discuss\u00e3o, hoje, seria, na minha opini\u00e3o, um tanto quanto enviesada&#8221;, refor\u00e7ou o l\u00edder do MDB, senador Eduardo Braga (MDB-AM).<\/p>\n<p>Na mesma linha, o senador Rog\u00e9rio Marinho (PL-RN), l\u00edder da oposi\u00e7\u00e3o no Senado, pediu mais tempo de an\u00e1lise para que se possa construir um consenso em torno da mat\u00e9ria. &#8220;Todos n\u00f3s vamos nos debru\u00e7ar sobre o texto que o relator nos deu conhecimento agora. Eu, particularmente, gostaria de conversar com o relator, depois, para verificar se \u00e9 poss\u00edvel algum tipo de converg\u00eancia com o pr\u00f3prio governo, para termos um texto mais redondo&#8221;, afirmou.<\/p>\n<p>Ao acatar prontamente o pedido, o presidente do Senado, Rodrigo Pacheco (PSD-MG), afirmou que o texto ser\u00e1 inclu\u00eddo na pauta do plen\u00e1rio desta quarta-feira (5), retomando a partir da discuss\u00e3o da proposta do relator.<\/p>\n<h2>Entenda a taxa\u00e7\u00e3o<\/h2>\n<p>Pela legisla\u00e7\u00e3o atual, produtos importados abaixo de US$ 50 (cerca de R$ 255) s\u00e3o isentos de imposto de importa\u00e7\u00e3o. O relator do projeto na C\u00e2mara, deputado \u00c1tila Lira (PP-PI), incluiu a taxa\u00e7\u00e3o de 20% de imposto sobre essas compras internacionais.<\/p>\n<p>Compras dentro desse limite s\u00e3o muito comuns em sites de varejistas estrangeiros, notadamente do Sudeste Asi\u00e1tico, como Shopee, AliExpress e Shein. Os varejistas brasileiros pedem a taxa\u00e7\u00e3o dessas compras, afirmando que, sem o tributo, a concorr\u00eancia fica desleal.<\/p>\n<p>De US$ 50 at\u00e9 US$ 3 mil, o projeto que veio da C\u00e2mara previa que o imposto de importa\u00e7\u00e3o seria de 60%, com desconto de US$ 20 do tributo a pagar.<\/p>\n<h2>Projeto Mover<\/h2>\n<p>A taxa\u00e7\u00e3o dessas importa\u00e7\u00f5es foi inclu\u00edda no projeto de lei do Mover, que prev\u00ea incentivos de R$ 19,3 bilh\u00f5es em cinco anos e redu\u00e7\u00e3o do Imposto Sobre Produtos Industrializados (IPI) para estimular a fabrica\u00e7\u00e3o de carros e outros ve\u00edculos menos poluentes.\u00a0\u00a0<\/p>\n<\/p><\/div>\n<p><br \/>\n<br \/><a href=\"https:\/\/agenciabrasil.ebc.com.br\/economia\/noticia\/2024-06\/votacao-sobre-taxacao-de-compras-internacionais-e-adiada-no-senado\" rel=\"noopener\">Ag\u00eancia Brasil<\/a><\/p>\n","protected":false},"excerpt":{"rendered":"<p>O Senado Federal adiou nesta ter\u00e7a-feira (4) a vota\u00e7\u00e3o do projeto que cria o Programa Mobilidade Verde e Inova\u00e7\u00e3o (Mover), que promove tecnologias para produ\u00e7\u00e3o de ve\u00edculos que emitem menos gases de efeito estufa. A medida, j\u00e1 aprovada pela C\u00e2mara dos Deputados na semana passada, trazia uma emenda que prev\u00ea uma taxa\u00e7\u00e3o de 20% nas [&hellip;]<\/p>\n","protected":false},"author":1,"featured_media":7204,"comment_status":"open","ping_status":"open","sticky":false,"template":"","format":"standard","meta":{"_jetpack_newsletter_access":"","_jetpack_dont_email_post_to_subs":false,"_jetpack_newsletter_tier_id":0,"_jetpack_memberships_contains_paywalled_content":false,"_mbp_banners":[],"_jetpack_feature_clip_id":0,"_jetpack_memberships_contains_paid_content":false,"footnotes":"","jetpack_publicize_message":"","jetpack_publicize_feature_enabled":true,"jetpack_social_post_already_shared":true,"jetpack_social_options":{"image_generator_settings":{"template":"highway","default_image_id":0,"font":"","enabled":false},"version":2},"jetpack_post_was_ever_published":false},"categories":[24],"tags":[],"class_list":["post-7500","post","type-post","status-publish","format-standard","has-post-thumbnail","category-economia"],"jetpack_publicize_connections":[],"jetpack-related-posts":[],"jetpack_shortlink":"https:\/\/wp.me\/p7Eq1F-1WY","jetpack_sharing_enabled":true,"jetpack_featured_media_url":"https:\/\/i0.wp.com\/guialimeira.com.br\/news\/wp-content\/uploads\/2024\/06\/ja_2712.jpg?fit=1600%2C800&ssl=1","_links":{"self":[{"href":"https:\/\/guialimeira.com.br\/news\/wp-json\/wp\/v2\/posts\/7500","targetHints":{"allow":["GET"]}}],"collection":[{"href":"https:\/\/guialimeira.com.br\/news\/wp-json\/wp\/v2\/posts"}],"about":[{"href":"https:\/\/guialimeira.com.br\/news\/wp-json\/wp\/v2\/types\/post"}],"author":[{"embeddable":true,"href":"https:\/\/guialimeira.com.br\/news\/wp-json\/wp\/v2\/users\/1"}],"replies":[{"embeddable":true,"href":"https:\/\/guialimeira.com.br\/news\/wp-json\/wp\/v2\/comments?post=7500"}],"version-history":[{"count":0,"href":"https:\/\/guialimeira.com.br\/news\/wp-json\/wp\/v2\/posts\/7500\/revisions"}],"wp:featuredmedia":[{"embeddable":true,"href":"https:\/\/guialimeira.com.br\/news\/wp-json\/wp\/v2\/media\/7204"}],"wp:attachment":[{"href":"https:\/\/guialimeira.com.br\/news\/wp-json\/wp\/v2\/media?parent=7500"}],"wp:term":[{"taxonomy":"category","embeddable":true,"href":"https:\/\/guialimeira.com.br\/news\/wp-json\/wp\/v2\/categories?post=7500"},{"taxonomy":"post_tag","embeddable":true,"href":"https:\/\/guialimeira.com.br\/news\/wp-json\/wp\/v2\/tags?post=7500"}],"curies":[{"name":"wp","href":"https:\/\/api.w.org\/{rel}","templated":true}]}}