{"id":74998,"date":"2026-08-20T17:35:14","date_gmt":"2026-08-20T20:35:14","guid":{"rendered":"https:\/\/guialimeira.com.br\/problemas-com-a-troca-de-lampadas-queimadas-na-cidade-volta-a-pauta-da-comissao-de-obras\/"},"modified":"2026-08-20T17:35:14","modified_gmt":"2026-08-20T20:35:14","slug":"problemas-com-a-troca-de-lampadas-queimadas-na-cidade-volta-a-pauta-da-comissao-de-obras","status":"publish","type":"post","link":"https:\/\/guialimeira.com.br\/news\/problemas-com-a-troca-de-lampadas-queimadas-na-cidade-volta-a-pauta-da-comissao-de-obras\/","title":{"rendered":"Problemas com a troca de l\u00e2mpadas queimadas na cidade volta \u00e0 pauta da Comiss\u00e3o de Obras"},"content":{"rendered":"<p>Problemas com a troca de l\u00e2mpadas queimadas na cidade volta \u00e0 pauta da Comiss\u00e3o de Obras<\/p>\n<p>O aumento da demanda pela substitui\u00e7\u00e3o de l\u00e2mpadas queimadas nos postes de ilumina\u00e7\u00e3o p\u00fablica da cidade voltou \u00e0 pauta da Comiss\u00e3o de Obras da C\u00e2mara na reuni\u00e3o desta quinta-feira, 20 de agosto. Conforme os vereadores, a presta\u00e7\u00e3o do servi\u00e7o piorou ap\u00f3s a substitui\u00e7\u00e3o da empresa respons\u00e1vel.<\/p>\n<p>Eles citaram que o prefeito Murilo F\u00e9lix (Podemos) informou anteriormente que a troca da empresa traria mais efici\u00eancia para o servi\u00e7o, no entanto, afirmam que isso n\u00e3o aconteceu.<\/p>\n<p>Como exemplo, um protocolo real foi realizado durante a reuni\u00e3o para tratar de uma l\u00e2mpada queimada, ap\u00f3s a conclus\u00e3o do pedido, o sistema da Prefeitura gerou o prazo de 30 dias para a conclus\u00e3o do servi\u00e7o. No entanto, a legisla\u00e7\u00e3o municipal (Lei Ordin\u00e1ria N\u00ba 6984\/2024) determina que l\u00e2mpadas queimadas ou quebradas devem ser substitu\u00eddas em at\u00e9 48h. Uma pesquisa para buscar protocolos antigos identificou pedidos abertos h\u00e1 128 dias que ainda n\u00e3o foram solucionados.<\/p>\n<p>Al\u00e9m de haver queixas sobre a demora na substitui\u00e7\u00e3o, h\u00e1 reclama\u00e7\u00f5es quanto \u00e0 qualidade das l\u00e2mpadas, que segundo os mun\u00edcipes s\u00e3o de qualidade inferior e oferecem baixa luminosidade. Os parlamentares disseram tamb\u00e9m que h\u00e1 mun\u00edcipes contestando alguns protocolos encerrados como executados, quando na verdade as l\u00e2mpadas a que se referem n\u00e3o foram substitu\u00eddas.<\/p>\n<p>Para os membros da Comiss\u00e3o, a falta de ilumina\u00e7\u00e3o p\u00fablica adequada gera\u00a0 sensa\u00e7\u00e3o de inseguran\u00e7a e preocupa a popula\u00e7\u00e3o. Em busca de solu\u00e7\u00e3o para o problema, o colegiado expediu of\u00edcio \u00e0 Prefeitura questionando qual empresa assumiu o servi\u00e7o, se o prazo de 48h para as substitui\u00e7\u00f5es est\u00e1 sendo cumprido, a quantidade de l\u00e2mpadas queimadas no Munic\u00edpio atualmente e qual a capacidade de troca da atual empresa.<\/p>\n<p>Pedem ainda c\u00f3pia do contrato com a nova empresa e com a anterior. Al\u00e9m disso, a Comiss\u00e3o agendou uma oitiva com o secret\u00e1rio de Obras e Servi\u00e7os P\u00fablicos e com os representantes da empresa respons\u00e1vel pelo contrato para o dia 3 de setembro, \u00e0s 14h, no Plen\u00e1rio Vereador Vit\u00f3rio Bortolan, com transmiss\u00e3o ao vivo pelos canais de comunica\u00e7\u00e3o da C\u00e2mara no YouTube, Facebook e site.<\/p>\n<p>Substitui\u00e7\u00e3o do parque de ilumina\u00e7\u00e3o da cidade<\/p>\n<p>Os parlamentares questionaram tamb\u00e9m como est\u00e1 o andamento do processo licitat\u00f3rio para a substitui\u00e7\u00e3o do parque de ilumina\u00e7\u00e3o p\u00fablica da cidade por l\u00e2mpadas de LED, iniciada no Governo anterior e paralisada devido a problemas com a empresa contratada na \u00e9poca.<\/p>\n<p>A Comiss\u00e3o<\/p>\n<p>A Comiss\u00e3o de Obras e Planejamento Urbano \u00e9 respons\u00e1vel por temas como servi\u00e7os p\u00fablicos, uso, ocupa\u00e7\u00e3o e parcelamento do solo, e \u00e9 formada pelos vereadores Helder do T\u00e1xi (PSD), presidente; M\u00e1rcio do Estacionamento (DC), vice-presidente; e Jo\u00e3o Antunes Bano (Solidariedade), secret\u00e1rio. Eles se re\u00fanem ordinariamente \u00e0s quintas-feiras, a partir das 13h30. As delibera\u00e7\u00f5es foram registradas em ata.<\/p>\n<hr>\n<p><em>Fonte: <a href=\"https:\/\/www.limeira.sp.leg.br\/noticias\/view\/2026-08-20_problemas-com-a-troca-de-lampadas-queimadas-na-cidade-volta-a-pauta-da-comissao-de-obras\" target=\"_blank\" rel=\"noopener\">C\u00e2mara Municipal de Limeira<\/a><\/em><\/p>\n","protected":false},"excerpt":{"rendered":"<p>Problemas com a troca de l\u00e2mpadas queimadas na cidade volta \u00e0 pauta da Comiss\u00e3o de Obras<\/p>\n<p>O aumento da demanda pela substitui\u00e7\u00e3o de l\u00e2mpadas queimadas nos postes de ilumina\u00e7\u00e3o p\u00fablica da cidade voltou \u00e0 pauta da Comiss\u00e3o de Obras da C\u00e2mara na reuni\u00e3o desta quinta-feira, 20 de agosto. Conforme os ver<\/p>\n","protected":false},"author":4,"featured_media":74997,"comment_status":"","ping_status":"open","sticky":false,"template":"","format":"standard","meta":{"_jetpack_newsletter_access":"","_jetpack_dont_email_post_to_subs":false,"_jetpack_newsletter_tier_id":0,"_jetpack_memberships_contains_paywalled_content":false,"_mbp_banners":[],"_jetpack_feature_clip_id":0,"_jetpack_memberships_contains_paid_content":false,"footnotes":"","jetpack_publicize_message":"","jetpack_publicize_feature_enabled":true,"jetpack_social_post_already_shared":true,"jetpack_social_options":{"image_generator_settings":{"template":"highway","default_image_id":0,"font":"","enabled":false},"version":2},"jetpack_post_was_ever_published":false},"categories":[19],"tags":[],"class_list":["post-74998","post","type-post","status-publish","format-standard","has-post-thumbnail","category-politica"],"jetpack_publicize_connections":[],"jetpack-related-posts":[],"jetpack_shortlink":"https:\/\/wp.me\/p7Eq1F-jvE","jetpack_sharing_enabled":true,"jetpack_featured_media_url":"https:\/\/i0.wp.com\/guialimeira.com.br\/news\/wp-content\/uploads\/2026\/08\/noticia-camara-40.jpg?fit=1280%2C640&ssl=1","_links":{"self":[{"href":"https:\/\/guialimeira.com.br\/news\/wp-json\/wp\/v2\/posts\/74998","targetHints":{"allow":["GET"]}}],"collection":[{"href":"https:\/\/guialimeira.com.br\/news\/wp-json\/wp\/v2\/posts"}],"about":[{"href":"https:\/\/guialimeira.com.br\/news\/wp-json\/wp\/v2\/types\/post"}],"author":[{"embeddable":true,"href":"https:\/\/guialimeira.com.br\/news\/wp-json\/wp\/v2\/users\/4"}],"replies":[{"embeddable":true,"href":"https:\/\/guialimeira.com.br\/news\/wp-json\/wp\/v2\/comments?post=74998"}],"version-history":[{"count":0,"href":"https:\/\/guialimeira.com.br\/news\/wp-json\/wp\/v2\/posts\/74998\/revisions"}],"wp:featuredmedia":[{"embeddable":true,"href":"https:\/\/guialimeira.com.br\/news\/wp-json\/wp\/v2\/media\/74997"}],"wp:attachment":[{"href":"https:\/\/guialimeira.com.br\/news\/wp-json\/wp\/v2\/media?parent=74998"}],"wp:term":[{"taxonomy":"category","embeddable":true,"href":"https:\/\/guialimeira.com.br\/news\/wp-json\/wp\/v2\/categories?post=74998"},{"taxonomy":"post_tag","embeddable":true,"href":"https:\/\/guialimeira.com.br\/news\/wp-json\/wp\/v2\/tags?post=74998"}],"curies":[{"name":"wp","href":"https:\/\/api.w.org\/{rel}","templated":true}]}}