{"id":74990,"date":"2026-08-20T16:36:50","date_gmt":"2026-08-20T19:36:50","guid":{"rendered":"https:\/\/guialimeira.com.br\/?p=74990"},"modified":"2026-08-20T16:36:50","modified_gmt":"2026-08-20T19:36:50","slug":"credito-para-carros-de-aplicativo-tem-teto-elevado-para-r-200-mil","status":"publish","type":"post","link":"https:\/\/guialimeira.com.br\/news\/credito-para-carros-de-aplicativo-tem-teto-elevado-para-r-200-mil\/","title":{"rendered":"Cr\u00e9dito para carros de aplicativo tem teto elevado para R$ 200 mil"},"content":{"rendered":"<p> <br \/>\n<\/p>\n<div>\n<p><strong>O Programa Move Brasil, T\u00e1xi e Aplicativos ampliou o limite de financiamento para ve\u00edculos novos e passou a incluir novas configura\u00e7\u00f5es de carros h\u00edbridos entre os modelos eleg\u00edveis. <\/strong><img data-recalc-dims=\"1\" decoding=\"async\" src=\"https:\/\/i0.wp.com\/agenciabrasil.ebc.com.br\/ebc.png?w=696&#038;ssl=1\" style=\"width:1px;height:1px;display:inline\" \/><img data-recalc-dims=\"1\" decoding=\"async\" src=\"https:\/\/i0.wp.com\/agenciabrasil.ebc.com.br\/ebc.gif?w=696&#038;ssl=1\" style=\"width:1px;height:1px;display:inline\" \/><\/p>\n<p>A mudan\u00e7a foi oficializada com a publica\u00e7\u00e3o de uma portaria conjunta dos Minist\u00e9rios do Desenvolvimento, Ind\u00fastria, Com\u00e9rcio e Servi\u00e7os (MDIC) e da Fazenda em edi\u00e7\u00e3o extraordin\u00e1ria do <a href=\"https:\/\/www.in.gov.br\/web\/dou\/-\/portaria-interministerial-mdic\/mf-n-188-de-18-de-agosto-de-2026-726439987\" target=\"_blank\" rel=\"noopener\">Di\u00e1rio Oficial da Uni\u00e3o<\/a> (DOU).<\/p>\n<p><strong>O teto do valor do ve\u00edculo, que era de R$ 150 mil, passou para R$ 200 mil, considerando o valor registrado na nota fiscal.<\/strong> A medida amplia o n\u00famero de modelos que podem ser financiados por motoristas de aplicativo e taxistas cadastrados no programa.<\/p>\n<h2>Novo limite<\/h2>\n<p>Com a eleva\u00e7\u00e3o do teto, o governo estima que o crit\u00e9rio econ\u00f4mico do programa passe a alcan\u00e7ar cerca de 88% do mercado brasileiro de ve\u00edculos, ante aproximadamente 63% anteriormente.<\/p>\n<p>A estimativa considera dados de emplacamentos da Federa\u00e7\u00e3o Nacional da Distribui\u00e7\u00e3o de Ve\u00edculos Automotores (Fenabrave) de 2025.<\/p>\n<p><strong>Na pr\u00e1tica, a mudan\u00e7a aumenta a variedade de ve\u00edculos dispon\u00edveis aos benefici\u00e1rios, incluindo modelos de categorias superiores de conforto.<\/strong><\/p>\n<h2>Mais h\u00edbridos<\/h2>\n<p>A nova portaria tamb\u00e9m ampliou a lista de ve\u00edculos h\u00edbridos que podem participar do programa.<\/p>\n<p><strong>Agora, s\u00e3o contemplados modelos que combinam motor el\u00e9trico com motor a combust\u00e3o movido a \u00e1lcool, gasolina e h\u00edbrido de \u00e1lcool e gasolina.<\/strong><\/p>\n<p>A medida mant\u00e9m os crit\u00e9rios de sustentabilidade e efici\u00eancia energ\u00e9tica estabelecidos pelo programa.<\/p>\n<p>Dados do Programa Brasileiro de Etiquetagem Veicular (PBEV) de 2026 indicam que ve\u00edculos h\u00edbridos podem apresentar redu\u00e7\u00e3o m\u00e9dia pr\u00f3xima de 24% no consumo energ\u00e9tico em compara\u00e7\u00e3o com vers\u00f5es convencionais equivalentes.<\/p>\n<h2>Cr\u00e9dito de R$ 30 bilh\u00f5es<\/h2>\n<p>Em vigor desde 27 de julho, o Move Brasil prev\u00ea at\u00e9 R$ 30 bilh\u00f5es em cr\u00e9dito para a aquisi\u00e7\u00e3o de ve\u00edculos novos por motoristas de aplicativo e taxistas.<\/p>\n<p>A amplia\u00e7\u00e3o do programa ocorre enquanto o governo avalia mudan\u00e7as para aumentar a participa\u00e7\u00e3o dos bancos privados nas opera\u00e7\u00f5es de financiamento.<\/p>\n<p>Na noite de quarta-feira (19), o ministro da Fazenda, Dario Durigan, disse que a equipe econ\u00f4mica <a href=\"https:\/\/agenciabrasil.ebc.com.br\/economia\/noticia\/2026-08\/fazenda-analisa-mudancas-em-credito-motoristas-de-aplicativos\" target=\"_blank\" rel=\"noopener\">estudava mudan\u00e7as no programa<\/a>. Segundo ele, Banco do Brasil e Caixa Econ\u00f4mica Federal t\u00eam demonstrado maior disposi\u00e7\u00e3o para conceder os financiamentos, mas as institui\u00e7\u00f5es privadas apresentam menor participa\u00e7\u00e3o.<\/p>\n<h2>Baixa ades\u00e3o<\/h2>\n<p><strong>Segundo Durigan, a ades\u00e3o ao programa est\u00e1 abaixo da expectativa inicial do governo, embora o volume de opera\u00e7\u00f5es j\u00e1 seja considerado relevante. Ele afirmou que o governo pretende avaliar formas de ampliar o interesse das institui\u00e7\u00f5es privadas e aumentar o n\u00famero de financiamentos.<\/strong><\/p>\n<p>\u201cO que a gente tem visto \u00e9 uma participa\u00e7\u00e3o maior dos bancos p\u00fablicos, do Banco do Brasil e da Caixa, com menos apetite por parte dos bancos privados. N\u00f3s estamos sempre em contato para entender por que, mesmo com a garantia do governo, n\u00e3o tem tido a ades\u00e3o que a gente inicialmente esperava\u201d, disse o ministro na noite de quarta-feira (19), ap\u00f3s reuni\u00e3o com o presidente Luiz In\u00e1cio Lula da Silva.<\/p>\n<p>Com o novo teto de R$ 200 mil e a amplia\u00e7\u00e3o das categorias de h\u00edbridos, o governo busca aumentar as op\u00e7\u00f5es dispon\u00edveis aos motoristas e, paralelamente, trabalha em ajustes para elevar a participa\u00e7\u00e3o das institui\u00e7\u00f5es privadas no programa.<\/p>\n<p>      <!-- Relacionada --><\/p>\n<p>            <!-- Relacionada -->\n    <\/div>\n<p><br \/>\n<br \/><a href=\"https:\/\/agenciabrasil.ebc.com.br\/economia\/noticia\/2026-08\/credito-para-carros-de-aplicativo-tem-teto-elevado-para-r-200-mil\" rel=\"noopener\">Informa\u00e7\u00f5es com a Ag\u00eancia Brasil<\/a><\/p>\n","protected":false},"excerpt":{"rendered":"<p>O Programa Move Brasil, T\u00e1xi e Aplicativos ampliou o limite de financiamento para ve\u00edculos novos e passou a incluir novas configura\u00e7\u00f5es de carros h\u00edbridos entre os modelos eleg\u00edveis. A mudan\u00e7a foi oficializada com a publica\u00e7\u00e3o de uma portaria conjunta dos Minist\u00e9rios do Desenvolvimento, Ind\u00fastria, Com\u00e9rcio e Servi\u00e7os (MDIC) e da Fazenda em edi\u00e7\u00e3o extraordin\u00e1ria do [&hellip;]<\/p>\n","protected":false},"author":1,"featured_media":74991,"comment_status":"closed","ping_status":"open","sticky":false,"template":"","format":"standard","meta":{"_jetpack_newsletter_access":"","_jetpack_dont_email_post_to_subs":false,"_jetpack_newsletter_tier_id":0,"_jetpack_memberships_contains_paywalled_content":false,"_mbp_banners":[],"_jetpack_feature_clip_id":0,"_jetpack_memberships_contains_paid_content":false,"footnotes":"","jetpack_publicize_message":"","jetpack_publicize_feature_enabled":true,"jetpack_social_post_already_shared":true,"jetpack_social_options":{"image_generator_settings":{"template":"highway","default_image_id":0,"font":"","enabled":false},"version":2},"jetpack_post_was_ever_published":false},"categories":[22],"tags":[],"class_list":["post-74990","post","type-post","status-publish","format-standard","has-post-thumbnail","category-nacional"],"jetpack_publicize_connections":[],"jetpack-related-posts":[],"jetpack_shortlink":"https:\/\/wp.me\/p7Eq1F-jvw","jetpack_sharing_enabled":true,"jetpack_featured_media_url":"https:\/\/i0.wp.com\/guialimeira.com.br\/news\/wp-content\/uploads\/2026\/08\/984485-taxistas20uber-9500.jpg?fit=1600%2C800&ssl=1","_links":{"self":[{"href":"https:\/\/guialimeira.com.br\/news\/wp-json\/wp\/v2\/posts\/74990","targetHints":{"allow":["GET"]}}],"collection":[{"href":"https:\/\/guialimeira.com.br\/news\/wp-json\/wp\/v2\/posts"}],"about":[{"href":"https:\/\/guialimeira.com.br\/news\/wp-json\/wp\/v2\/types\/post"}],"author":[{"embeddable":true,"href":"https:\/\/guialimeira.com.br\/news\/wp-json\/wp\/v2\/users\/1"}],"replies":[{"embeddable":true,"href":"https:\/\/guialimeira.com.br\/news\/wp-json\/wp\/v2\/comments?post=74990"}],"version-history":[{"count":1,"href":"https:\/\/guialimeira.com.br\/news\/wp-json\/wp\/v2\/posts\/74990\/revisions"}],"predecessor-version":[{"id":74992,"href":"https:\/\/guialimeira.com.br\/news\/wp-json\/wp\/v2\/posts\/74990\/revisions\/74992"}],"wp:featuredmedia":[{"embeddable":true,"href":"https:\/\/guialimeira.com.br\/news\/wp-json\/wp\/v2\/media\/74991"}],"wp:attachment":[{"href":"https:\/\/guialimeira.com.br\/news\/wp-json\/wp\/v2\/media?parent=74990"}],"wp:term":[{"taxonomy":"category","embeddable":true,"href":"https:\/\/guialimeira.com.br\/news\/wp-json\/wp\/v2\/categories?post=74990"},{"taxonomy":"post_tag","embeddable":true,"href":"https:\/\/guialimeira.com.br\/news\/wp-json\/wp\/v2\/tags?post=74990"}],"curies":[{"name":"wp","href":"https:\/\/api.w.org\/{rel}","templated":true}]}}