{"id":74967,"date":"2026-08-20T11:29:46","date_gmt":"2026-08-20T14:29:46","guid":{"rendered":"https:\/\/guialimeira.com.br\/?p=74967"},"modified":"2026-08-20T11:29:46","modified_gmt":"2026-08-20T14:29:46","slug":"safra-de-cana-de-acucar-deve-crescer-47-em-relacao-ao-ano-de-2025","status":"publish","type":"post","link":"https:\/\/guialimeira.com.br\/news\/safra-de-cana-de-acucar-deve-crescer-47-em-relacao-ao-ano-de-2025\/","title":{"rendered":"Safra de cana-de-a\u00e7\u00facar deve crescer 4,7% em rela\u00e7\u00e3o ao ano de 2025"},"content":{"rendered":"<p> <br \/>\n<\/p>\n<div>\n<p>A Companhia Nacional de Abastecimento (Conab) divulgou nesta quinta-feira (20), o 2\u00ba Levantamento da Safra de Cana-de-a\u00e7\u00facar 2026\/2027. <strong>A estimativa indica uma produ\u00e7\u00e3o de 705,2 milh\u00f5es de toneladas e um crescimento de 4,7% em rela\u00e7\u00e3o \u00e0 safra anterior.<\/strong><img data-recalc-dims=\"1\" decoding=\"async\" src=\"https:\/\/i0.wp.com\/agenciabrasil.ebc.com.br\/ebc.png?w=696&#038;ssl=1\" style=\"width:1px;height:1px;display:inline\" \/><img data-recalc-dims=\"1\" decoding=\"async\" src=\"https:\/\/i0.wp.com\/agenciabrasil.ebc.com.br\/ebc.gif?w=696&#038;ssl=1\" style=\"width:1px;height:1px;display:inline\" \/><\/p>\n<p>Nesta temporada devem ser colhidos 9,1 milh\u00f5es de hectares, com uma produtividade m\u00e9dia de 77,9 quilos de cana-de-a\u00e7\u00facar por hectare, o que significa um crescimento de 1,1% sobre a \u00e1rea colhida na safra 2025\/26 e um aumento de 3,6% na produtividade.<\/p>\n<p>De acordo com a Conab essa proje\u00e7\u00e3o se deve ao conjunto de condi\u00e7\u00f5es clim\u00e1ticas favor\u00e1veis somadas \u00e0 expectativa de aumento da \u00e1rea colhida.<\/p>\n<blockquote>\n<p>\u201cDiferente da safra anterior, os \u00edndices pluviom\u00e9tricos dessa safra estiveram mais pr\u00f3ximos do normal\u201d, destaca Fabiano Vasconcellos, gerente de Acompanhamento de Safras da Conab.<\/p>\n<\/blockquote>\n<p><strong>Da produ\u00e7\u00e3o total, 451,4 milh\u00f5es de toneladas ser\u00e3o colhidas na Regi\u00e3o Sudeste, o Centro-Oeste deve colher 157 milh\u00f5es de toneladas e o Nordeste brasileiro entregar\u00e1 55,5 milh\u00f5es de toneladas. Na Regi\u00e3o Sul, a safra prevista \u00e9 37,3 milh\u00f5es de toneladas, e h\u00e1 outras 4,1 milh\u00f5es de toneladas em produ\u00e7\u00e3o na Regi\u00e3o Norte do pa\u00eds. \u00a0<\/strong><\/p>\n<p>A Companhia estima que essa safra deve destinar menos mat\u00e9ria prima para produ\u00e7\u00e3o de a\u00e7\u00facar, com uma redu\u00e7\u00e3o de 2,9% na produ\u00e7\u00e3o estimada de 42,89 milh\u00f5es de toneladas. <strong>\u201cAinda assim, isso mant\u00e9m o Brasil na sua posi\u00e7\u00e3o de relev\u00e2ncia na produ\u00e7\u00e3o de a\u00e7\u00facar, destaca Fabiano Vasconcellos.<\/strong><\/p>\n<h2>Etanol<\/h2>\n<p>J\u00e1 a produ\u00e7\u00e3o de etanol deve bater recorde nesta safra com 41,88 bilh\u00f5es de litros produzidos, dos quais 29,98 bilh\u00f5es de litros produzidos de cana-de-a\u00e7\u00facar, representando um aumento de 9,7%. A estimativa de produ\u00e7\u00e3o de etanol de milho deve continuar crescendo, com estimativa de produ\u00e7\u00e3o de 4,86 bilh\u00f5es de litros, com crescimento de 22,4%.<\/p>\n<p>O total da produ\u00e7\u00e3o deve resultar em 15,24 bilh\u00f5es de litros de etanol anidro e 26,64 bilh\u00f5es de litros de etanol hidratado.<\/p>\n<p>\u00a0<\/p>\n<p>      <!-- Relacionada --><\/p>\n<p>            <!-- Relacionada -->\n    <\/div>\n<p><br \/>\n<br \/><a href=\"https:\/\/agenciabrasil.ebc.com.br\/economia\/noticia\/2026-08\/safra-de-cana-de-acucar-deve-crescer-47-em-relacao-ao-ano-de-2025\" rel=\"noopener\">Informa\u00e7\u00f5es com a Ag\u00eancia Brasil<\/a><\/p>\n","protected":false},"excerpt":{"rendered":"<p>A Companhia Nacional de Abastecimento (Conab) divulgou nesta quinta-feira (20), o 2\u00ba Levantamento da Safra de Cana-de-a\u00e7\u00facar 2026\/2027. A estimativa indica uma produ\u00e7\u00e3o de 705,2 milh\u00f5es de toneladas e um crescimento de 4,7% em rela\u00e7\u00e3o \u00e0 safra anterior. Nesta temporada devem ser colhidos 9,1 milh\u00f5es de hectares, com uma produtividade m\u00e9dia de 77,9 quilos de [&hellip;]<\/p>\n","protected":false},"author":1,"featured_media":74968,"comment_status":"closed","ping_status":"open","sticky":false,"template":"","format":"standard","meta":{"_jetpack_newsletter_access":"","_jetpack_dont_email_post_to_subs":false,"_jetpack_newsletter_tier_id":0,"_jetpack_memberships_contains_paywalled_content":false,"_mbp_banners":[],"_jetpack_feature_clip_id":0,"_jetpack_memberships_contains_paid_content":false,"footnotes":"","jetpack_publicize_message":"","jetpack_publicize_feature_enabled":true,"jetpack_social_post_already_shared":true,"jetpack_social_options":{"image_generator_settings":{"template":"highway","default_image_id":0,"font":"","enabled":false},"version":2},"jetpack_post_was_ever_published":false},"categories":[22],"tags":[],"class_list":["post-74967","post","type-post","status-publish","format-standard","has-post-thumbnail","category-nacional"],"jetpack_publicize_connections":[],"jetpack-related-posts":[],"jetpack_shortlink":"https:\/\/wp.me\/p7Eq1F-jv9","jetpack_sharing_enabled":true,"jetpack_featured_media_url":"https:\/\/i0.wp.com\/guialimeira.com.br\/news\/wp-content\/uploads\/2026\/08\/cana-de-acucar.jpeg?fit=1600%2C800&ssl=1","_links":{"self":[{"href":"https:\/\/guialimeira.com.br\/news\/wp-json\/wp\/v2\/posts\/74967","targetHints":{"allow":["GET"]}}],"collection":[{"href":"https:\/\/guialimeira.com.br\/news\/wp-json\/wp\/v2\/posts"}],"about":[{"href":"https:\/\/guialimeira.com.br\/news\/wp-json\/wp\/v2\/types\/post"}],"author":[{"embeddable":true,"href":"https:\/\/guialimeira.com.br\/news\/wp-json\/wp\/v2\/users\/1"}],"replies":[{"embeddable":true,"href":"https:\/\/guialimeira.com.br\/news\/wp-json\/wp\/v2\/comments?post=74967"}],"version-history":[{"count":1,"href":"https:\/\/guialimeira.com.br\/news\/wp-json\/wp\/v2\/posts\/74967\/revisions"}],"predecessor-version":[{"id":74969,"href":"https:\/\/guialimeira.com.br\/news\/wp-json\/wp\/v2\/posts\/74967\/revisions\/74969"}],"wp:featuredmedia":[{"embeddable":true,"href":"https:\/\/guialimeira.com.br\/news\/wp-json\/wp\/v2\/media\/74968"}],"wp:attachment":[{"href":"https:\/\/guialimeira.com.br\/news\/wp-json\/wp\/v2\/media?parent=74967"}],"wp:term":[{"taxonomy":"category","embeddable":true,"href":"https:\/\/guialimeira.com.br\/news\/wp-json\/wp\/v2\/categories?post=74967"},{"taxonomy":"post_tag","embeddable":true,"href":"https:\/\/guialimeira.com.br\/news\/wp-json\/wp\/v2\/tags?post=74967"}],"curies":[{"name":"wp","href":"https:\/\/api.w.org\/{rel}","templated":true}]}}