{"id":74964,"date":"2026-08-20T10:29:01","date_gmt":"2026-08-20T13:29:01","guid":{"rendered":"https:\/\/guialimeira.com.br\/?p=74964"},"modified":"2026-08-20T10:29:01","modified_gmt":"2026-08-20T13:29:01","slug":"confira-a-agenda-dos-candidatos-a-presidencia-nesta-quinta-feira","status":"publish","type":"post","link":"https:\/\/guialimeira.com.br\/news\/confira-a-agenda-dos-candidatos-a-presidencia-nesta-quinta-feira\/","title":{"rendered":"Confira a agenda dos candidatos \u00e0 Presid\u00eancia nesta quinta-feira"},"content":{"rendered":"<p> <br \/>\n<\/p>\n<div>\n<p>A agenda dos candidatos \u00e0 Presid\u00eancia da Rep\u00fablica nesta quinta-feira (20) inclui grava\u00e7\u00f5es de conte\u00fados de campanha, entrevistas \u00e0 imprensa, reuni\u00f5es com equipes\u00a0e apoiadores, al\u00e9m de caminhadas e atos de campanha em diferentes cidades. Tamb\u00e9m est\u00e3o previstas participa\u00e7\u00e3o em sabatina jornal\u00edstica, lan\u00e7amento de livro e plen\u00e1ria de mulheres.<img data-recalc-dims=\"1\" decoding=\"async\" src=\"https:\/\/i0.wp.com\/agenciabrasil.ebc.com.br\/ebc.png?w=696&#038;ssl=1\" style=\"width:1px;height:1px;display:inline\" \/><img data-recalc-dims=\"1\" decoding=\"async\" src=\"https:\/\/i0.wp.com\/agenciabrasil.ebc.com.br\/ebc.gif?w=696&#038;ssl=1\" style=\"width:1px;height:1px;display:inline\" \/><\/p>\n<p>Os presidenci\u00e1veis ainda devem participar de encontros com representantes de entidades sindicais, empreendedores e lojistas, com\u00edcios e atos pol\u00edticos, al\u00e9m de atividades de campanha em S\u00e3o Paulo (SP), Rio de Janeiro (RJ), Macei\u00f3 (AL), Natal (RN) e S\u00e3o Jo\u00e3o del-Rei (MG).\u00a0<\/p>\n<p><strong>Confira a agenda dos presidenci\u00e1veis nesta quinta-feira (20):<\/strong><\/p>\n<p><strong>Augusto Cury (Avante)<\/strong><br \/>Passa o dia em S\u00e3o Paulo (SP), onde realiza reuni\u00f5es internas com a equipe e grava conte\u00fados de campanha.\u00a0\u00a0<\/p>\n<p><strong>Clariana Bar\u00e3o (DC)<\/strong><br \/>Concede entrevistas para a TV Cidade Verde Cuiab\u00e1 &#8211; Canal 12 e para a TV Mato Grosso.<\/p>\n<p><strong>Edmilson Costa (PCB)<\/strong><br \/>Participa do lan\u00e7amento do livro <em>Fidel Agora e Sempre,<\/em>\u00a0na Livraria Express\u00e3o Popular, em S\u00e3o Paulo.\u00a0<\/p>\n<p><strong>Fl\u00e1vio Bolsonaro (PL)<\/strong><br \/>Participa de agendas em S\u00e3o Paulo com o prefeito Ricardo Nunes (MDB). Pela manh\u00e3, visita o Armaz\u00e9m Solid\u00e1rio, o Mercado Municipal de S\u00e3o Miguel Paulista e o Clube da Comunidade Waldemar Moreno. \u00c0 noite, realiza\u00a0<em>live <\/em>com transmiss\u00e3o pelo canal oficial.\u00a0<\/p>\n<p><strong>Hertz Dias (PSTU)<\/strong><br \/>Passa o dia em S\u00e3o Jo\u00e3o del-Rei (MG), onde participa de entrevistas na imprensa local, de reuni\u00e3o com representantes de entidades sindicais e de reuni\u00e3o com apoiadores no Sindicato dos Metal\u00fargicos da cidade\u00a0e regi\u00e3o.\u00a0\u00a0<\/p>\n<p><strong>Luiz In\u00e1cio Lula da Silva (PT)<\/strong><br \/>Participa de ato de campanha em Natal (RN), \u00e0s 17h, no estacionamento da Arena das Dunas, bairro Lagoa Nova.\u00a0<\/p>\n<p><strong>Pablo Mar\u00e7al (PRTB)<\/strong><br \/>Concede entrevistas para TV Atalaia, Metrop News, TV Band (GO), Chupim Metropolitana FM e Podcast Irm\u00e3os Dias.<\/p>\n<p><strong>Renan Santos (Miss\u00e3o)<\/strong><br \/>Participa de ato no Canal da favela do Munda\u00fa, em Macei\u00f3 (AL). \u00c0 noite, concede coletiva de imprensa e participa de com\u00edcio no Macei\u00f3 Mar Hotel.\u00a0<\/p>\n<p><strong>Ronaldo Caiado (PSD)<\/strong><br \/>Pela manh\u00e3, participa de encontro com empreendedores e lojistas da regi\u00e3o do Br\u00e1s, em S\u00e3o Paulo (SP), com visita pelas lojas do shopping. \u00c0 noite, participa de sabatina para o Jornal do SBT News e para o Jornal SBT Brasil, em Osasco (SP).<\/p>\n<p><strong>Rui Costa Pimenta (PCO)<\/strong><br \/>Participa de programa no canal do Di\u00e1rio Causa Oper\u00e1ria (DCO) e se re\u00fane com a coordena\u00e7\u00e3o de campanha. \u00c0 noite, participa\u00a0da plen\u00e1ria nacional organizada pelo PCO.\u00a0\u00a0<\/p>\n<p><strong>Samara Martins (UP)<\/strong><br \/>Participa de caminhadas no Centro de Duque de Caxias (RJ) e na Saara, centro do Rio. \u00c0 noite, comparece \u00e0 plen\u00e1ria de Mulheres na Ocupa\u00e7\u00e3o Almerinda Gama.\u00a0<\/p>\n<p><strong>Wilson Grassi (Democrata)<\/strong><br \/>Participa de reuni\u00e3o com equipe do Partido Democrata.<\/p>\n<p>O candidato <strong>Romeu Zema (Novo)<\/strong> n\u00e3o divulgou compromissos p\u00fablicos oficiais at\u00e9 o momento desta publica\u00e7\u00e3o.<\/p>\n<p>      <!-- Relacionada --><\/p>\n<p>            <!-- Relacionada -->\n    <\/div>\n<p><br \/>\n<br \/><a href=\"https:\/\/agenciabrasil.ebc.com.br\/politica\/noticia\/2026-08\/confira-agenda-dos-candidatos-presidencia-nesta-quinta-feira\" rel=\"noopener\">Informa\u00e7\u00f5es com a Ag\u00eancia Brasil<\/a><\/p>\n","protected":false},"excerpt":{"rendered":"<p>A agenda dos candidatos \u00e0 Presid\u00eancia da Rep\u00fablica nesta quinta-feira (20) inclui grava\u00e7\u00f5es de conte\u00fados de campanha, entrevistas \u00e0 imprensa, reuni\u00f5es com equipes\u00a0e apoiadores, al\u00e9m de caminhadas e atos de campanha em diferentes cidades. Tamb\u00e9m est\u00e3o previstas participa\u00e7\u00e3o em sabatina jornal\u00edstica, lan\u00e7amento de livro e plen\u00e1ria de mulheres. Os presidenci\u00e1veis ainda devem participar de encontros [&hellip;]<\/p>\n","protected":false},"author":1,"featured_media":74965,"comment_status":"closed","ping_status":"open","sticky":false,"template":"","format":"standard","meta":{"_jetpack_newsletter_access":"","_jetpack_dont_email_post_to_subs":false,"_jetpack_newsletter_tier_id":0,"_jetpack_memberships_contains_paywalled_content":false,"_mbp_banners":[],"_jetpack_feature_clip_id":0,"_jetpack_memberships_contains_paid_content":false,"footnotes":"","jetpack_publicize_message":"","jetpack_publicize_feature_enabled":true,"jetpack_social_post_already_shared":true,"jetpack_social_options":{"image_generator_settings":{"template":"highway","default_image_id":0,"font":"","enabled":false},"version":2},"jetpack_post_was_ever_published":false},"categories":[22],"tags":[],"class_list":["post-74964","post","type-post","status-publish","format-standard","has-post-thumbnail","category-nacional"],"jetpack_publicize_connections":[],"jetpack-related-posts":[],"jetpack_shortlink":"https:\/\/wp.me\/p7Eq1F-jv6","jetpack_sharing_enabled":true,"jetpack_featured_media_url":"https:\/\/i0.wp.com\/guialimeira.com.br\/news\/wp-content\/uploads\/2026\/08\/banner_agenda_-_1170x700.png?fit=1600%2C800&ssl=1","_links":{"self":[{"href":"https:\/\/guialimeira.com.br\/news\/wp-json\/wp\/v2\/posts\/74964","targetHints":{"allow":["GET"]}}],"collection":[{"href":"https:\/\/guialimeira.com.br\/news\/wp-json\/wp\/v2\/posts"}],"about":[{"href":"https:\/\/guialimeira.com.br\/news\/wp-json\/wp\/v2\/types\/post"}],"author":[{"embeddable":true,"href":"https:\/\/guialimeira.com.br\/news\/wp-json\/wp\/v2\/users\/1"}],"replies":[{"embeddable":true,"href":"https:\/\/guialimeira.com.br\/news\/wp-json\/wp\/v2\/comments?post=74964"}],"version-history":[{"count":1,"href":"https:\/\/guialimeira.com.br\/news\/wp-json\/wp\/v2\/posts\/74964\/revisions"}],"predecessor-version":[{"id":74966,"href":"https:\/\/guialimeira.com.br\/news\/wp-json\/wp\/v2\/posts\/74964\/revisions\/74966"}],"wp:featuredmedia":[{"embeddable":true,"href":"https:\/\/guialimeira.com.br\/news\/wp-json\/wp\/v2\/media\/74965"}],"wp:attachment":[{"href":"https:\/\/guialimeira.com.br\/news\/wp-json\/wp\/v2\/media?parent=74964"}],"wp:term":[{"taxonomy":"category","embeddable":true,"href":"https:\/\/guialimeira.com.br\/news\/wp-json\/wp\/v2\/categories?post=74964"},{"taxonomy":"post_tag","embeddable":true,"href":"https:\/\/guialimeira.com.br\/news\/wp-json\/wp\/v2\/tags?post=74964"}],"curies":[{"name":"wp","href":"https:\/\/api.w.org\/{rel}","templated":true}]}}