{"id":74962,"date":"2026-08-20T09:27:50","date_gmt":"2026-08-20T12:27:50","guid":{"rendered":"https:\/\/guialimeira.com.br\/?p=74962"},"modified":"2026-08-20T09:27:50","modified_gmt":"2026-08-20T12:27:50","slug":"frente-fria-associada-a-ciclone-baixa-temperatura-no-sul-do-pais","status":"publish","type":"post","link":"https:\/\/guialimeira.com.br\/news\/frente-fria-associada-a-ciclone-baixa-temperatura-no-sul-do-pais\/","title":{"rendered":"Frente fria associada a ciclone baixa temperatura no Sul do pa\u00eds"},"content":{"rendered":"<p> <br \/>\n<\/p>\n<div>\n<p><strong>Uma frente fria avan\u00e7a pela Regi\u00e3o Sul do pa\u00eds nesta quinta-feira (20) e provoca queda de temperatura no Rio Grande do Sul, em Santa Catarina, no Paran\u00e1, at\u00e9 o sudoeste de Mato Grosso do Sul, informa o Instituto Nacional de Meteorologia (Inmet).<\/strong><img data-recalc-dims=\"1\" decoding=\"async\" src=\"https:\/\/i0.wp.com\/agenciabrasil.ebc.com.br\/ebc.png?w=696&#038;ssl=1\" style=\"width:1px;height:1px;display:inline\" \/><img data-recalc-dims=\"1\" decoding=\"async\" src=\"https:\/\/i0.wp.com\/agenciabrasil.ebc.com.br\/ebc.gif?w=696&#038;ssl=1\" style=\"width:1px;height:1px;display:inline\" \/><\/p>\n<p>O ciclone extratropical, que se formou na costa do Rio Grande do Sul e provoca chuva, trovoadas e rajadas de vento no estado, come\u00e7a a se deslocar para o oeste e sul do Paran\u00e1 e de Santa Catarina. \u00a0<\/p>\n<p>\u00a0Com isso, as temperaturas m\u00ednimas podem ficar hoje abaixo de 10\u00b0C no sul do Paran\u00e1, oeste de Santa Catarina e em grande parte do interior do Rio Grande do Sul. J\u00e1 em Curitiba, a m\u00e1xima chega a 27\u00b0C.<\/p>\n<p><strong>Na Regi\u00e3o Norte, \u00e1reas de instabilidade continuam atuando no Acre e no oeste e noroeste do Amazonas, ocasionando pancadas de chuva e trovoadas<\/strong>. No norte do Par\u00e1, no Amap\u00e1, em Roraima, no norte e centro do Amazonas e em Rond\u00f4nia, h\u00e1 possibilidade de chuva isolada.<\/p>\n<p>No sudeste do Amazonas, sul do Par\u00e1 e em Tocantins o tempo seco traz um alerta laranja de perigo para baixa umidade relativa do ar com varia\u00e7\u00e3o de 20% a 12%.<\/p>\n<p>\u00a0Na maior parte da regi\u00e3o, o calor intenso pode registrar temperaturas m\u00e1ximas pr\u00f3ximas a 40\u00b0C. A m\u00e1xima prevista nas capitais \u00e9 de 38\u00b0C, em Palmas e a m\u00ednima de 23 \u00b0C em Rio Branco e Porto Velho.<\/p>\n<p><strong>No Centro-Oeste,\u00a0o aviso laranja de perigo para baixa umidade do ar permanece sobre grande parte de Mato Grosso, norte e leste de Mato Grosso do Sul, oeste e sul de Goi\u00e1s e no Distrito Federal.<\/strong> No noroeste de Mato Grosso, sudeste de Mato Grosso do Sul, demais \u00e1reas de Goi\u00e1s, o alerta perde for\u00e7a, com aviso de perigo potencial\u00a0para baixa umidade entre 30% e 20%.<\/p>\n<p>Os term\u00f4metros registram m\u00e1xima em torno de 32\u00b0C em Cuiab\u00e1 e m\u00ednima de 15\u00b0C em Bras\u00edlia.<\/p>\n<p><strong>Na Regi\u00e3o Nordeste, no sul do Maranh\u00e3o, do Piau\u00ed e no oeste da Bahia, o c\u00e9u permanece com poucas nuvens, com aviso de perigo potencial, para baixa umidade relativa do ar de at\u00e9 20%.<\/strong><\/p>\n<p>As chuvas isoladas continuam ocorrendo entre o centro-norte do Maranh\u00e3o, do Piau\u00ed e do Cear\u00e1 e ao longo da faixa leste e litoral do Rio Grande do Norte, Para\u00edba, Pernambuco, Alagoas, Sergipe e litoral norte da Bahia.<\/p>\n<p>Temperaturas mais amenas s\u00e3o esperadas na faixa leste da regi\u00e3o, devido \u00e0s condi\u00e7\u00f5es de chuva. Em Salvador e Aracaju, a m\u00ednima ser\u00e1 de 23\u00b0C e m\u00e1xima de 36\u00b0C em Teresina.<\/p>\n<p><strong>No Sudeste, haver\u00e1 nebulosidade apenas no norte e leste de Minas Gerais, Esp\u00edrito Santo, Rio de Janeiro e litoral sul de S\u00e3o Paulo.<\/strong> No restante da regi\u00e3o, a quinta-feira \u00e9 de poucas nuvens, baixa umidade e muito calor.<\/p>\n<p>A temperatura m\u00e1xima chega a 32\u00b0C na capital do Rio de Janeiro.\u00a0Nas regi\u00f5es serranas em Minas Gerais, no Esp\u00edrito Santo, Rio de Janeiro e em S\u00e3o Paulo, a m\u00ednima pode ficar em torno de 9\u00b0C.<\/p>\n<p>      <!-- Relacionada --><\/p>\n<p>            <!-- Relacionada -->\n    <\/div>\n<p><br \/>\n<br \/><a href=\"https:\/\/agenciabrasil.ebc.com.br\/meio-ambiente\/noticia\/2026-08\/frente-fria-associada-ciclone-baixa-temperatura-no-sul-do-pais\" rel=\"noopener\">Informa\u00e7\u00f5es com a Ag\u00eancia Brasil<\/a><\/p>\n","protected":false},"excerpt":{"rendered":"<p>Uma frente fria avan\u00e7a pela Regi\u00e3o Sul do pa\u00eds nesta quinta-feira (20) e provoca queda de temperatura no Rio Grande do Sul, em Santa Catarina, no Paran\u00e1, at\u00e9 o sudoeste de Mato Grosso do Sul, informa o Instituto Nacional de Meteorologia (Inmet). O ciclone extratropical, que se formou na costa do Rio Grande do Sul [&hellip;]<\/p>\n","protected":false},"author":1,"featured_media":37309,"comment_status":"closed","ping_status":"open","sticky":false,"template":"","format":"standard","meta":{"_jetpack_newsletter_access":"","_jetpack_dont_email_post_to_subs":false,"_jetpack_newsletter_tier_id":0,"_jetpack_memberships_contains_paywalled_content":false,"_mbp_banners":[],"_jetpack_feature_clip_id":0,"_jetpack_memberships_contains_paid_content":false,"footnotes":"","jetpack_publicize_message":"","jetpack_publicize_feature_enabled":true,"jetpack_social_post_already_shared":true,"jetpack_social_options":{"image_generator_settings":{"template":"highway","default_image_id":0,"font":"","enabled":false},"version":2},"jetpack_post_was_ever_published":false},"categories":[22],"tags":[],"class_list":["post-74962","post","type-post","status-publish","format-standard","has-post-thumbnail","category-nacional"],"jetpack_publicize_connections":[],"jetpack-related-posts":[],"jetpack_shortlink":"https:\/\/wp.me\/p7Eq1F-jv4","jetpack_sharing_enabled":true,"jetpack_featured_media_url":"https:\/\/i0.wp.com\/guialimeira.com.br\/news\/wp-content\/uploads\/2025\/06\/frio_sp06.jpg?fit=1600%2C800&ssl=1","_links":{"self":[{"href":"https:\/\/guialimeira.com.br\/news\/wp-json\/wp\/v2\/posts\/74962","targetHints":{"allow":["GET"]}}],"collection":[{"href":"https:\/\/guialimeira.com.br\/news\/wp-json\/wp\/v2\/posts"}],"about":[{"href":"https:\/\/guialimeira.com.br\/news\/wp-json\/wp\/v2\/types\/post"}],"author":[{"embeddable":true,"href":"https:\/\/guialimeira.com.br\/news\/wp-json\/wp\/v2\/users\/1"}],"replies":[{"embeddable":true,"href":"https:\/\/guialimeira.com.br\/news\/wp-json\/wp\/v2\/comments?post=74962"}],"version-history":[{"count":1,"href":"https:\/\/guialimeira.com.br\/news\/wp-json\/wp\/v2\/posts\/74962\/revisions"}],"predecessor-version":[{"id":74963,"href":"https:\/\/guialimeira.com.br\/news\/wp-json\/wp\/v2\/posts\/74962\/revisions\/74963"}],"wp:featuredmedia":[{"embeddable":true,"href":"https:\/\/guialimeira.com.br\/news\/wp-json\/wp\/v2\/media\/37309"}],"wp:attachment":[{"href":"https:\/\/guialimeira.com.br\/news\/wp-json\/wp\/v2\/media?parent=74962"}],"wp:term":[{"taxonomy":"category","embeddable":true,"href":"https:\/\/guialimeira.com.br\/news\/wp-json\/wp\/v2\/categories?post=74962"},{"taxonomy":"post_tag","embeddable":true,"href":"https:\/\/guialimeira.com.br\/news\/wp-json\/wp\/v2\/tags?post=74962"}],"curies":[{"name":"wp","href":"https:\/\/api.w.org\/{rel}","templated":true}]}}