{"id":74952,"date":"2026-08-20T04:22:11","date_gmt":"2026-08-20T07:22:11","guid":{"rendered":"https:\/\/guialimeira.com.br\/?p=74952"},"modified":"2026-08-20T04:22:11","modified_gmt":"2026-08-20T07:22:11","slug":"luis-felipe-salomao-toma-posse-na-presidencia-do-stj","status":"publish","type":"post","link":"https:\/\/guialimeira.com.br\/news\/luis-felipe-salomao-toma-posse-na-presidencia-do-stj\/","title":{"rendered":"Luis Felipe Salom\u00e3o toma posse na presid\u00eancia do STJ"},"content":{"rendered":"<p> <br \/>\n<\/p>\n<div>\n<p><strong>O ministro Luis Felipe Salom\u00e3o tomou posse nesta quarta-feira (19) no cargo de presidente do Superior Tribunal de Justi\u00e7a (STJ).<\/strong><img data-recalc-dims=\"1\" decoding=\"async\" src=\"https:\/\/i0.wp.com\/agenciabrasil.ebc.com.br\/ebc.png?w=696&#038;ssl=1\" style=\"width:1px;height:1px;display:inline\" \/><img data-recalc-dims=\"1\" decoding=\"async\" src=\"https:\/\/i0.wp.com\/agenciabrasil.ebc.com.br\/ebc.gif?w=696&#038;ssl=1\" style=\"width:1px;height:1px;display:inline\" \/><\/p>\n<p>Salom\u00e3o cumprir\u00e1 mandato de dois anos e ter\u00e1 Mauro Campbell Marques como vice-presidente.<\/p>\n<p>A cerim\u00f4nia foi acompanhada pelo vice-presidente da Rep\u00fablica, Geraldo Alckmin, os presidentes do Senado, Davi Alcolumbre, da C\u00e2mara, Hugo Motta, e do Supremo Tribunal Federal (STF), Edson Fachin, al\u00e9m de outras autoridades.<\/p>\n<p>Durante discurso de posse, Salom\u00e3o ressaltou as decis\u00f5es hist\u00f3ricas tomadas pelo STJ, como a liminar que garantiu a compra de medicamentos de alto custo para pessoas com AME (Atrofia Muscular Espinhal), indeniza\u00e7\u00f5es para os afetados pela contamina\u00e7\u00e3o pelo C\u00e9sio-137 e a decis\u00e3o que assegurou a ado\u00e7\u00e3o de menores pelos av\u00f3s em caso de incapacidade dos pais.<\/p>\n<p>O novo presidente disse que vai trabalhar para garantir a qualidade e a transpar\u00eancia das decis\u00f5es do tribunal. &#8220;Utilizar a intelig\u00eancia artificial e as ferramentas tecnol\u00f3gicas para estarem a servi\u00e7o da sociedade, e n\u00e3o o contr\u00e1rio. Aprimorar a capacita\u00e7\u00e3o dos servidores, de maneira saud\u00e1vel e inovadora&#8221;, afirmou.<\/p>\n<p>Luis Felipe Salom\u00e3o \u00e9 formado em direito pela Universidade Federal do Rio de Janeiro (UFRJ) e autor de diversos livros sobre direito civil. Antes de chegar\u00a0ao STJ, o ministro atuou como juiz e desembargador do Tribunal de Justi\u00e7a do Rio de Janeiro (TJRJ).<\/p>\n<p>Ele tomou posse no tribunal em 2008, ap\u00f3s ser indicado no primeiro mandato do presidente Luiz In\u00e1cio Lula da Silva.<\/p>\n<p>      <!-- Relacionada --><\/p>\n<p>            <!-- Relacionada -->\n    <\/div>\n<p><br \/>\n<br \/><a href=\"https:\/\/agenciabrasil.ebc.com.br\/justica\/noticia\/2026-08\/luis-felipe-salomao-toma-posse-na-presidencia-do-stj\" rel=\"noopener\">Informa\u00e7\u00f5es com a Ag\u00eancia Brasil<\/a><\/p>\n","protected":false},"excerpt":{"rendered":"<p>O ministro Luis Felipe Salom\u00e3o tomou posse nesta quarta-feira (19) no cargo de presidente do Superior Tribunal de Justi\u00e7a (STJ). Salom\u00e3o cumprir\u00e1 mandato de dois anos e ter\u00e1 Mauro Campbell Marques como vice-presidente. A cerim\u00f4nia foi acompanhada pelo vice-presidente da Rep\u00fablica, Geraldo Alckmin, os presidentes do Senado, Davi Alcolumbre, da C\u00e2mara, Hugo Motta, e do [&hellip;]<\/p>\n","protected":false},"author":1,"featured_media":269,"comment_status":"closed","ping_status":"open","sticky":false,"template":"","format":"standard","meta":{"_jetpack_newsletter_access":"","_jetpack_dont_email_post_to_subs":false,"_jetpack_newsletter_tier_id":0,"_jetpack_memberships_contains_paywalled_content":false,"_mbp_banners":[],"_jetpack_feature_clip_id":0,"_jetpack_memberships_contains_paid_content":false,"footnotes":"","jetpack_publicize_message":"","jetpack_publicize_feature_enabled":true,"jetpack_social_post_already_shared":true,"jetpack_social_options":{"image_generator_settings":{"template":"highway","default_image_id":0,"font":"","enabled":false},"version":2},"jetpack_post_was_ever_published":false},"categories":[22],"tags":[],"class_list":["post-74952","post","type-post","status-publish","format-standard","has-post-thumbnail","category-nacional"],"jetpack_publicize_connections":[],"jetpack-related-posts":[],"jetpack_shortlink":"https:\/\/wp.me\/p7Eq1F-juU","jetpack_sharing_enabled":true,"jetpack_featured_media_url":"https:\/\/i0.wp.com\/guialimeira.com.br\/news\/wp-content\/uploads\/2024\/03\/thumb_1200x600_agbrasil.png?fit=1200%2C600&ssl=1","_links":{"self":[{"href":"https:\/\/guialimeira.com.br\/news\/wp-json\/wp\/v2\/posts\/74952","targetHints":{"allow":["GET"]}}],"collection":[{"href":"https:\/\/guialimeira.com.br\/news\/wp-json\/wp\/v2\/posts"}],"about":[{"href":"https:\/\/guialimeira.com.br\/news\/wp-json\/wp\/v2\/types\/post"}],"author":[{"embeddable":true,"href":"https:\/\/guialimeira.com.br\/news\/wp-json\/wp\/v2\/users\/1"}],"replies":[{"embeddable":true,"href":"https:\/\/guialimeira.com.br\/news\/wp-json\/wp\/v2\/comments?post=74952"}],"version-history":[{"count":1,"href":"https:\/\/guialimeira.com.br\/news\/wp-json\/wp\/v2\/posts\/74952\/revisions"}],"predecessor-version":[{"id":74953,"href":"https:\/\/guialimeira.com.br\/news\/wp-json\/wp\/v2\/posts\/74952\/revisions\/74953"}],"wp:featuredmedia":[{"embeddable":true,"href":"https:\/\/guialimeira.com.br\/news\/wp-json\/wp\/v2\/media\/269"}],"wp:attachment":[{"href":"https:\/\/guialimeira.com.br\/news\/wp-json\/wp\/v2\/media?parent=74952"}],"wp:term":[{"taxonomy":"category","embeddable":true,"href":"https:\/\/guialimeira.com.br\/news\/wp-json\/wp\/v2\/categories?post=74952"},{"taxonomy":"post_tag","embeddable":true,"href":"https:\/\/guialimeira.com.br\/news\/wp-json\/wp\/v2\/tags?post=74952"}],"curies":[{"name":"wp","href":"https:\/\/api.w.org\/{rel}","templated":true}]}}