{"id":74947,"date":"2026-08-20T02:18:44","date_gmt":"2026-08-20T05:18:44","guid":{"rendered":"https:\/\/guialimeira.com.br\/?p=74947"},"modified":"2026-08-20T02:18:44","modified_gmt":"2026-08-20T05:18:44","slug":"explosao-deixa-quatro-feridos-em-predio-de-copacabana","status":"publish","type":"post","link":"https:\/\/guialimeira.com.br\/news\/explosao-deixa-quatro-feridos-em-predio-de-copacabana\/","title":{"rendered":"Explos\u00e3o deixa quatro feridos em pr\u00e9dio de Copacabana"},"content":{"rendered":"<p> <br \/>\n<\/p>\n<div>\n<p>O Corpo de Bombeiros foi acionado no final da tarde desta quarta-feira (19) ap\u00f3s uma explos\u00e3o em um pr\u00e9dio residencial na Rua S\u00e1 Ferreira, 44, em Copacabana, zona sul do Rio de Janeiro.<img data-recalc-dims=\"1\" decoding=\"async\" src=\"https:\/\/i0.wp.com\/agenciabrasil.ebc.com.br\/ebc.png?w=696&#038;ssl=1\" style=\"width:1px;height:1px;display:inline\" \/><img data-recalc-dims=\"1\" decoding=\"async\" src=\"https:\/\/i0.wp.com\/agenciabrasil.ebc.com.br\/ebc.gif?w=696&#038;ssl=1\" style=\"width:1px;height:1px;display:inline\" \/><\/p>\n<p>Equipes do Quartel de Copacabana foram mobilizadas para o local e realizaram a retirada dos moradores do pr\u00e9dio, que possui 13 pavimentos, al\u00e9m do subsolo.<\/p>\n<p>Quatro pessoas foram socorridas pela corpora\u00e7\u00e3o, com ferimentos leves e moderados. Duas v\u00edtimas precisaram ser encaminhadas para o Hospital Municipal Miguel Couto, na G\u00e1vea, zona sul do Rio.<\/p>\n<p>A Defesa Civil do munic\u00edpio foi acionada e, ap\u00f3s uma avalia\u00e7\u00e3o estrutural, verificou que o pr\u00e9dio n\u00e3o corre risco de desabar. Parte da garagem e os dois apartamentos que sofreram abalos com a explos\u00e3o\u00a0foram interditados.<\/p>\n<p>O tenente-coronel F\u00e1bio Contreras, porta-voz da corpora\u00e7\u00e3o disse que \u201cos bombeiros tiveram de promover a evacua\u00e7\u00e3o de toda a edifica\u00e7\u00e3o, num total de 150 apartamentos, para que pudesse ter certeza que o pr\u00e9dio n\u00e3o tinha risco de colapso estrutural. Equipes da Defesa Civil foram acionadas, fizeram a avalia\u00e7\u00e3o e logo depois liberaram o local com algumas interdi\u00e7\u00f5es parciais. \u00a0Nos dois apartamentos que sofreram os abalos no segundo andar e tamb\u00e9m em parte da garagem do pr\u00e9dio&#8221;, explicou.<\/p>\n<p>As causas da explos\u00e3o ser\u00e3o apuradas pela Pol\u00edcia Civil.<\/p>\n<p>      <!-- Relacionada --><br \/>\n            <!-- Relacionada -->\n    <\/div>\n<p><br \/>\n<br \/><a href=\"https:\/\/agenciabrasil.ebc.com.br\/geral\/noticia\/2026-08\/explosao-deixa-quatro-feridos-em-predio-de-copacabana\" rel=\"noopener\">Informa\u00e7\u00f5es com a Ag\u00eancia Brasil<\/a><\/p>\n","protected":false},"excerpt":{"rendered":"<p>O Corpo de Bombeiros foi acionado no final da tarde desta quarta-feira (19) ap\u00f3s uma explos\u00e3o em um pr\u00e9dio residencial na Rua S\u00e1 Ferreira, 44, em Copacabana, zona sul do Rio de Janeiro. Equipes do Quartel de Copacabana foram mobilizadas para o local e realizaram a retirada dos moradores do pr\u00e9dio, que possui 13 pavimentos, [&hellip;]<\/p>\n","protected":false},"author":1,"featured_media":269,"comment_status":"closed","ping_status":"open","sticky":false,"template":"","format":"standard","meta":{"_jetpack_newsletter_access":"","_jetpack_dont_email_post_to_subs":false,"_jetpack_newsletter_tier_id":0,"_jetpack_memberships_contains_paywalled_content":false,"_mbp_banners":[],"_jetpack_feature_clip_id":0,"_jetpack_memberships_contains_paid_content":false,"footnotes":"","jetpack_publicize_message":"","jetpack_publicize_feature_enabled":true,"jetpack_social_post_already_shared":true,"jetpack_social_options":{"image_generator_settings":{"template":"highway","default_image_id":0,"font":"","enabled":false},"version":2},"jetpack_post_was_ever_published":false},"categories":[22],"tags":[],"class_list":["post-74947","post","type-post","status-publish","format-standard","has-post-thumbnail","category-nacional"],"jetpack_publicize_connections":[],"jetpack-related-posts":[],"jetpack_shortlink":"https:\/\/wp.me\/p7Eq1F-juP","jetpack_sharing_enabled":true,"jetpack_featured_media_url":"https:\/\/i0.wp.com\/guialimeira.com.br\/news\/wp-content\/uploads\/2024\/03\/thumb_1200x600_agbrasil.png?fit=1200%2C600&ssl=1","_links":{"self":[{"href":"https:\/\/guialimeira.com.br\/news\/wp-json\/wp\/v2\/posts\/74947","targetHints":{"allow":["GET"]}}],"collection":[{"href":"https:\/\/guialimeira.com.br\/news\/wp-json\/wp\/v2\/posts"}],"about":[{"href":"https:\/\/guialimeira.com.br\/news\/wp-json\/wp\/v2\/types\/post"}],"author":[{"embeddable":true,"href":"https:\/\/guialimeira.com.br\/news\/wp-json\/wp\/v2\/users\/1"}],"replies":[{"embeddable":true,"href":"https:\/\/guialimeira.com.br\/news\/wp-json\/wp\/v2\/comments?post=74947"}],"version-history":[{"count":1,"href":"https:\/\/guialimeira.com.br\/news\/wp-json\/wp\/v2\/posts\/74947\/revisions"}],"predecessor-version":[{"id":74948,"href":"https:\/\/guialimeira.com.br\/news\/wp-json\/wp\/v2\/posts\/74947\/revisions\/74948"}],"wp:featuredmedia":[{"embeddable":true,"href":"https:\/\/guialimeira.com.br\/news\/wp-json\/wp\/v2\/media\/269"}],"wp:attachment":[{"href":"https:\/\/guialimeira.com.br\/news\/wp-json\/wp\/v2\/media?parent=74947"}],"wp:term":[{"taxonomy":"category","embeddable":true,"href":"https:\/\/guialimeira.com.br\/news\/wp-json\/wp\/v2\/categories?post=74947"},{"taxonomy":"post_tag","embeddable":true,"href":"https:\/\/guialimeira.com.br\/news\/wp-json\/wp\/v2\/tags?post=74947"}],"curies":[{"name":"wp","href":"https:\/\/api.w.org\/{rel}","templated":true}]}}