{"id":74944,"date":"2026-08-20T01:15:05","date_gmt":"2026-08-20T04:15:05","guid":{"rendered":"https:\/\/guialimeira.com.br\/?p=74944"},"modified":"2026-08-20T01:15:05","modified_gmt":"2026-08-20T04:15:05","slug":"bancarios-farao-paralisacao-de-24-horas-nesta-quinta-feira","status":"publish","type":"post","link":"https:\/\/guialimeira.com.br\/news\/bancarios-farao-paralisacao-de-24-horas-nesta-quinta-feira\/","title":{"rendered":"Banc\u00e1rios far\u00e3o paralisa\u00e7\u00e3o de 24 horas nesta quinta-feira"},"content":{"rendered":"<p> <br \/>\n<\/p>\n<div>\n<p><strong>Banc\u00e1rios de todo o pa\u00eds far\u00e3o uma paralisa\u00e7\u00e3o de 24 horas nesta quinta-feira (20), em meio \u00e0s negocia\u00e7\u00f5es da campanha salarial de 2026. A categoria cobra reajuste dos sal\u00e1rios e benef\u00edcios, aumento do piso e mudan\u00e7as na participa\u00e7\u00e3o nos lucros e resultados (PLR).<\/strong><img data-recalc-dims=\"1\" decoding=\"async\" src=\"https:\/\/i0.wp.com\/agenciabrasil.ebc.com.br\/ebc.png?w=696&#038;ssl=1\" style=\"width:1px;height:1px;display:inline\" \/><img data-recalc-dims=\"1\" decoding=\"async\" src=\"https:\/\/i0.wp.com\/agenciabrasil.ebc.com.br\/ebc.gif?w=696&#038;ssl=1\" style=\"width:1px;height:1px;display:inline\" \/><\/p>\n<p>A paralisa\u00e7\u00e3o foi aprovada em assembleias realizadas na segunda-feira (17) e confirmada pelo Comando Nacional dos Banc\u00e1rios.<strong> A orienta\u00e7\u00e3o para os correntistas \u00e9 resolver os problemas por meio dos aplicativos e do internet banking das institui\u00e7\u00f5es financeiras.<\/strong><\/p>\n<p>Entre os pedidos apresentados pelos trabalhadores est\u00e3o: 5% de aumento real (acima da infla\u00e7\u00e3o) nos sal\u00e1rios e demais verbas; aumento do piso salarial da categoria; reajuste dos valores do vale-refei\u00e7\u00e3o (VR); aumento do vale-alimenta\u00e7\u00e3o (VA); e valoriza\u00e7\u00e3o da participa\u00e7\u00e3o nos lucros e resultados (PLR).<\/p>\n<p>Segundo o Comando Nacional dos Banc\u00e1rios, a categoria aguarda uma proposta dos bancos para as reivindica\u00e7\u00f5es apresentadas na campanha salarial.<\/p>\n<h2>Ades\u00e3o \u00e0 paralisa\u00e7\u00e3o<\/h2>\n<p><strong>A paralisa\u00e7\u00e3o de 24 horas n\u00e3o significa necessariamente o fechamento autom\u00e1tico de todas as ag\u00eancias e unidades banc\u00e1rias.<\/strong><\/p>\n<p>A ades\u00e3o depender\u00e1 da participa\u00e7\u00e3o dos trabalhadores e das atividades organizadas pelos sindicatos em cada regi\u00e3o.<\/p>\n<p>Os banc\u00e1rios que trabalham em regime de<em> home office<\/em> foram orientados a n\u00e3o acessar os sistemas dos bancos nem registrar o ponto durante o per\u00edodo de paralisa\u00e7\u00e3o.<\/p>\n<h2>Negocia\u00e7\u00f5es<\/h2>\n<p>A pauta de reivindica\u00e7\u00f5es da categoria foi entregue \u00e0 Federa\u00e7\u00e3o Nacional dos Bancos (Fenaban) em 24 de junho. As negocia\u00e7\u00f5es tiveram in\u00edcio em 2 de julho.<\/p>\n<p>O Comando Nacional dos Banc\u00e1rios afirma que, at\u00e9 o momento, n\u00e3o foi apresentada uma proposta para as reivindica\u00e7\u00f5es econ\u00f4micas da campanha de 2026.<\/p>\n<p>No entanto, a Fenaban e a Federa\u00e7\u00e3o Brasileira de Bancos (Febraban) informaram que receberam a pauta em 24 de junho e que o calend\u00e1rio de negocia\u00e7\u00f5es segue dentro do cronograma estabelecido.<\/p>\n<p>A paralisa\u00e7\u00e3o ocorre \u00e0s v\u00e9speras da data-base da categoria e representa uma nova etapa da mobiliza\u00e7\u00e3o dos trabalhadores nas negocia\u00e7\u00f5es salariais deste ano.<\/p>\n<p>      <!-- Relacionada --><\/p>\n<p>            <!-- Relacionada -->\n    <\/div>\n<p><br \/>\n<br \/><a href=\"https:\/\/agenciabrasil.ebc.com.br\/economia\/noticia\/2026-08\/bancarios-farao-paralisacao-de-24-horas-nesta-quinta-feira\" rel=\"noopener\">Informa\u00e7\u00f5es com a Ag\u00eancia Brasil<\/a><\/p>\n","protected":false},"excerpt":{"rendered":"<p>Banc\u00e1rios de todo o pa\u00eds far\u00e3o uma paralisa\u00e7\u00e3o de 24 horas nesta quinta-feira (20), em meio \u00e0s negocia\u00e7\u00f5es da campanha salarial de 2026. A categoria cobra reajuste dos sal\u00e1rios e benef\u00edcios, aumento do piso e mudan\u00e7as na participa\u00e7\u00e3o nos lucros e resultados (PLR). A paralisa\u00e7\u00e3o foi aprovada em assembleias realizadas na segunda-feira (17) e confirmada [&hellip;]<\/p>\n","protected":false},"author":1,"featured_media":74945,"comment_status":"closed","ping_status":"open","sticky":false,"template":"","format":"standard","meta":{"_jetpack_newsletter_access":"","_jetpack_dont_email_post_to_subs":false,"_jetpack_newsletter_tier_id":0,"_jetpack_memberships_contains_paywalled_content":false,"_mbp_banners":[],"_jetpack_feature_clip_id":0,"_jetpack_memberships_contains_paid_content":false,"footnotes":"","jetpack_publicize_message":"","jetpack_publicize_feature_enabled":true,"jetpack_social_post_already_shared":true,"jetpack_social_options":{"image_generator_settings":{"template":"highway","default_image_id":0,"font":"","enabled":false},"version":2},"jetpack_post_was_ever_published":false},"categories":[22],"tags":[],"class_list":["post-74944","post","type-post","status-publish","format-standard","has-post-thumbnail","category-nacional"],"jetpack_publicize_connections":[],"jetpack-related-posts":[],"jetpack_shortlink":"https:\/\/wp.me\/p7Eq1F-juM","jetpack_sharing_enabled":true,"jetpack_featured_media_url":"https:\/\/i0.wp.com\/guialimeira.com.br\/news\/wp-content\/uploads\/2026\/08\/xxatende_1.jpg?fit=1600%2C800&ssl=1","_links":{"self":[{"href":"https:\/\/guialimeira.com.br\/news\/wp-json\/wp\/v2\/posts\/74944","targetHints":{"allow":["GET"]}}],"collection":[{"href":"https:\/\/guialimeira.com.br\/news\/wp-json\/wp\/v2\/posts"}],"about":[{"href":"https:\/\/guialimeira.com.br\/news\/wp-json\/wp\/v2\/types\/post"}],"author":[{"embeddable":true,"href":"https:\/\/guialimeira.com.br\/news\/wp-json\/wp\/v2\/users\/1"}],"replies":[{"embeddable":true,"href":"https:\/\/guialimeira.com.br\/news\/wp-json\/wp\/v2\/comments?post=74944"}],"version-history":[{"count":1,"href":"https:\/\/guialimeira.com.br\/news\/wp-json\/wp\/v2\/posts\/74944\/revisions"}],"predecessor-version":[{"id":74946,"href":"https:\/\/guialimeira.com.br\/news\/wp-json\/wp\/v2\/posts\/74944\/revisions\/74946"}],"wp:featuredmedia":[{"embeddable":true,"href":"https:\/\/guialimeira.com.br\/news\/wp-json\/wp\/v2\/media\/74945"}],"wp:attachment":[{"href":"https:\/\/guialimeira.com.br\/news\/wp-json\/wp\/v2\/media?parent=74944"}],"wp:term":[{"taxonomy":"category","embeddable":true,"href":"https:\/\/guialimeira.com.br\/news\/wp-json\/wp\/v2\/categories?post=74944"},{"taxonomy":"post_tag","embeddable":true,"href":"https:\/\/guialimeira.com.br\/news\/wp-json\/wp\/v2\/tags?post=74944"}],"curies":[{"name":"wp","href":"https:\/\/api.w.org\/{rel}","templated":true}]}}