{"id":74933,"date":"2026-08-19T21:08:53","date_gmt":"2026-08-20T00:08:53","guid":{"rendered":"https:\/\/guialimeira.com.br\/?p=74933"},"modified":"2026-08-19T21:08:53","modified_gmt":"2026-08-20T00:08:53","slug":"confira-como-foi-a-quarta-feira-dos-candidatos-a-presidente","status":"publish","type":"post","link":"https:\/\/guialimeira.com.br\/news\/confira-como-foi-a-quarta-feira-dos-candidatos-a-presidente\/","title":{"rendered":"Confira como foi a quarta-feira dos candidatos a presidente"},"content":{"rendered":"<p> <br \/>\n<\/p>\n<div>\n<p><strong>&gt;&gt; Confira como foi a agenda de campanha dos candidatos \u00e0\u00a0Presid\u00eancia da Rep\u00fablica nesta quarta-feira (19):\u00a0<\/strong><strong><img loading=\"lazy\" decoding=\"async\" height=\"1\" src=\"image\/png;base64,iVBORw0KGgoAAAANSUhEUgAAAAEAAAABCAQAAAC1HAwCAAAAC0lEQVR4nGP6zwAAAgcBApocMXEAAAAASUVORK5CYII=\" width=\"1\" \/><img loading=\"lazy\" decoding=\"async\" height=\"1\" src=\"image\/png;base64,iVBORw0KGgoAAAANSUhEUgAAAAEAAAABCAQAAAC1HAwCAAAAC0lEQVR4nGP6zwAAAgcBApocMXEAAAAASUVORK5CYII=\" width=\"1\" \/><\/strong><img data-recalc-dims=\"1\" decoding=\"async\" src=\"https:\/\/i0.wp.com\/agenciabrasil.ebc.com.br\/ebc.png?w=696&#038;ssl=1\" style=\"width:1px;height:1px;display:inline\" \/><img data-recalc-dims=\"1\" decoding=\"async\" src=\"https:\/\/i0.wp.com\/agenciabrasil.ebc.com.br\/ebc.gif?w=696&#038;ssl=1\" style=\"width:1px;height:1px;display:inline\" \/><\/p>\n<p><strong>Hertz Dias (PSTU)<\/strong><\/p>\n<p>O candidato Hertz Dias esteve em Juiz de Fora (MG), onde participou de reuni\u00f5es com apoiadores e da assembleia dos trabalhadores da educa\u00e7\u00e3o municipal.<\/p>\n<p>Ele defendeu a valoriza\u00e7\u00e3o dos profissionais da educa\u00e7\u00e3o, amplia\u00e7\u00e3o dos investimentos p\u00fablicos e um sistema educacional que garanta as mesmas oportunidades para ricos e podres.<\/p>\n<p>\u201cEnquanto uma minoria tem acesso \u00e0s melhores escolas, laborat\u00f3rios, bibliotecas e forma\u00e7\u00e3o completa, milh\u00f5es de jovens estudam em escolas sem estrutura adequada e enfrentam um processo de empobrecimento do ensino\u201d, declarou.<br \/>\u00a0<\/p>\n<p><strong>Renan Santos (Miss\u00e3o)<\/strong><\/p>\n<p>O candidato Renan Santos fez campanha em Jo\u00e3o Pessoa.<\/p>\n<p>Ele acompanhou a retirada de c\u00e2meras instaladas em uma regi\u00e3o da capital paraibana por uma fac\u00e7\u00e3o criminosa.<\/p>\n<p>O candidato disse que uma de suas prioridades, caso eleito, ser\u00e1 o enfrentamento a organiza\u00e7\u00f5es criminosas, para impedi-las de controlar a circula\u00e7\u00e3o de moradores ou manter territ\u00f3rios sob seu dom\u00ednio.<\/p>\n<p>\u201cN\u00e3o haver\u00e1 bairro tomado pelo crime\u201d, declarou.<\/p>\n<p>\u00a0<\/p>\n<p><strong>Romeu Zema (Novo)<\/strong><\/p>\n<p>O candidato Romeu Zema visitou a zona leste de S\u00e3o Paulo, onde conversou com eleitores e visitou a Feira de Guaianases.<\/p>\n<p>Em conversa r\u00e1pida com jornalistas, o candidato criticou a infla\u00e7\u00e3o sobre o pre\u00e7o dos alimentos e defendeu corte de gastos p\u00fablicos.<\/p>\n<p>\u00a0<\/p>\n<p><strong>Ronaldo Caiado (PSD)<\/strong><\/p>\n<p>O candidato Ronaldo Caiado participou, na manh\u00e3 desta quarta-feira (19), do 4\u00ba Congresso das Santas Casas e Hospitais Filantr\u00f3picos, em Bras\u00edlia.<\/p>\n<p>Ele defendeu a cria\u00e7\u00e3o de um sistema de sa\u00fade a partir da intelig\u00eancia artificial, com prontu\u00e1rios m\u00e9dicos no celular e agendamento virtual de revis\u00f5es, para agilizar o atendimento no Sistema \u00danico de Sa\u00fade (SUS), reduzir as filas de espera e acelerar os diagn\u00f3sticos.<\/p>\n<p>\u201cA sa\u00fade depende enormemente dela [intelig\u00eancia artificial]. Sem isso, n\u00e3o discutiremos mais a evolu\u00e7\u00e3o do atendimento em sa\u00fade\u201d, afirmou.<\/p>\n<p>\u00c0 tarde, Caiado foi o entrevistado do 11\u00ba F\u00f3rum CNT de Debates, da Confedera\u00e7\u00e3o Nacional do Transporte (CNT), na capital federal.<\/p>\n<p>Durante o evento, o candidato disse que as condi\u00e7\u00f5es das estradas n\u00e3o acompanharam o aumento do volume de cargas transportado, o que tem prejudicado a competitividade do pa\u00eds. Caiado prop\u00f5e a amplia\u00e7\u00e3o da malha ferrovi\u00e1ria e de hidrovias.<\/p>\n<p>Os candidatos Augusto Cury (Avante), Clariana Bar\u00e3o (DC), Edmilson Costa (PCB), Fl\u00e1vio Bolsonaro (PL), Luiz In\u00e1cio Lula da Silva\u00a0(PT), Pablo Mar\u00e7al (PRTB), Rui Costa Pimenta\u00a0(PCO), Samara Martins\u00a0(UP) e Wilson Grassi (Democrata) n\u00e3o tiveram agenda p\u00fablica de campanha nesta quarta-feira.\u00a0<\/p>\n<p><em>* Colaboraram Pedro Peduzzi (Bras\u00edlia), Luciano Nascimento (S\u00e3o Lu\u00eds),\u00a0Bruno de Freitas Moura (Rio de Janeiro) e reda\u00e7\u00e3o de S\u00e3o Paulo<\/em><\/p>\n<p>\u00a0<\/p>\n<p>\u00a0<\/p>\n<p>      <!-- Relacionada --><\/p>\n<p>            <!-- Relacionada -->\n    <\/div>\n<p><br \/>\n<br \/><a href=\"https:\/\/agenciabrasil.ebc.com.br\/politica\/noticia\/2026-08\/confira-como-foi-quarta-feira-dos-candidatos-presidente\" rel=\"noopener\">Informa\u00e7\u00f5es com a Ag\u00eancia Brasil<\/a><\/p>\n","protected":false},"excerpt":{"rendered":"<p>&gt;&gt; Confira como foi a agenda de campanha dos candidatos \u00e0\u00a0Presid\u00eancia da Rep\u00fablica nesta quarta-feira (19):\u00a0 Hertz Dias (PSTU) O candidato Hertz Dias esteve em Juiz de Fora (MG), onde participou de reuni\u00f5es com apoiadores e da assembleia dos trabalhadores da educa\u00e7\u00e3o municipal. Ele defendeu a valoriza\u00e7\u00e3o dos profissionais da educa\u00e7\u00e3o, amplia\u00e7\u00e3o dos investimentos p\u00fablicos [&hellip;]<\/p>\n","protected":false},"author":1,"featured_media":73550,"comment_status":"closed","ping_status":"open","sticky":false,"template":"","format":"standard","meta":{"_jetpack_newsletter_access":"","_jetpack_dont_email_post_to_subs":false,"_jetpack_newsletter_tier_id":0,"_jetpack_memberships_contains_paywalled_content":false,"_mbp_banners":[],"_jetpack_feature_clip_id":0,"_jetpack_memberships_contains_paid_content":false,"footnotes":"","jetpack_publicize_message":"","jetpack_publicize_feature_enabled":true,"jetpack_social_post_already_shared":true,"jetpack_social_options":{"image_generator_settings":{"template":"highway","default_image_id":0,"font":"","enabled":false},"version":2},"jetpack_post_was_ever_published":false},"categories":[22],"tags":[],"class_list":["post-74933","post","type-post","status-publish","format-standard","has-post-thumbnail","category-nacional"],"jetpack_publicize_connections":[],"jetpack-related-posts":[],"jetpack_shortlink":"https:\/\/wp.me\/p7Eq1F-juB","jetpack_sharing_enabled":true,"jetpack_featured_media_url":"https:\/\/i0.wp.com\/guialimeira.com.br\/news\/wp-content\/uploads\/2026\/08\/eleicoes-2026-banner.png?fit=1600%2C800&ssl=1","_links":{"self":[{"href":"https:\/\/guialimeira.com.br\/news\/wp-json\/wp\/v2\/posts\/74933","targetHints":{"allow":["GET"]}}],"collection":[{"href":"https:\/\/guialimeira.com.br\/news\/wp-json\/wp\/v2\/posts"}],"about":[{"href":"https:\/\/guialimeira.com.br\/news\/wp-json\/wp\/v2\/types\/post"}],"author":[{"embeddable":true,"href":"https:\/\/guialimeira.com.br\/news\/wp-json\/wp\/v2\/users\/1"}],"replies":[{"embeddable":true,"href":"https:\/\/guialimeira.com.br\/news\/wp-json\/wp\/v2\/comments?post=74933"}],"version-history":[{"count":1,"href":"https:\/\/guialimeira.com.br\/news\/wp-json\/wp\/v2\/posts\/74933\/revisions"}],"predecessor-version":[{"id":74934,"href":"https:\/\/guialimeira.com.br\/news\/wp-json\/wp\/v2\/posts\/74933\/revisions\/74934"}],"wp:featuredmedia":[{"embeddable":true,"href":"https:\/\/guialimeira.com.br\/news\/wp-json\/wp\/v2\/media\/73550"}],"wp:attachment":[{"href":"https:\/\/guialimeira.com.br\/news\/wp-json\/wp\/v2\/media?parent=74933"}],"wp:term":[{"taxonomy":"category","embeddable":true,"href":"https:\/\/guialimeira.com.br\/news\/wp-json\/wp\/v2\/categories?post=74933"},{"taxonomy":"post_tag","embeddable":true,"href":"https:\/\/guialimeira.com.br\/news\/wp-json\/wp\/v2\/tags?post=74933"}],"curies":[{"name":"wp","href":"https:\/\/api.w.org\/{rel}","templated":true}]}}