{"id":74927,"date":"2026-08-19T19:05:58","date_gmt":"2026-08-19T22:05:58","guid":{"rendered":"https:\/\/guialimeira.com.br\/?p=74927"},"modified":"2026-08-19T19:05:58","modified_gmt":"2026-08-19T22:05:58","slug":"justica-suspende-demissoes-em-massa-de-trabalhadores-das-casas-bahia","status":"publish","type":"post","link":"https:\/\/guialimeira.com.br\/news\/justica-suspende-demissoes-em-massa-de-trabalhadores-das-casas-bahia\/","title":{"rendered":"Justi\u00e7a suspende demiss\u00f5es em massa de trabalhadores das Casas Bahia"},"content":{"rendered":"<p> <br \/>\n<\/p>\n<div>\n<p><strong>A Justi\u00e7a do Trabalho decidiu suspender as demiss\u00f5es em massa que foram efetivadas pelas Casas Bahia em todo o pa\u00eds. A decis\u00e3o foi proferida na noite desta ter\u00e7a-feira (18).<\/strong><img data-recalc-dims=\"1\" decoding=\"async\" src=\"https:\/\/i0.wp.com\/agenciabrasil.ebc.com.br\/ebc.png?w=696&#038;ssl=1\" style=\"width:1px;height:1px;display:inline\" \/><img data-recalc-dims=\"1\" decoding=\"async\" src=\"https:\/\/i0.wp.com\/agenciabrasil.ebc.com.br\/ebc.gif?w=696&#038;ssl=1\" style=\"width:1px;height:1px;display:inline\" \/><\/p>\n<p>A decis\u00e3o foi motivada por um pedido da Confedera\u00e7\u00e3o Nacional dos Trabalhadores no Com\u00e9rcio (CNTC) para barrar as dispensas. <strong>Na semana passada, a varejista anunciou que est\u00e1 com dificuldades financeiras e que protocolou na Justi\u00e7a um pedido de recupera\u00e7\u00e3o judicial. Cerca de 1,9 mil funcion\u00e1rios foram demitidos e 298 lojas foram fechadas.<\/strong>\u00a0<\/p>\n<p>Ao determinar a suspens\u00e3o das demiss\u00f5es, a ju\u00edza Katarina Roberta Mousinho de Matos, da 11\u00aa Vara do Trabalho do Distrito Federal, entendeu que as dispensas ocorreram sem a interven\u00e7\u00e3o do sindicato da categoria, medida imprescind\u00edvel conforme a legisla\u00e7\u00e3o e a jurisprud\u00eancia dos tribunais trabalhistas.<\/p>\n<blockquote>\n<p>&#8220;A medida n\u00e3o impede a requerida de, conclu\u00edda efetiva interven\u00e7\u00e3o sindical, adotar nova decis\u00e3o empresarial de redimensionamento e, se foro caso, promover dispensas. O sindicato n\u00e3o disp\u00f5e de poder de veto. Exige-se somente que a decis\u00e3o coletiva seja precedida de informa\u00e7\u00e3o e oportunidade real de interlocu\u00e7\u00e3o, antes de sua implementa\u00e7\u00e3o&#8221;, decidiu a magistrada.<\/p>\n<\/blockquote>\n<p>Conforme a liminar, a empresa ter\u00e1 <strong>prazo de cinco dias<\/strong> para restabelecer os v\u00ednculos trabalhistas e incluir os funcion\u00e1rios na folha de pagamento. Em 48 horas, o plano de sa\u00fade e os benef\u00edcios assistenciais tamb\u00e9m dever\u00e3o ser restabelecidos.<\/p>\n<p><strong>Novas demiss\u00f5es s\u00f3 poder\u00e3o ocorrer se tiverem intermedia\u00e7\u00e3o dos sindicatos.<\/strong>\u00a0<\/p>\n<p><strong>Em nota, a varejista declarara\u00a0que respeita as decis\u00f5es judiciais e que prestar\u00e1 os esclarecimentos que forem solicitados.\u00a0<\/strong><\/p>\n<p>\u201cA companhia tomou conhecimento da decis\u00e3o judicial e est\u00e1 avaliando seus termos e os pr\u00f3ximos passos cab\u00edveis. Refor\u00e7a ainda que respeita as determina\u00e7\u00f5es da Justi\u00e7a e prestar\u00e1 os esclarecimentos necess\u00e1rios no \u00e2mbito do processo&#8221;, afirmou a companhia.<\/p>\n<p>      <!-- Relacionada --><\/p>\n<p>            <!-- Relacionada -->\n    <\/div>\n<p><br \/>\n<br \/><a href=\"https:\/\/agenciabrasil.ebc.com.br\/justica\/noticia\/2026-08\/justica-suspende-demissoes-em-massa-de-trabalhadores-das-casas-bahia\" rel=\"noopener\">Informa\u00e7\u00f5es com a Ag\u00eancia Brasil<\/a><\/p>\n","protected":false},"excerpt":{"rendered":"<p>A Justi\u00e7a do Trabalho decidiu suspender as demiss\u00f5es em massa que foram efetivadas pelas Casas Bahia em todo o pa\u00eds. A decis\u00e3o foi proferida na noite desta ter\u00e7a-feira (18). A decis\u00e3o foi motivada por um pedido da Confedera\u00e7\u00e3o Nacional dos Trabalhadores no Com\u00e9rcio (CNTC) para barrar as dispensas. Na semana passada, a varejista anunciou que [&hellip;]<\/p>\n","protected":false},"author":1,"featured_media":74928,"comment_status":"closed","ping_status":"open","sticky":false,"template":"","format":"standard","meta":{"_jetpack_newsletter_access":"","_jetpack_dont_email_post_to_subs":false,"_jetpack_newsletter_tier_id":0,"_jetpack_memberships_contains_paywalled_content":false,"_mbp_banners":[],"_jetpack_feature_clip_id":0,"_jetpack_memberships_contains_paid_content":false,"footnotes":"","jetpack_publicize_message":"","jetpack_publicize_feature_enabled":true,"jetpack_social_post_already_shared":true,"jetpack_social_options":{"image_generator_settings":{"template":"highway","default_image_id":0,"font":"","enabled":false},"version":2},"jetpack_post_was_ever_published":false},"categories":[22],"tags":[],"class_list":["post-74927","post","type-post","status-publish","format-standard","has-post-thumbnail","category-nacional"],"jetpack_publicize_connections":[],"jetpack-related-posts":[],"jetpack_shortlink":"https:\/\/wp.me\/p7Eq1F-juv","jetpack_sharing_enabled":true,"jetpack_featured_media_url":"https:\/\/i0.wp.com\/guialimeira.com.br\/news\/wp-content\/uploads\/2026\/08\/dji_0067.jpg?fit=1600%2C800&ssl=1","_links":{"self":[{"href":"https:\/\/guialimeira.com.br\/news\/wp-json\/wp\/v2\/posts\/74927","targetHints":{"allow":["GET"]}}],"collection":[{"href":"https:\/\/guialimeira.com.br\/news\/wp-json\/wp\/v2\/posts"}],"about":[{"href":"https:\/\/guialimeira.com.br\/news\/wp-json\/wp\/v2\/types\/post"}],"author":[{"embeddable":true,"href":"https:\/\/guialimeira.com.br\/news\/wp-json\/wp\/v2\/users\/1"}],"replies":[{"embeddable":true,"href":"https:\/\/guialimeira.com.br\/news\/wp-json\/wp\/v2\/comments?post=74927"}],"version-history":[{"count":1,"href":"https:\/\/guialimeira.com.br\/news\/wp-json\/wp\/v2\/posts\/74927\/revisions"}],"predecessor-version":[{"id":74929,"href":"https:\/\/guialimeira.com.br\/news\/wp-json\/wp\/v2\/posts\/74927\/revisions\/74929"}],"wp:featuredmedia":[{"embeddable":true,"href":"https:\/\/guialimeira.com.br\/news\/wp-json\/wp\/v2\/media\/74928"}],"wp:attachment":[{"href":"https:\/\/guialimeira.com.br\/news\/wp-json\/wp\/v2\/media?parent=74927"}],"wp:term":[{"taxonomy":"category","embeddable":true,"href":"https:\/\/guialimeira.com.br\/news\/wp-json\/wp\/v2\/categories?post=74927"},{"taxonomy":"post_tag","embeddable":true,"href":"https:\/\/guialimeira.com.br\/news\/wp-json\/wp\/v2\/tags?post=74927"}],"curies":[{"name":"wp","href":"https:\/\/api.w.org\/{rel}","templated":true}]}}