{"id":74922,"date":"2026-08-19T18:04:01","date_gmt":"2026-08-19T21:04:01","guid":{"rendered":"https:\/\/guialimeira.com.br\/?p=74922"},"modified":"2026-08-19T18:04:01","modified_gmt":"2026-08-19T21:04:01","slug":"embrapa-entrega-propostas-de-agricultura-sustentavel-para-candidatos","status":"publish","type":"post","link":"https:\/\/guialimeira.com.br\/news\/embrapa-entrega-propostas-de-agricultura-sustentavel-para-candidatos\/","title":{"rendered":"Embrapa entrega propostas de agricultura sustent\u00e1vel para candidatos"},"content":{"rendered":"<p> <br \/>\n<\/p>\n<div>\n<p>A Empresa Brasileira de Pesquisa Agropecu\u00e1ria (Embrapa) divulgou nesta semana recomenda\u00e7\u00f5es de pol\u00edticas sustent\u00e1veis sobre o setor agr\u00edcola\u00a0e sugest\u00f5es de prioridades para candidatos a cargos legislativos e executivos nas elei\u00e7\u00f5es de outubro.<img data-recalc-dims=\"1\" decoding=\"async\" src=\"https:\/\/i0.wp.com\/agenciabrasil.ebc.com.br\/ebc.png?w=696&#038;ssl=1\" style=\"width:1px;height:1px;display:inline\" \/><img data-recalc-dims=\"1\" decoding=\"async\" src=\"https:\/\/i0.wp.com\/agenciabrasil.ebc.com.br\/ebc.gif?w=696&#038;ssl=1\" style=\"width:1px;height:1px;display:inline\" \/><\/p>\n<p>A publica\u00e7\u00e3o \u00e9 baseada em evid\u00eancias cient\u00edficas e defende a amplia\u00e7\u00e3o e a estabilidade dos investimentos em ci\u00eancia, tecnologia, inova\u00e7\u00e3o e inclus\u00e3o socioprodutiva.<\/p>\n<p>O documento\u00a0<a href=\"https:\/\/www.embrapa.br\/documents\/d\/portal\/agenda-estrategica-para-agricultura-do-brasil\" target=\"_blank\" rel=\"noopener\"><em>Agenda estrat\u00e9gica para agricultura do Brasil: contribui\u00e7\u00f5es de pesquisa e inova\u00e7\u00e3o<\/em><\/a>\u00a0est\u00e1 dispon\u00edvel no site da empresa, vinculada ao Minist\u00e9rio da Agricultura e Pecu\u00e1ria.<\/p>\n<p><strong>Os t\u00e9cnicos da Embrapa entendem que a agricultura ocupa posi\u00e7\u00e3o estrat\u00e9gica para o Brasil<\/strong>,\u00a0pela contribui\u00e7\u00e3o para a economia, pela rela\u00e7\u00e3o com a seguran\u00e7a alimentar e pela necessidade de adapta\u00e7\u00e3o \u00e0s mudan\u00e7as do clima, transi\u00e7\u00e3o energ\u00e9tica e o desenvolvimento territorial.<\/p>\n<p>Para os autores, o conte\u00fado pode subsidiar programas de governo e iniciativas legislativas relacionadas ao setor agropecu\u00e1rio.<\/p>\n<h2>Economia do agro<\/h2>\n<p>O documento ressalta\u00a0o tamanho do agroneg\u00f3cio brasileiro. De acordo com a Embrapa, o Produto Interno Bruto (PIB, conjunto de bens e servi\u00e7os produzidos) do agro chegou a R$ 3,2 trilh\u00f5es em 2025, <strong>representando 25% do PIB do pa\u00eds<\/strong>.<\/p>\n<p>As atividades no campo ocupavam 28,4 milh\u00f5es de pessoas no ano passado, quando o\u00a0Brasil exportou US$ 169,2 bilh\u00f5es (quase R$ 900 bilh\u00f5es), o que equivale a 48,5% do total que o Brasil vendeu para o exterior.<\/p>\n<p>A Embrapa trabalha, entre outras coisas, no melhoramento gen\u00e9tico de sementes para aumentar a toler\u00e2ncia a estresses ambientais, como seca, calor, excesso de \u00e1gua e salinidade.<\/p>\n<p>Nos c\u00e1lculos da empresa de inova\u00e7\u00e3o agropecu\u00e1ria, cada real investido na Embrapa retorna R$ 27,12 \u00e0 sociedade brasileira.<\/p>\n<p>\u00a0<\/p>\n<div class=\"dnd-widget-wrapper context-cheio_8colunas type-image\">\n<div class=\"dnd-atom-rendered\"><!-- scald=442777:cheio_8colunas --><br \/>\n            <img data-recalc-dims=\"1\" decoding=\"async\" src=\"https:\/\/i0.wp.com\/imagens.ebc.com.br\/kdSYoXu57kKuWO89LeNsS74SIso%3D\/754x0\/smart\/https%3A\/\/agenciabrasil.ebc.com.br\/sites\/default\/files\/thumbnails\/image\/2025\/10\/31\/_d6a7985_0.jpg?w=696&#038;ssl=1\" alt=\"Balsas (MA), 09\/10\/2025 \u2013 Gavi\u00e3o-caboclo em lavoura de cultivo de soja vista ao longo da rodovia MA-140. Foto: Fernando Fraz\u00e3o\/Ag\u00eancia Brasil\" title=\"Fernando Fraz\u00e3o\/Ag\u00eancia Brasil\" \/><br \/>\n        <img data-recalc-dims=\"1\" decoding=\"async\" src=\"https:\/\/i0.wp.com\/imagens.ebc.com.br\/kdSYoXu57kKuWO89LeNsS74SIso%3D\/754x0\/smart\/https%3A\/\/agenciabrasil.ebc.com.br\/sites\/default\/files\/thumbnails\/image\/2025\/10\/31\/_d6a7985_0.jpg?w=696&#038;ssl=1\" alt=\"Balsas (MA), 09\/10\/2025 \u2013 Gavi\u00e3o-caboclo em lavoura de cultivo de soja vista ao longo da rodovia MA-140. Foto: Fernando Fraz\u00e3o\/Ag\u00eancia Brasil\" title=\"Fernando Fraz\u00e3o\/Ag\u00eancia Brasil\" \/><br \/>\n    <!-- END scald=442777 --><\/div>\n<p><h6 class=\"meta\">Gavi\u00e3o-caboclo em lavoura de cultivo de soja vista ao longo da rodovia MA-140. Foto:\u00a0<strong>Fernando Fraz\u00e3o\/Ag\u00eancia Brasil<\/strong><!--END copyright=442777--><\/h6>\n<\/p>\n<\/div>\n<h2>Temas estrat\u00e9gicos<\/h2>\n<p>A carta de recomenda\u00e7\u00f5es destaca seis temas estrat\u00e9gicos para a agricultura brasileira:<\/p>\n<ul>\n<li>Seguran\u00e7a alimentar e nutricional;<\/li>\n<li>Agricultura sustent\u00e1vel e resili\u00eancia \u00e0 mudan\u00e7a do clima;<\/li>\n<li>Bioeconomia e desenvolvimento sustent\u00e1vel;<\/li>\n<li>Transi\u00e7\u00e3o energ\u00e9tica e bioenergia;<\/li>\n<li>Desenvolvimento territorial e inclus\u00e3o produtiva no meio rural;<\/li>\n<li>Transforma\u00e7\u00e3o digital no meio rural.<\/li>\n<\/ul>\n<p>Ao defender a seguran\u00e7a alimentar, o documento inclui o objetivo de reduzir a depend\u00eancia de insumos importados.<\/p>\n<p>\u201cA insufici\u00eancia de investimentos cont\u00ednuos em pesquisa, inova\u00e7\u00e3o e inclus\u00e3o produtiva aumenta as vulnerabilidades. Amplia a depend\u00eancia de insumos importados. Eleva a exposi\u00e7\u00e3o a choques clim\u00e1ticos, sanit\u00e1rios e geopol\u00edticos\u201d, sustenta a Embrapa.<\/p>\n<p>Ainda de acordo com a publica\u00e7\u00e3o, a agricultura brasileira pode se refer\u00eancia na produ\u00e7\u00e3o sustent\u00e1vel.<\/p>\n<p>\u201cComo uma das maiores pot\u00eancias mundiais em agricultura tropical, o Brasil re\u00fane condi\u00e7\u00f5es \u00fanicas para se consolidar como refer\u00eancia global em produ\u00e7\u00e3o sustent\u00e1vel e de baixa emiss\u00e3o de carbono, conciliando competitividade, seguran\u00e7a alimentar e conserva\u00e7\u00e3o ambiental\u201d.<\/p>\n<p>A empresa cita <a href=\"https:\/\/www.gov.br\/planejamento\/pt-br\/assuntos\/planejamento\/estrategia-2050-conteudo\/Arquivos\/estudo_estrategico_impactos_mudanca_clima_15_12_25.pdf\/@@display-file\/file\" target=\"_blank\" rel=\"noopener\">proje\u00e7\u00e3o do Instituto de Pesquisa Econ\u00f4mica Aplicada (Ipea)<\/a> de que <strong>a demora em adotar medidas para enfrentar as mudan\u00e7as clim\u00e1ticas pode custar R$ 17,1 trilh\u00f5es\u00a0\u00e0 economia at\u00e9 2050<\/strong>.<\/p>\n<p>Os t\u00e9cnicos acreditam que, ao ampliar investimentos em bioenergia, biocombust\u00edveis, biog\u00e1s, biometano e bioinsumos, o Brasil pode expandir a participa\u00e7\u00e3o nos mercados da economia de baixo carbono, agregar valor \u00e0 produ\u00e7\u00e3o agropecu\u00e1ria, diversificar a matriz energ\u00e9tica e estimular o desenvolvimento regional.<\/p>\n<p>\u201cO fortalecimento dessas capacidades permitir\u00e1 consolidar vantagens competitivas j\u00e1 existentes e posicionar o pa\u00eds como refer\u00eancia global em solu\u00e7\u00f5es sustent\u00e1veis para energia, clima e bioeconomia\u201d, escrevem.<\/p>\n<p>A Embrapa contextualiza que a transforma\u00e7\u00e3o digital est\u00e1 redefinindo a agricultura mundial. S\u00e3o citados avan\u00e7os como intelig\u00eancia artificial, Internet das Coisas, sensoriamento remoto, automa\u00e7\u00e3o, sistemas geoespaciais e agricultura de precis\u00e3o.<\/p>\n<p>\u201cA amplia\u00e7\u00e3o da conectividade rural tornou-se condi\u00e7\u00e3o essencial para a moderniza\u00e7\u00e3o da agricultura\u201d, assinala.<\/p>\n<h2>Executivo e Legislativo<\/h2>\n<p>Os autores da publica\u00e7\u00e3o entendem que a atua\u00e7\u00e3o do Poder Executivo na agenda agropecu\u00e1ria deve estar orientada pela consolida\u00e7\u00e3o de uma estrat\u00e9gia de desenvolvimento rural sustent\u00e1vel, competitividade econ\u00f4mica, seguran\u00e7a alimentar e inclus\u00e3o produtiva.<\/p>\n<p>J\u00e1 o Legislativo deve se voltar \u00e0 defini\u00e7\u00e3o das condi\u00e7\u00f5es institucionais, regulat\u00f3rias e Or\u00e7ament\u00e1rias. \u201cSua atua\u00e7\u00e3o \u00e9 determinante para assegurar estabilidade de pol\u00edticas p\u00fablicas e previsibilidade para investimentos de longo prazo\u201d, aponta.<\/p>\n<p>      <!-- Relacionada --><\/p>\n<p>            <!-- Relacionada -->\n    <\/div>\n<p><br \/>\n<br \/><a href=\"https:\/\/agenciabrasil.ebc.com.br\/economia\/noticia\/2026-08\/embrapa-entrega-propostas-de-agricultura-sustentavel-para-candidatos\" rel=\"noopener\">Informa\u00e7\u00f5es com a Ag\u00eancia Brasil<\/a><\/p>\n","protected":false},"excerpt":{"rendered":"<p>A Empresa Brasileira de Pesquisa Agropecu\u00e1ria (Embrapa) divulgou nesta semana recomenda\u00e7\u00f5es de pol\u00edticas sustent\u00e1veis sobre o setor agr\u00edcola\u00a0e sugest\u00f5es de prioridades para candidatos a cargos legislativos e executivos nas elei\u00e7\u00f5es de outubro. A publica\u00e7\u00e3o \u00e9 baseada em evid\u00eancias cient\u00edficas e defende a amplia\u00e7\u00e3o e a estabilidade dos investimentos em ci\u00eancia, tecnologia, inova\u00e7\u00e3o e inclus\u00e3o socioprodutiva. [&hellip;]<\/p>\n","protected":false},"author":1,"featured_media":74923,"comment_status":"closed","ping_status":"open","sticky":false,"template":"","format":"standard","meta":{"_jetpack_newsletter_access":"","_jetpack_dont_email_post_to_subs":false,"_jetpack_newsletter_tier_id":0,"_jetpack_memberships_contains_paywalled_content":false,"_mbp_banners":[],"_jetpack_feature_clip_id":0,"_jetpack_memberships_contains_paid_content":false,"footnotes":"","jetpack_publicize_message":"","jetpack_publicize_feature_enabled":true,"jetpack_social_post_already_shared":true,"jetpack_social_options":{"image_generator_settings":{"template":"highway","default_image_id":0,"font":"","enabled":false},"version":2},"jetpack_post_was_ever_published":false},"categories":[22],"tags":[],"class_list":["post-74922","post","type-post","status-publish","format-standard","has-post-thumbnail","category-nacional"],"jetpack_publicize_connections":[],"jetpack-related-posts":[],"jetpack_shortlink":"https:\/\/wp.me\/p7Eq1F-juq","jetpack_sharing_enabled":true,"jetpack_featured_media_url":"https:\/\/i0.wp.com\/guialimeira.com.br\/news\/wp-content\/uploads\/2026\/08\/sesi-lab-agrofloresta-mc_abr_29062026-12.jpg?fit=1600%2C800&ssl=1","_links":{"self":[{"href":"https:\/\/guialimeira.com.br\/news\/wp-json\/wp\/v2\/posts\/74922","targetHints":{"allow":["GET"]}}],"collection":[{"href":"https:\/\/guialimeira.com.br\/news\/wp-json\/wp\/v2\/posts"}],"about":[{"href":"https:\/\/guialimeira.com.br\/news\/wp-json\/wp\/v2\/types\/post"}],"author":[{"embeddable":true,"href":"https:\/\/guialimeira.com.br\/news\/wp-json\/wp\/v2\/users\/1"}],"replies":[{"embeddable":true,"href":"https:\/\/guialimeira.com.br\/news\/wp-json\/wp\/v2\/comments?post=74922"}],"version-history":[{"count":1,"href":"https:\/\/guialimeira.com.br\/news\/wp-json\/wp\/v2\/posts\/74922\/revisions"}],"predecessor-version":[{"id":74924,"href":"https:\/\/guialimeira.com.br\/news\/wp-json\/wp\/v2\/posts\/74922\/revisions\/74924"}],"wp:featuredmedia":[{"embeddable":true,"href":"https:\/\/guialimeira.com.br\/news\/wp-json\/wp\/v2\/media\/74923"}],"wp:attachment":[{"href":"https:\/\/guialimeira.com.br\/news\/wp-json\/wp\/v2\/media?parent=74922"}],"wp:term":[{"taxonomy":"category","embeddable":true,"href":"https:\/\/guialimeira.com.br\/news\/wp-json\/wp\/v2\/categories?post=74922"},{"taxonomy":"post_tag","embeddable":true,"href":"https:\/\/guialimeira.com.br\/news\/wp-json\/wp\/v2\/tags?post=74922"}],"curies":[{"name":"wp","href":"https:\/\/api.w.org\/{rel}","templated":true}]}}