{"id":74921,"date":"2026-08-19T17:40:13","date_gmt":"2026-08-19T20:40:13","guid":{"rendered":"https:\/\/guialimeira.com.br\/comissao-de-direitos-humanos-recebe-minutas-de-propostas-para-alteracao-de-nome-de-rua\/"},"modified":"2026-08-19T17:40:13","modified_gmt":"2026-08-19T20:40:13","slug":"comissao-de-direitos-humanos-recebe-minutas-de-propostas-para-alteracao-de-nome-de-rua","status":"publish","type":"post","link":"https:\/\/guialimeira.com.br\/news\/comissao-de-direitos-humanos-recebe-minutas-de-propostas-para-alteracao-de-nome-de-rua\/","title":{"rendered":"Comiss\u00e3o de Direitos Humanos recebe minutas de propostas para altera\u00e7\u00e3o de nome de rua"},"content":{"rendered":"<p>Comiss\u00e3o de Direitos Humanos recebe minutas de propostas para altera\u00e7\u00e3o de nome de rua<\/p>\n<p>A presidente da Comiss\u00e3o de Direitos Humanos, vereadora Isabelly Carvalho (PT), apresentou minutas de projetos para a altera\u00e7\u00e3o de denomina\u00e7\u00e3o da Rua Renato Kehl para an\u00e1lise dos demais membros, durante a reuni\u00e3o do colegiado desta quarta-feira, 19 de agosto. A parlamentar informou que as propostas foram constru\u00eddas ap\u00f3s escuta de lideran\u00e7as do movimento negro, com a contribui\u00e7\u00e3o do Conselho Municipal dos Interesses do Cidad\u00e3o Negro (Comicin) e do Coletivo de Igualdade Racial do Sindsel<\/p>\n<p>O debate sobre a altera\u00e7\u00e3o do nome da rua tramita na Comiss\u00e3o de Direitos Humanos, ap\u00f3s a an\u00e1lise de uma demanda recebida via Servi\u00e7o de Informa\u00e7\u00e3o ao Cidad\u00e3o (SIC) . Antes da apresenta\u00e7\u00e3o da minuta pelo gabinete da presid\u00eancia, os membros deliberaram pelo envio de of\u00edcios, em outubro de 2025, solicitando informa\u00e7\u00f5es e manifesta\u00e7\u00f5es \u00e0 Prefeitura, ao Departamento de Promo\u00e7\u00e3o da Igualdade Racial (DPIR), \u00e0 OAB e ao Comicin.<\/p>\n<p>Entre as respostas recebidas, o Comicin defendeu que \u00e9 necess\u00e1ria a altera\u00e7\u00e3o do nome da via que homenageia Renato Kehl, devido ao seu hist\u00f3rico de defesa de ideias eug\u00eanicas e discriminat\u00f3rias. \u201cA medida se justifica por motivos \u00e9ticos, inclusivos e democr\u00e1ticos, visando o respeito a toda a sociedade\u201d, apontou o conselho.<\/p>\n<p>Em maio deste ano, o colegiado j\u00e1 havia informado estar em articula\u00e7\u00e3o com lideran\u00e7as locais para a elabora\u00e7\u00e3o de uma proposta de altera\u00e7\u00e3o, trabalho que resultou nas sugest\u00f5es atuais. As minutas foram entregues aos vereadores Bruna Magalh\u00e3es (PRTB) e Carlinhos do Grottas (PL) para estudo pr\u00e9vio antes da delibera\u00e7\u00e3o colegiada.<\/p>\n<p>Sobre o nome da rua<\/p>\n<p>A Rua recebeu denomina\u00e7\u00e3o oficial por meio do Decreto N\u00ba 81\/1982, de autoria do Poder Executivo (Prefeitura Municipal) da \u00e9poca e n\u00e3o da C\u00e2mara de Limeira.<\/p>\n<p>A Comiss\u00e3o<\/p>\n<p>Fazem parte da Comiss\u00e3o de Direitos Humanos Isabelly Carvalho (PT), presidente; Carlinhos do Grotta (PL), vice-presidente; e Bruna Magalh\u00e3es (PRTB), secret\u00e1ria. As delibera\u00e7\u00f5es s\u00e3o registradas em ata. \u00c9 de compet\u00eancia do colegiado tratar e fiscalizar assuntos relacionados \u00e0 defesa dos Direitos Humanos, dos Direitos do Consumidor, dos Direitos da Crian\u00e7a e do Adolescente e dos Direitos do Idoso, bem como \u00e0 cidadania.<\/p>\n<hr>\n<p><em>Fonte: <a href=\"https:\/\/www.limeira.sp.leg.br\/noticias\/view\/2026-08-19_comissao-de-direitos-humanos-recebe-minutas-de-propostas-para-alteracao-de-nome-de-rua\" target=\"_blank\" rel=\"noopener\">C\u00e2mara Municipal de Limeira<\/a><\/em><\/p>\n","protected":false},"excerpt":{"rendered":"<p>Comiss\u00e3o de Direitos Humanos recebe minutas de propostas para altera\u00e7\u00e3o de nome de rua<\/p>\n<p>A presidente da Comiss\u00e3o de Direitos Humanos, vereadora Isabelly Carvalho (PT), apresentou minutas de projetos para a altera\u00e7\u00e3o de denomina\u00e7\u00e3o da Rua Renato Kehl para an\u00e1lise dos demais membros, durante a reuni\u00e3o<\/p>\n","protected":false},"author":4,"featured_media":74920,"comment_status":"","ping_status":"open","sticky":false,"template":"","format":"standard","meta":{"_jetpack_newsletter_access":"","_jetpack_dont_email_post_to_subs":false,"_jetpack_newsletter_tier_id":0,"_jetpack_memberships_contains_paywalled_content":false,"_mbp_banners":[],"_jetpack_feature_clip_id":0,"_jetpack_memberships_contains_paid_content":false,"footnotes":"","jetpack_publicize_message":"","jetpack_publicize_feature_enabled":true,"jetpack_social_post_already_shared":true,"jetpack_social_options":{"image_generator_settings":{"template":"highway","default_image_id":0,"font":"","enabled":false},"version":2},"jetpack_post_was_ever_published":false},"categories":[19],"tags":[],"class_list":["post-74921","post","type-post","status-publish","format-standard","has-post-thumbnail","category-politica"],"jetpack_publicize_connections":[],"jetpack-related-posts":[],"jetpack_shortlink":"https:\/\/wp.me\/p7Eq1F-jup","jetpack_sharing_enabled":true,"jetpack_featured_media_url":"https:\/\/i0.wp.com\/guialimeira.com.br\/news\/wp-content\/uploads\/2026\/08\/noticia-camara-39.jpg?fit=1280%2C640&ssl=1","_links":{"self":[{"href":"https:\/\/guialimeira.com.br\/news\/wp-json\/wp\/v2\/posts\/74921","targetHints":{"allow":["GET"]}}],"collection":[{"href":"https:\/\/guialimeira.com.br\/news\/wp-json\/wp\/v2\/posts"}],"about":[{"href":"https:\/\/guialimeira.com.br\/news\/wp-json\/wp\/v2\/types\/post"}],"author":[{"embeddable":true,"href":"https:\/\/guialimeira.com.br\/news\/wp-json\/wp\/v2\/users\/4"}],"replies":[{"embeddable":true,"href":"https:\/\/guialimeira.com.br\/news\/wp-json\/wp\/v2\/comments?post=74921"}],"version-history":[{"count":0,"href":"https:\/\/guialimeira.com.br\/news\/wp-json\/wp\/v2\/posts\/74921\/revisions"}],"wp:featuredmedia":[{"embeddable":true,"href":"https:\/\/guialimeira.com.br\/news\/wp-json\/wp\/v2\/media\/74920"}],"wp:attachment":[{"href":"https:\/\/guialimeira.com.br\/news\/wp-json\/wp\/v2\/media?parent=74921"}],"wp:term":[{"taxonomy":"category","embeddable":true,"href":"https:\/\/guialimeira.com.br\/news\/wp-json\/wp\/v2\/categories?post=74921"},{"taxonomy":"post_tag","embeddable":true,"href":"https:\/\/guialimeira.com.br\/news\/wp-json\/wp\/v2\/tags?post=74921"}],"curies":[{"name":"wp","href":"https:\/\/api.w.org\/{rel}","templated":true}]}}