{"id":7492,"date":"2024-06-04T21:25:44","date_gmt":"2024-06-05T00:25:44","guid":{"rendered":"https:\/\/guialimeira.com.br\/2024\/06\/04\/governo-de-sp-ficara-com-183-das-acoes-da-sabesp\/"},"modified":"2024-06-04T21:25:44","modified_gmt":"2024-06-05T00:25:44","slug":"governo-de-sp-ficara-com-183-das-acoes-da-sabesp","status":"publish","type":"post","link":"https:\/\/guialimeira.com.br\/news\/governo-de-sp-ficara-com-183-das-acoes-da-sabesp\/","title":{"rendered":"Governo de SP ficar\u00e1 com 18,3% das a\u00e7\u00f5es da Sabesp"},"content":{"rendered":"<p> <br \/>\n<\/p>\n<div>\n<p>O governo do estado de S\u00e3o Paulo decidiu ficar com\u00a018,3% das a\u00e7\u00f5es da Companhia de Saneamento B\u00e1sico do Estado de S\u00e3o Paulo (Sabesp), que est\u00e1 em processo de privatiza\u00e7\u00e3o. Atualmente, o estado paulista det\u00e9m 50,3% dos papeis; o restante est\u00e1 nas m\u00e3os de empresas ou pessoas f\u00edsicas.\u00a0<img data-recalc-dims=\"1\" decoding=\"async\" src=\"https:\/\/i0.wp.com\/agenciabrasil.ebc.com.br\/ebc.png?w=696&#038;ssl=1\" style=\"width:1px; height:1px; display:inline;\"\/><img data-recalc-dims=\"1\" decoding=\"async\" src=\"https:\/\/i0.wp.com\/agenciabrasil.ebc.com.br\/ebc.gif?w=696&#038;ssl=1\" style=\"width:1px; height:1px; display:inline;\"\/><\/p>\n<p>Segundo o Pal\u00e1cio dos Bandeirantes, a venda de a\u00e7\u00f5es ser\u00e1 dividida em dois grupos: o primeiro, de 15% dos papeis, ser\u00e1 destinado a um investidor de refer\u00eancia \u2013 as instru\u00e7\u00f5es para disputar esse posto ser\u00e3o divulgadas nos pr\u00f3ximos dias pela Secretaria de Meio Ambiente, Infraestrutura e Log\u00edstica do estado.<\/p>\n<p>J\u00e1 o segundo lote, com cerca de 17% das a\u00e7\u00f5es, ser\u00e1 aberto a todo o mercado, inclusive pessoas f\u00edsicas, jur\u00eddicas e funcion\u00e1rios da companhia. De acordo com o governo, n\u00e3o haver\u00e1 oferta prim\u00e1ria, o que significa que apenas a\u00e7\u00f5es que atualmente s\u00e3o do Governo de S\u00e3o Paulo ser\u00e3o negociadas.<\/p>\n<h2>Investidor de refer\u00eancia<\/h2>\n<p>Para disputar o posto de investidor de refer\u00eancia, as empresas interessadas dever\u00e3o aceitar as condi\u00e7\u00f5es estabelecidas no Acordo de Investimentos, que prev\u00ea que o Conselho de Administra\u00e7\u00e3o da Sabesp ter\u00e1 nove integrantes, com tr\u00eas indica\u00e7\u00f5es do governo de S\u00e3o Paulo, tr\u00eas do investidor de refer\u00eancia e tr\u00eas independentes.\u00a0<\/p>\n<p>Para a indica\u00e7\u00e3o dos conselheiros independentes, o investidor de refer\u00eancia dever\u00e1 propor uma lista com tr\u00eas indica\u00e7\u00f5es. O estado poder\u00e1 acatar as indica\u00e7\u00f5es ou recusar uma e apresentar duas outras op\u00e7\u00f5es para escolha do investidor de refer\u00eancia.\u00a0<\/p>\n<p>O investidor de refer\u00eancia dever\u00e1 ainda indicar o presidente do Conselho \u201ccom apoio do governo de S\u00e3o Paulo\u201d e n\u00e3o poder\u00e1 vender suas a\u00e7\u00f5es at\u00e9 dezembro de 2029, quando est\u00e1 prevista a conclus\u00e3o dos investimentos para universaliza\u00e7\u00e3o do saneamento no estado. \u201cDepois desse prazo, ele poder\u00e1 negociar os papeis sob condi\u00e7\u00f5es espec\u00edficas, como vincular o comprador das a\u00e7\u00f5es ao Acordo de Investimentos\u201d, diz nota explicativa do governo de SP.<\/p>\n<p>De acordo com o documento, o investidor de refer\u00eancia ficar\u00e1 proibido de participar de outros projetos concorrentes com a Sabesp nos munic\u00edpios paulistas por meio de outras empresas das quais seja s\u00f3cio. Em outros estados, o acordo determina que a Sabesp ter\u00e1 prioridade para disputar quando elas envolverem munic\u00edpios ou arranjos regionais com mais de 50 mil habitantes.<\/p>\n<p>\u201cCaso o investidor de refer\u00eancia tenha interesse em disputar alguma concess\u00e3o com esse perfil, dever\u00e1 primeiro consultar o Conselho de Administra\u00e7\u00e3o. A Sabesp poder\u00e1 decidir por disputar essa concess\u00e3o em parceria com o investidor de refer\u00eancia, concorrer com investidor estrat\u00e9gico ou apenas liber\u00e1-lo para participar da concorr\u00eancia\u201d, diz a nota.<\/p>\n<p>A oferta p\u00fablica das a\u00e7\u00f5es, ainda sem data determinada, ser\u00e1 conduzida pelos bancos\u00a0BTG Pactual, Bank of America, Citi, UBS e Ita\u00fa BBA.<\/p>\n<\/p><\/div>\n<p><br \/>\n<br \/><a href=\"https:\/\/agenciabrasil.ebc.com.br\/economia\/noticia\/2024-06\/governo-de-sp-ficara-com-183-das-acoes-da-sabesp\" rel=\"noopener\">Ag\u00eancia Brasil<\/a><\/p>\n","protected":false},"excerpt":{"rendered":"<p>O governo do estado de S\u00e3o Paulo decidiu ficar com\u00a018,3% das a\u00e7\u00f5es da Companhia de Saneamento B\u00e1sico do Estado de S\u00e3o Paulo (Sabesp), que est\u00e1 em processo de privatiza\u00e7\u00e3o. Atualmente, o estado paulista det\u00e9m 50,3% dos papeis; o restante est\u00e1 nas m\u00e3os de empresas ou pessoas f\u00edsicas.\u00a0 Segundo o Pal\u00e1cio dos Bandeirantes, a venda de [&hellip;]<\/p>\n","protected":false},"author":1,"featured_media":7493,"comment_status":"open","ping_status":"open","sticky":false,"template":"","format":"standard","meta":{"_jetpack_newsletter_access":"","_jetpack_dont_email_post_to_subs":false,"_jetpack_newsletter_tier_id":0,"_jetpack_memberships_contains_paywalled_content":false,"_mbp_banners":[],"_jetpack_feature_clip_id":0,"_jetpack_memberships_contains_paid_content":false,"footnotes":"","jetpack_publicize_message":"","jetpack_publicize_feature_enabled":true,"jetpack_social_post_already_shared":true,"jetpack_social_options":{"image_generator_settings":{"template":"highway","default_image_id":0,"font":"","enabled":false},"version":2},"jetpack_post_was_ever_published":false},"categories":[24],"tags":[],"class_list":["post-7492","post","type-post","status-publish","format-standard","has-post-thumbnail","category-economia"],"jetpack_publicize_connections":[],"jetpack-related-posts":[],"jetpack_shortlink":"https:\/\/wp.me\/p7Eq1F-1WQ","jetpack_sharing_enabled":true,"jetpack_featured_media_url":"https:\/\/i0.wp.com\/guialimeira.com.br\/news\/wp-content\/uploads\/2024\/06\/img_5948.jpg?fit=1600%2C800&ssl=1","_links":{"self":[{"href":"https:\/\/guialimeira.com.br\/news\/wp-json\/wp\/v2\/posts\/7492","targetHints":{"allow":["GET"]}}],"collection":[{"href":"https:\/\/guialimeira.com.br\/news\/wp-json\/wp\/v2\/posts"}],"about":[{"href":"https:\/\/guialimeira.com.br\/news\/wp-json\/wp\/v2\/types\/post"}],"author":[{"embeddable":true,"href":"https:\/\/guialimeira.com.br\/news\/wp-json\/wp\/v2\/users\/1"}],"replies":[{"embeddable":true,"href":"https:\/\/guialimeira.com.br\/news\/wp-json\/wp\/v2\/comments?post=7492"}],"version-history":[{"count":0,"href":"https:\/\/guialimeira.com.br\/news\/wp-json\/wp\/v2\/posts\/7492\/revisions"}],"wp:featuredmedia":[{"embeddable":true,"href":"https:\/\/guialimeira.com.br\/news\/wp-json\/wp\/v2\/media\/7493"}],"wp:attachment":[{"href":"https:\/\/guialimeira.com.br\/news\/wp-json\/wp\/v2\/media?parent=7492"}],"wp:term":[{"taxonomy":"category","embeddable":true,"href":"https:\/\/guialimeira.com.br\/news\/wp-json\/wp\/v2\/categories?post=7492"},{"taxonomy":"post_tag","embeddable":true,"href":"https:\/\/guialimeira.com.br\/news\/wp-json\/wp\/v2\/tags?post=7492"}],"curies":[{"name":"wp","href":"https:\/\/api.w.org\/{rel}","templated":true}]}}