{"id":74902,"date":"2026-08-19T15:00:09","date_gmt":"2026-08-19T18:00:09","guid":{"rendered":"https:\/\/guialimeira.com.br\/?p=74902"},"modified":"2026-08-19T15:00:09","modified_gmt":"2026-08-19T18:00:09","slug":"governo-fara-esforco-por-fim-da-taxa-das-blusinhas-diz-durigan","status":"publish","type":"post","link":"https:\/\/guialimeira.com.br\/news\/governo-fara-esforco-por-fim-da-taxa-das-blusinhas-diz-durigan\/","title":{"rendered":"Governo far\u00e1 esfor\u00e7o por fim da taxa das blusinhas, diz Durigan"},"content":{"rendered":"<p> <br \/>\n<\/p>\n<div>\n<p><strong>O governo federal vai concentrar esfor\u00e7os, na pr\u00f3xima semana, para mobilizar a base no Congresso Nacional e avan\u00e7ar com a medida provis\u00f3ria (MP) da chamada taxa das blusinhas. <\/strong>O texto zera o imposto de importa\u00e7\u00e3o de 20% sobre compras de at\u00e9 US$ 50 feitas pela internet. A declara\u00e7\u00e3o foi feita nesta quarta-feira (19) pelo ministro da Fazenda, Dario Durigan.<img data-recalc-dims=\"1\" decoding=\"async\" src=\"https:\/\/i0.wp.com\/agenciabrasil.ebc.com.br\/ebc.png?w=696&#038;ssl=1\" style=\"width:1px;height:1px;display:inline\" \/><img data-recalc-dims=\"1\" decoding=\"async\" src=\"https:\/\/i0.wp.com\/agenciabrasil.ebc.com.br\/ebc.gif?w=696&#038;ssl=1\" style=\"width:1px;height:1px;display:inline\" \/><\/p>\n<blockquote>\n<p>\u201cO esfor\u00e7o do governo \u00e9 mobilizar a base do Congresso Nacional.\u00a0Constituir a comiss\u00e3o mista da medida provis\u00f3ria&#8221;, disse Durigan, ao participar do F\u00f3rum Sa\u00fade, promovido pela Esfera Brasil e pela EMS, em Bras\u00edlia.<\/p>\n<\/blockquote>\n<p>Na semana passada, a instala\u00e7\u00e3o da comiss\u00e3o parlamentar mista que vai analisar a <a href=\"https:\/\/agenciabrasil.ebc.com.br\/politica\/noticia\/2026-08\/congresso-adia-instalacao-de-comissao-sobre-mp-da-taxa-das-blusinhas\" target=\"_blank\" rel=\"noopener\">MP foi adiada<\/a>. O texto perde a validade no dia 8 de setembro caso n\u00e3o seja aprovado na C\u00e2mara dos Deputados e no Senado.<\/p>\n<p>A an\u00e1lise estava parada por falta de autoriza\u00e7\u00e3o para instala\u00e7\u00e3o da comiss\u00e3o por parte do presidente do Senado, Davi Alcolumbre (Uni\u00e3o-AP), o que levou o governo a <a href=\"https:\/\/agenciabrasil.ebc.com.br\/politica\/noticia\/2026-08\/governo-pede-alcolumbre-que-instale-comissao-sobre-mp-das-blusinhas\" target=\"_blank\" rel=\"noopener\">pedir formalmente a instala\u00e7\u00e3o do colegiado<\/a>.<\/p>\n<p>      <!-- Relacionada --><\/p>\n<p>            <!-- Relacionada -->\n    <\/div>\n<p><br \/>\n<br \/><a href=\"https:\/\/agenciabrasil.ebc.com.br\/economia\/noticia\/2026-08\/governo-fara-esforco-por-fim-da-taxa-das-blusinhas-diz-durigan\" rel=\"noopener\">Informa\u00e7\u00f5es com a Ag\u00eancia Brasil<\/a><\/p>\n","protected":false},"excerpt":{"rendered":"<p>O governo federal vai concentrar esfor\u00e7os, na pr\u00f3xima semana, para mobilizar a base no Congresso Nacional e avan\u00e7ar com a medida provis\u00f3ria (MP) da chamada taxa das blusinhas. O texto zera o imposto de importa\u00e7\u00e3o de 20% sobre compras de at\u00e9 US$ 50 feitas pela internet. A declara\u00e7\u00e3o foi feita nesta quarta-feira (19) pelo ministro [&hellip;]<\/p>\n","protected":false},"author":1,"featured_media":8203,"comment_status":"closed","ping_status":"open","sticky":false,"template":"","format":"standard","meta":{"_jetpack_newsletter_access":"","_jetpack_dont_email_post_to_subs":false,"_jetpack_newsletter_tier_id":0,"_jetpack_memberships_contains_paywalled_content":false,"_mbp_banners":[],"_jetpack_feature_clip_id":0,"_jetpack_memberships_contains_paid_content":false,"footnotes":"","jetpack_publicize_message":"","jetpack_publicize_feature_enabled":true,"jetpack_social_post_already_shared":true,"jetpack_social_options":{"image_generator_settings":{"template":"highway","default_image_id":0,"font":"","enabled":false},"version":2},"jetpack_post_was_ever_published":false},"categories":[22],"tags":[],"class_list":["post-74902","post","type-post","status-publish","format-standard","has-post-thumbnail","category-nacional"],"jetpack_publicize_connections":[],"jetpack-related-posts":[],"jetpack_shortlink":"https:\/\/wp.me\/p7Eq1F-ju6","jetpack_sharing_enabled":true,"jetpack_featured_media_url":"https:\/\/i0.wp.com\/guialimeira.com.br\/news\/wp-content\/uploads\/2024\/06\/imagem_do_whatsapp_de_2024-06-01_as_16.55.51_d697879b.jpg?fit=1600%2C800&ssl=1","_links":{"self":[{"href":"https:\/\/guialimeira.com.br\/news\/wp-json\/wp\/v2\/posts\/74902","targetHints":{"allow":["GET"]}}],"collection":[{"href":"https:\/\/guialimeira.com.br\/news\/wp-json\/wp\/v2\/posts"}],"about":[{"href":"https:\/\/guialimeira.com.br\/news\/wp-json\/wp\/v2\/types\/post"}],"author":[{"embeddable":true,"href":"https:\/\/guialimeira.com.br\/news\/wp-json\/wp\/v2\/users\/1"}],"replies":[{"embeddable":true,"href":"https:\/\/guialimeira.com.br\/news\/wp-json\/wp\/v2\/comments?post=74902"}],"version-history":[{"count":1,"href":"https:\/\/guialimeira.com.br\/news\/wp-json\/wp\/v2\/posts\/74902\/revisions"}],"predecessor-version":[{"id":74903,"href":"https:\/\/guialimeira.com.br\/news\/wp-json\/wp\/v2\/posts\/74902\/revisions\/74903"}],"wp:featuredmedia":[{"embeddable":true,"href":"https:\/\/guialimeira.com.br\/news\/wp-json\/wp\/v2\/media\/8203"}],"wp:attachment":[{"href":"https:\/\/guialimeira.com.br\/news\/wp-json\/wp\/v2\/media?parent=74902"}],"wp:term":[{"taxonomy":"category","embeddable":true,"href":"https:\/\/guialimeira.com.br\/news\/wp-json\/wp\/v2\/categories?post=74902"},{"taxonomy":"post_tag","embeddable":true,"href":"https:\/\/guialimeira.com.br\/news\/wp-json\/wp\/v2\/tags?post=74902"}],"curies":[{"name":"wp","href":"https:\/\/api.w.org\/{rel}","templated":true}]}}