{"id":74877,"date":"2026-08-19T11:56:41","date_gmt":"2026-08-19T14:56:41","guid":{"rendered":"https:\/\/guialimeira.com.br\/?p=74877"},"modified":"2026-08-19T11:56:41","modified_gmt":"2026-08-19T14:56:41","slug":"novas-regras-do-contran-para-lei-seca-preve-pre-teste-entenda","status":"publish","type":"post","link":"https:\/\/guialimeira.com.br\/news\/novas-regras-do-contran-para-lei-seca-preve-pre-teste-entenda\/","title":{"rendered":"Novas regras do Contran para Lei Seca prev\u00ea pr\u00e9-teste; entenda"},"content":{"rendered":"<p> <br \/>\n<\/p>\n<div>\n<p><strong>Come\u00e7am a valer em todo o pa\u00eds as novas regras do <a href=\"https:\/\/www.gov.br\/transportes\/pt-br\/assuntos\/transito\/contran\" target=\"_blank\" rel=\"noopener\">Conselho Nacional de Tr\u00e2nsito (Contran)<\/a> para fiscalizar motoristas sob influ\u00eancia de \u00e1lcool ou de outras subst\u00e2ncias psicoativas. \u00a0<\/strong><img data-recalc-dims=\"1\" decoding=\"async\" src=\"https:\/\/i0.wp.com\/agenciabrasil.ebc.com.br\/ebc.png?w=696&#038;ssl=1\" style=\"width:1px;height:1px;display:inline\" \/><img data-recalc-dims=\"1\" decoding=\"async\" src=\"https:\/\/i0.wp.com\/agenciabrasil.ebc.com.br\/ebc.gif?w=696&#038;ssl=1\" style=\"width:1px;height:1px;display:inline\" \/><\/p>\n<p><strong>A <a href=\"https:\/\/www.in.gov.br\/en\/web\/dou\/-\/resolucao-contran-n-1.031-de-17-de-agosto-de-2026-726164626\" target=\"_blank\" rel=\"noopener\">Resolu\u00e7\u00e3o n\u00ba 1.031\/2026<\/a> revoga normativos de 2013 e traz como novidade a regulamenta\u00e7\u00e3o do chamado pr\u00e9-teste ou teste passivo de alcoolemia, usado para triagem durante opera\u00e7\u00f5es de fiscaliza\u00e7\u00e3o da <a href=\"https:\/\/www.planalto.gov.br\/ccivil_03\/_ato2007-2010\/2008\/lei\/l11705.htm\" target=\"_blank\" rel=\"noopener\">Lei Seca<\/a>.<\/strong><\/p>\n<p>De acordo com o texto, qualquer condutor abordado poder\u00e1 ser submetido aos procedimentos de fiscaliza\u00e7\u00e3o, mesmo que n\u00e3o apresente sinais aparentes de altera\u00e7\u00e3o da capacidade psicomotora.<\/p>\n<p>Entram\u00a0em vigor em 60 dias apenas a atualiza\u00e7\u00e3o das fichas de fiscaliza\u00e7\u00e3o e os c\u00f3digos de enquadramento das infra\u00e7\u00f5es. Durante esse per\u00edodo, continuar\u00e3o em uso os c\u00f3digos atualmente vigentes.<\/p>\n<h2>Pr\u00e9-teste e reteste<\/h2>\n<p>Segundo a norma, o pr\u00e9-teste \u00e9 um procedimento n\u00e3o obrigat\u00f3rio, com\u00a0car\u00e1ter indicativo, e n\u00e3o poder\u00e1 ser usado para caracterizar infra\u00e7\u00f5es, fundamentar autua\u00e7\u00f5es ou responsabilizar o condutor.<\/p>\n<p>O aparelho ou a fun\u00e7\u00e3o usados no procedimento\u00a0n\u00e3o precisam observar as exig\u00eancias legais definidas para os baf\u00f4metros, de acordo com o Artigo 5\u00b0 da resolu\u00e7\u00e3o.<\/p>\n<p>Quando algum fator t\u00e9cnico ou operacional comprometer a obten\u00e7\u00e3o de um resultado v\u00e1lido, inclusive para afastar eventual detec\u00e7\u00e3o de \u00e1lcool residual no trato respirat\u00f3rio superior, poder\u00e1 ser feito o reteste.<\/p>\n<p>Caso o motorista alegue ter ingerido algum produto que possa ter deixado temporariamente res\u00edduos de \u00e1lcool na boca, como bombons de licor, enxaguantes bucais e p\u00e3o de forma, uma nova avalia\u00e7\u00e3o ter\u00e1 que ser feita posteriormente, antes de qualquer conclus\u00e3o.<\/p>\n<p>Nos casos em que registrarem auto de infra\u00e7\u00e3o, os agentes dever\u00e3o anotar ao menos dois sinais observados que confirmem a altera\u00e7\u00e3o da capacidade psicomotora do condutor.<\/p>\n<h2>Fiscaliza\u00e7\u00e3o<\/h2>\n<p>A resolu\u00e7\u00e3o estabelece que a constata\u00e7\u00e3o da influ\u00eancia de \u00e1lcool poder\u00e1 ser feita por meio de teste do etil\u00f4metro, conhecido como baf\u00f4metro, ou pela observa\u00e7\u00e3o de sinais de altera\u00e7\u00e3o da capacidade psicomotora do condutor.<\/p>\n<p>Para identificar outras subst\u00e2ncias, os servidores dos \u00f3rg\u00e3os de tr\u00e2nsito poder\u00e3o usar equipamentos tecnicamente certificados pelo Instituto Nacional de Metrologia, Qualidade e Tecnologia (Inmetro).\u00a0<\/p>\n<h2>Infra\u00e7\u00e3o administrativa\u00a0<\/h2>\n<p><strong>A infra\u00e7\u00e3o administrativa prevista no Artigo 165 do <a href=\"https:\/\/www.planalto.gov.br\/ccivil_03\/leis\/l9503compilado.htm\" target=\"_blank\" rel=\"noopener\">C\u00f3digo de Tr\u00e2nsito Brasileiro (CTB)<\/a>, referente \u00e0 condu\u00e7\u00e3o de ve\u00edculo sob influ\u00eancia de \u00e1lcool ou drogas, poder\u00e1 ser caracterizada por teste de etil\u00f4metro com resultado igual ou superior a 0,05 miligrama de \u00e1lcool por litro de ar expirado, observadas as margens de toler\u00e2ncia estabelecidas pelo Instituto Nacional de Metrologia, Qualidade e Tecnologia (Inmetro).<\/strong><\/p>\n<p>Tamb\u00e9m poder\u00e3o configurar a infra\u00e7\u00e3o testes positivos para outras subst\u00e2ncias psicoativas ou a constata\u00e7\u00e3o de sinais de altera\u00e7\u00e3o da capacidade psicomotora.<\/p>\n<p>A resolu\u00e7\u00e3o refor\u00e7a que a recusa do motorista em se submeter aos procedimentos de fiscaliza\u00e7\u00e3o continua sujeita \u00e0s penalidades previstas no Artigo 165-A do CTB. No entanto, quando forem identificados ao menos dois sinais de altera\u00e7\u00e3o da capacidade psicomotora, poder\u00e3o ser aplicadas as penalidades do Artigo 165, independentemente da realiza\u00e7\u00e3o dos testes.<\/p>\n<h2>Crime<\/h2>\n<p>A nova norma tamb\u00e9m detalha os procedimentos para caracteriza\u00e7\u00e3o do crime de embriaguez ao volante previsto no Artigo 306 do CTB.<\/p>\n<p><strong>Entre os elementos que poder\u00e3o comprovar o crime est\u00e3o resultado do etil\u00f4metro igual ou superior a 0,34\u00a0miligrama de \u00e1lcool por litro de ar expirado, testes positivos para outras subst\u00e2ncias psicoativas, sinais de altera\u00e7\u00e3o da capacidade psicomotora, exame de sangue, laudo pericial m\u00e9dico ou exames laboratoriais especializados.<\/strong><\/p>\n<p>Quando houver configura\u00e7\u00e3o do crime, o condutor dever\u00e1 ser encaminhado \u00e0 delegacia juntamente com os elementos de prova coletados.<\/p>\n<h2>Reten\u00e7\u00e3o de ve\u00edculos<\/h2>\n<p>A resolu\u00e7\u00e3o mant\u00e9m a reten\u00e7\u00e3o do ve\u00edculo at\u00e9 a apresenta\u00e7\u00e3o de outro condutor habilitado e em condi\u00e7\u00f5es de dirigir. Caso isso n\u00e3o ocorra, o ve\u00edculo poder\u00e1 ser recolhido ao dep\u00f3sito do \u00f3rg\u00e3o respons\u00e1vel pela fiscaliza\u00e7\u00e3o.<\/p>\n<p>O texto tamb\u00e9m prev\u00ea puni\u00e7\u00f5es adicionais em situa\u00e7\u00f5es nas quais o ve\u00edculo seja devolvido ao motorista autuado por dirigir sob influ\u00eancia de \u00e1lcool ou drogas ap\u00f3s a abordagem.<\/p>\n<h2>Acidentes<\/h2>\n<p>Outra mudan\u00e7a estabelece que, nos casos de \u00f3bitos decorrentes de acidentes de tr\u00e2nsito, ser\u00e1 obrigat\u00f3rio exame de sangue ou de outro procedimento laboratorial para detectar a presen\u00e7a de \u00e1lcool ou subst\u00e2ncias psicoativas.<\/p>\n<p>De acordo com o Contran, os dados obtidos nesses exames poder\u00e3o subsidiar o planejamento e a avalia\u00e7\u00e3o de pol\u00edticas p\u00fablicas de seguran\u00e7a vi\u00e1ria.<\/p>\n<p>      <!-- Relacionada --><\/p>\n<p>            <!-- Relacionada -->\n    <\/div>\n<p><br \/>\n<br \/><a href=\"https:\/\/agenciabrasil.ebc.com.br\/geral\/noticia\/2026-08\/novas-regras-do-contran-para-lei-seca-preve-pre-teste-entenda\" rel=\"noopener\">Informa\u00e7\u00f5es com a Ag\u00eancia Brasil<\/a><\/p>\n","protected":false},"excerpt":{"rendered":"<p>Come\u00e7am a valer em todo o pa\u00eds as novas regras do Conselho Nacional de Tr\u00e2nsito (Contran) para fiscalizar motoristas sob influ\u00eancia de \u00e1lcool ou de outras subst\u00e2ncias psicoativas. \u00a0 A Resolu\u00e7\u00e3o n\u00ba 1.031\/2026 revoga normativos de 2013 e traz como novidade a regulamenta\u00e7\u00e3o do chamado pr\u00e9-teste ou teste passivo de alcoolemia, usado para triagem durante [&hellip;]<\/p>\n","protected":false},"author":1,"featured_media":74878,"comment_status":"closed","ping_status":"open","sticky":false,"template":"","format":"standard","meta":{"_jetpack_newsletter_access":"","_jetpack_dont_email_post_to_subs":false,"_jetpack_newsletter_tier_id":0,"_jetpack_memberships_contains_paywalled_content":false,"_mbp_banners":[],"_jetpack_feature_clip_id":0,"_jetpack_memberships_contains_paid_content":false,"footnotes":"","jetpack_publicize_message":"","jetpack_publicize_feature_enabled":true,"jetpack_social_post_already_shared":true,"jetpack_social_options":{"image_generator_settings":{"template":"highway","default_image_id":0,"font":"","enabled":false},"version":2},"jetpack_post_was_ever_published":false},"categories":[22],"tags":[],"class_list":["post-74877","post","type-post","status-publish","format-standard","has-post-thumbnail","category-nacional"],"jetpack_publicize_connections":[],"jetpack-related-posts":[],"jetpack_shortlink":"https:\/\/wp.me\/p7Eq1F-jtH","jetpack_sharing_enabled":true,"jetpack_featured_media_url":"https:\/\/i0.wp.com\/guialimeira.com.br\/news\/wp-content\/uploads\/2026\/08\/vac_abr_0886240719rj.jpg?fit=1600%2C800&ssl=1","_links":{"self":[{"href":"https:\/\/guialimeira.com.br\/news\/wp-json\/wp\/v2\/posts\/74877","targetHints":{"allow":["GET"]}}],"collection":[{"href":"https:\/\/guialimeira.com.br\/news\/wp-json\/wp\/v2\/posts"}],"about":[{"href":"https:\/\/guialimeira.com.br\/news\/wp-json\/wp\/v2\/types\/post"}],"author":[{"embeddable":true,"href":"https:\/\/guialimeira.com.br\/news\/wp-json\/wp\/v2\/users\/1"}],"replies":[{"embeddable":true,"href":"https:\/\/guialimeira.com.br\/news\/wp-json\/wp\/v2\/comments?post=74877"}],"version-history":[{"count":1,"href":"https:\/\/guialimeira.com.br\/news\/wp-json\/wp\/v2\/posts\/74877\/revisions"}],"predecessor-version":[{"id":74879,"href":"https:\/\/guialimeira.com.br\/news\/wp-json\/wp\/v2\/posts\/74877\/revisions\/74879"}],"wp:featuredmedia":[{"embeddable":true,"href":"https:\/\/guialimeira.com.br\/news\/wp-json\/wp\/v2\/media\/74878"}],"wp:attachment":[{"href":"https:\/\/guialimeira.com.br\/news\/wp-json\/wp\/v2\/media?parent=74877"}],"wp:term":[{"taxonomy":"category","embeddable":true,"href":"https:\/\/guialimeira.com.br\/news\/wp-json\/wp\/v2\/categories?post=74877"},{"taxonomy":"post_tag","embeddable":true,"href":"https:\/\/guialimeira.com.br\/news\/wp-json\/wp\/v2\/tags?post=74877"}],"curies":[{"name":"wp","href":"https:\/\/api.w.org\/{rel}","templated":true}]}}