{"id":74865,"date":"2026-08-19T10:55:59","date_gmt":"2026-08-19T13:55:59","guid":{"rendered":"https:\/\/guialimeira.com.br\/?p=74865"},"modified":"2026-08-19T10:55:59","modified_gmt":"2026-08-19T13:55:59","slug":"corpos-das-vitimas-de-acidente-no-parana-sao-retirados-da-pista","status":"publish","type":"post","link":"https:\/\/guialimeira.com.br\/news\/corpos-das-vitimas-de-acidente-no-parana-sao-retirados-da-pista\/","title":{"rendered":"Corpos das v\u00edtimas de acidente no Paran\u00e1 s\u00e3o retirados da pista"},"content":{"rendered":"<p> <br \/>\n<\/p>\n<div>\n<p><strong>As equipes de resgate j\u00e1 retiraram da pista os corpos das 23 pessoas que morreram ap\u00f3s a batida frontal entre um micro-\u00f4nibus e uma carreta na BR-373, na madrugada desta quarta-feira (19), entre as cidades de Ponta Grossa e Imbituva.<\/strong><img data-recalc-dims=\"1\" decoding=\"async\" src=\"https:\/\/i0.wp.com\/agenciabrasil.ebc.com.br\/ebc.png?w=696&#038;ssl=1\" style=\"width:1px;height:1px;display:inline\" \/><img data-recalc-dims=\"1\" decoding=\"async\" src=\"https:\/\/i0.wp.com\/agenciabrasil.ebc.com.br\/ebc.gif?w=696&#038;ssl=1\" style=\"width:1px;height:1px;display:inline\" \/><\/p>\n<p>Cinco pessoas ficaram feridas e foram encaminhadas para um hospital em Ponta Grossa. A pista segue totalmente interditada nos dois sentidos e a previs\u00e3o de libera\u00e7\u00e3o \u00e9 a partir das 10h20.<\/p>\n<p><strong>Segundo dados da concession\u00e1ria Via Arauc\u00e1ria, as v\u00edtimas do acidente s\u00e3o 13 mulheres, oito homens e duas crian\u00e7as. Os cinco feridos encaminhados para um hospital em Ponta Grossa s\u00e3o tr\u00eas homens com idades entre 22, 50 e 49 anos; uma mulher de 26 anos e uma crian\u00e7a de 9 anos.<\/strong><\/p>\n<p>De acordo com as informa\u00e7\u00f5es da Pol\u00edcia Rodovi\u00e1ria Federal (PRF), os corpos ser\u00e3o agora encaminhados para a Unidade de Execu\u00e7\u00e3o T\u00e9cnico-Cient\u00edfica (UETC) da Universidade Estadual de Ponta Grossa (UEPG), onde ser\u00e3o feitos exames periciais para a identifica\u00e7\u00e3o das v\u00edtimas. Apenas ap\u00f3s esse processo \u00e9 que ser\u00e3o confirmadas oficialmente as v\u00edtimas do acidente para que as fam\u00edlias possam ser avisadas pelas autoridades.<\/p>\n<p>A equipe cient\u00edfica ainda analisa as circunst\u00e2ncias da batida para determinar as responsabilidades. Uma avalia\u00e7\u00e3o preliminar da PRF indica que o caminh\u00e3o teria invadido a pista contr\u00e1ria onde trafegava o micro-\u00f4nibus. No momento do choque entre os dois ve\u00edculos n\u00e3o chovia e tamb\u00e9m n\u00e3o havia neblina.<\/p>\n<p>\u00a0<\/p>\n<p>      <!-- Relacionada --><br \/>\n            <!-- Relacionada -->\n    <\/div>\n<p><br \/>\n<br \/><a href=\"https:\/\/agenciabrasil.ebc.com.br\/geral\/noticia\/2026-08\/corpos-das-vitimas-de-acidente-no-parana-sao-retirados-da-pista\" rel=\"noopener\">Informa\u00e7\u00f5es com a Ag\u00eancia Brasil<\/a><\/p>\n","protected":false},"excerpt":{"rendered":"<p>As equipes de resgate j\u00e1 retiraram da pista os corpos das 23 pessoas que morreram ap\u00f3s a batida frontal entre um micro-\u00f4nibus e uma carreta na BR-373, na madrugada desta quarta-feira (19), entre as cidades de Ponta Grossa e Imbituva. Cinco pessoas ficaram feridas e foram encaminhadas para um hospital em Ponta Grossa. A pista [&hellip;]<\/p>\n","protected":false},"author":1,"featured_media":74866,"comment_status":"closed","ping_status":"open","sticky":false,"template":"","format":"standard","meta":{"_jetpack_newsletter_access":"","_jetpack_dont_email_post_to_subs":false,"_jetpack_newsletter_tier_id":0,"_jetpack_memberships_contains_paywalled_content":false,"_mbp_banners":[],"_jetpack_feature_clip_id":0,"_jetpack_memberships_contains_paid_content":false,"footnotes":"","jetpack_publicize_message":"","jetpack_publicize_feature_enabled":true,"jetpack_social_post_already_shared":true,"jetpack_social_options":{"image_generator_settings":{"template":"highway","default_image_id":0,"font":"","enabled":false},"version":2},"jetpack_post_was_ever_published":false},"categories":[22],"tags":[],"class_list":["post-74865","post","type-post","status-publish","format-standard","has-post-thumbnail","category-nacional"],"jetpack_publicize_connections":[],"jetpack-related-posts":[],"jetpack_shortlink":"https:\/\/wp.me\/p7Eq1F-jtv","jetpack_sharing_enabled":true,"jetpack_featured_media_url":"https:\/\/i0.wp.com\/guialimeira.com.br\/news\/wp-content\/uploads\/2026\/08\/acidente_entre_onibus_e_caminhao_mata_23_pessoas_no_parana.jpg?fit=1600%2C800&ssl=1","_links":{"self":[{"href":"https:\/\/guialimeira.com.br\/news\/wp-json\/wp\/v2\/posts\/74865","targetHints":{"allow":["GET"]}}],"collection":[{"href":"https:\/\/guialimeira.com.br\/news\/wp-json\/wp\/v2\/posts"}],"about":[{"href":"https:\/\/guialimeira.com.br\/news\/wp-json\/wp\/v2\/types\/post"}],"author":[{"embeddable":true,"href":"https:\/\/guialimeira.com.br\/news\/wp-json\/wp\/v2\/users\/1"}],"replies":[{"embeddable":true,"href":"https:\/\/guialimeira.com.br\/news\/wp-json\/wp\/v2\/comments?post=74865"}],"version-history":[{"count":1,"href":"https:\/\/guialimeira.com.br\/news\/wp-json\/wp\/v2\/posts\/74865\/revisions"}],"predecessor-version":[{"id":74867,"href":"https:\/\/guialimeira.com.br\/news\/wp-json\/wp\/v2\/posts\/74865\/revisions\/74867"}],"wp:featuredmedia":[{"embeddable":true,"href":"https:\/\/guialimeira.com.br\/news\/wp-json\/wp\/v2\/media\/74866"}],"wp:attachment":[{"href":"https:\/\/guialimeira.com.br\/news\/wp-json\/wp\/v2\/media?parent=74865"}],"wp:term":[{"taxonomy":"category","embeddable":true,"href":"https:\/\/guialimeira.com.br\/news\/wp-json\/wp\/v2\/categories?post=74865"},{"taxonomy":"post_tag","embeddable":true,"href":"https:\/\/guialimeira.com.br\/news\/wp-json\/wp\/v2\/tags?post=74865"}],"curies":[{"name":"wp","href":"https:\/\/api.w.org\/{rel}","templated":true}]}}