{"id":74858,"date":"2026-08-19T09:53:50","date_gmt":"2026-08-19T12:53:50","guid":{"rendered":"https:\/\/guialimeira.com.br\/?p=74858"},"modified":"2026-08-19T09:53:50","modified_gmt":"2026-08-19T12:53:50","slug":"brasil-tem-luto-oficial-de-tres-dias-apos-morte-de-atrizes-iconicas","status":"publish","type":"post","link":"https:\/\/guialimeira.com.br\/news\/brasil-tem-luto-oficial-de-tres-dias-apos-morte-de-atrizes-iconicas\/","title":{"rendered":"Brasil tem luto oficial de tr\u00eas dias ap\u00f3s morte de atrizes ic\u00f4nicas"},"content":{"rendered":"<p> <br \/>\n<\/p>\n<div>\n<p><strong>O Brasil cumpre luto oficial de tr\u00eas dias pelas mortes das atrizes hist\u00f3ricas e \u00edcones da dramaturgia\u00a0<a href=\"https:\/\/www.in.gov.br\/web\/dou\/-\/decreto-n-13.100-de-18-de-agosto-de-2026-726174284\" target=\"_blank\" rel=\"noopener\">Laura Cardoso<\/a> e <a href=\"https:\/\/www.in.gov.br\/web\/dou\/-\/decreto-n-13.101-de-18-de-agosto-de-2026-726174365\" target=\"_blank\" rel=\"noopener\">Gl\u00f3ria Menezes<\/a>. Ambas morreram em intervalo de menos de 24 horas.<\/strong><img data-recalc-dims=\"1\" decoding=\"async\" src=\"https:\/\/i0.wp.com\/agenciabrasil.ebc.com.br\/ebc.png?w=696&#038;ssl=1\" style=\"width:1px;height:1px;display:inline\" \/><img data-recalc-dims=\"1\" decoding=\"async\" src=\"https:\/\/i0.wp.com\/agenciabrasil.ebc.com.br\/ebc.gif?w=696&#038;ssl=1\" style=\"width:1px;height:1px;display:inline\" \/><\/p>\n<p>Os decretos\u00a0foram\u00a0publicados em edi\u00e7\u00e3o extra do <a href=\"https:\/\/www.gov.br\/imprensanacional\/pt-br\" target=\"_blank\" rel=\"noopener\"><em>Di\u00e1rio Oficial da Uni\u00e3o<\/em> <\/a>na noite dessa ter\u00e7a-feira (18).\u00a0<\/p>\n<p><a href=\"http:\/\/https:\/\/agenciabrasil.ebc.com.br\/geral\/noticia\/2026-08\/morre-atriz-laura-cardoso-aos-98-anos-em-sao-paulo\" target=\"_blank\">Laura Cardoso morreu aos 98 anos em S\u00e3o Paulo<\/a>. A informa\u00e7\u00e3o foi confirmada em seu perfil oficial na rede social Instagram. Com o nome de batismo\u00a0Laurinda de Jesus Balleroni, a atriz faria 99 anos em setembro.<\/p>\n<p><a href=\"https:\/\/agenciabrasil.ebc.com.br\/saude\/noticia\/2026-08\/atriz-gloria-menezes-morre-aos-91-anos-no-rio\" target=\"_blank\" rel=\"noopener\">Gl\u00f3ria Menezes morreu em sua casa, no Rio de Janeiro, aos 91 anos<\/a>. A causa da morte n\u00e3o foi divulgada pela fam\u00edlia.\u00a0Nilcedes Soares de Magalh\u00e3es, nome oficial da atriz, iniciou a carreira no teleteatro da TV Tupi.<\/p>\n<p>Em nota de pesar, o Minist\u00e9rio da Cultura\u00a0referiu-se a\u00a0Laura Cardoso como um dos <a href=\"https:\/\/agenciabrasil.ebc.com.br\/cultura\/noticia\/2026-08\/minc-destaca-carreira-de-laura-cardoso-e-lamenta-morte\" target=\"_blank\" rel=\"noopener\">principais nomes da dramaturgia brasileira<\/a>. \u201cA artista construiu uma carreira de mais de oito d\u00e9cadas e fez parte da hist\u00f3ria do r\u00e1dio, do teatro, do cinema e da televis\u00e3o no pa\u00eds.\u201d<\/p>\n<p>Numa segunda nota, a pasta citou Gl\u00f3ria Menezes como refer\u00eancia da teledramaturgia nacional. \u201cMarcou diferentes gera\u00e7\u00f5es ao longo de mais de seis d\u00e9cadas de carreira, com personagens de destaque na televis\u00e3o e trabalhos no teatro e no cinema.\u201d<\/p>\n<p>      <!-- Relacionada --><\/p>\n<p>            <!-- Relacionada -->\n    <\/div>\n<p><br \/>\n<br \/><a href=\"https:\/\/agenciabrasil.ebc.com.br\/geral\/noticia\/2026-08\/brasil-tem-luto-oficial-de-tres-dias-apos-morte-de-atrizes-iconicas\" rel=\"noopener\">Informa\u00e7\u00f5es com a Ag\u00eancia Brasil<\/a><\/p>\n","protected":false},"excerpt":{"rendered":"<p>O Brasil cumpre luto oficial de tr\u00eas dias pelas mortes das atrizes hist\u00f3ricas e \u00edcones da dramaturgia\u00a0Laura Cardoso e Gl\u00f3ria Menezes. Ambas morreram em intervalo de menos de 24 horas. Os decretos\u00a0foram\u00a0publicados em edi\u00e7\u00e3o extra do Di\u00e1rio Oficial da Uni\u00e3o na noite dessa ter\u00e7a-feira (18).\u00a0 Laura Cardoso morreu aos 98 anos em S\u00e3o Paulo. A [&hellip;]<\/p>\n","protected":false},"author":1,"featured_media":74859,"comment_status":"closed","ping_status":"open","sticky":false,"template":"","format":"standard","meta":{"_jetpack_newsletter_access":"","_jetpack_dont_email_post_to_subs":false,"_jetpack_newsletter_tier_id":0,"_jetpack_memberships_contains_paywalled_content":false,"_mbp_banners":[],"_jetpack_feature_clip_id":0,"_jetpack_memberships_contains_paid_content":false,"footnotes":"","jetpack_publicize_message":"","jetpack_publicize_feature_enabled":true,"jetpack_social_post_already_shared":true,"jetpack_social_options":{"image_generator_settings":{"template":"highway","default_image_id":0,"font":"","enabled":false},"version":2},"jetpack_post_was_ever_published":false},"categories":[22],"tags":[],"class_list":["post-74858","post","type-post","status-publish","format-standard","has-post-thumbnail","category-nacional"],"jetpack_publicize_connections":[],"jetpack-related-posts":[],"jetpack_shortlink":"https:\/\/wp.me\/p7Eq1F-jto","jetpack_sharing_enabled":true,"jetpack_featured_media_url":"https:\/\/i0.wp.com\/guialimeira.com.br\/news\/wp-content\/uploads\/2026\/08\/laura_cardoso_e_gloria_cardoso.jpg?fit=1600%2C800&ssl=1","_links":{"self":[{"href":"https:\/\/guialimeira.com.br\/news\/wp-json\/wp\/v2\/posts\/74858","targetHints":{"allow":["GET"]}}],"collection":[{"href":"https:\/\/guialimeira.com.br\/news\/wp-json\/wp\/v2\/posts"}],"about":[{"href":"https:\/\/guialimeira.com.br\/news\/wp-json\/wp\/v2\/types\/post"}],"author":[{"embeddable":true,"href":"https:\/\/guialimeira.com.br\/news\/wp-json\/wp\/v2\/users\/1"}],"replies":[{"embeddable":true,"href":"https:\/\/guialimeira.com.br\/news\/wp-json\/wp\/v2\/comments?post=74858"}],"version-history":[{"count":1,"href":"https:\/\/guialimeira.com.br\/news\/wp-json\/wp\/v2\/posts\/74858\/revisions"}],"predecessor-version":[{"id":74860,"href":"https:\/\/guialimeira.com.br\/news\/wp-json\/wp\/v2\/posts\/74858\/revisions\/74860"}],"wp:featuredmedia":[{"embeddable":true,"href":"https:\/\/guialimeira.com.br\/news\/wp-json\/wp\/v2\/media\/74859"}],"wp:attachment":[{"href":"https:\/\/guialimeira.com.br\/news\/wp-json\/wp\/v2\/media?parent=74858"}],"wp:term":[{"taxonomy":"category","embeddable":true,"href":"https:\/\/guialimeira.com.br\/news\/wp-json\/wp\/v2\/categories?post=74858"},{"taxonomy":"post_tag","embeddable":true,"href":"https:\/\/guialimeira.com.br\/news\/wp-json\/wp\/v2\/tags?post=74858"}],"curies":[{"name":"wp","href":"https:\/\/api.w.org\/{rel}","templated":true}]}}