{"id":74855,"date":"2026-08-19T08:52:47","date_gmt":"2026-08-19T11:52:47","guid":{"rendered":"https:\/\/guialimeira.com.br\/?p=74855"},"modified":"2026-08-19T08:52:47","modified_gmt":"2026-08-19T11:52:47","slug":"radio-mec-jazz-livre-traz-live-de-multi-instrumentista-pedro-franco","status":"publish","type":"post","link":"https:\/\/guialimeira.com.br\/news\/radio-mec-jazz-livre-traz-live-de-multi-instrumentista-pedro-franco\/","title":{"rendered":"R\u00e1dio MEC: Jazz Livre traz live de multi-instrumentista Pedro Franco"},"content":{"rendered":"<p> <br \/>\n<\/p>\n<div>\n<p>O multi-instrumentista, compositor e arranjador Pedro Franco \u00e9 a atra\u00e7\u00e3o do programa<em> Jazz Livre<\/em> desta quarta-feira (19) para uma live em formato multiplataforma na <strong>R\u00e1dio MEC<\/strong>. A performance vai ao ar \u00e0s 21h, com transmiss\u00e3o simult\u00e2nea em \u00e1udio, pelo dial da emissora, e em v\u00eddeo, no <a href=\"http:\/\/https:\/\/www.youtube.com\/radiomec\" target=\"_blank\">YouTube da r\u00e1dio<\/a>.<img data-recalc-dims=\"1\" decoding=\"async\" src=\"https:\/\/i0.wp.com\/agenciabrasil.ebc.com.br\/ebc.png?w=696&#038;ssl=1\" style=\"width:1px;height:1px;display:inline\" \/><img data-recalc-dims=\"1\" decoding=\"async\" src=\"https:\/\/i0.wp.com\/agenciabrasil.ebc.com.br\/ebc.gif?w=696&#038;ssl=1\" style=\"width:1px;height:1px;display:inline\" \/><\/p>\n<p>Acompanhado da contrabaixista Marfa Kurakina e do baterista Cassius Theperson, Pedro Franco toca viol\u00e3o e bandolim de dez cordas para apresentar o trabalho<em> Black Pantha<\/em>, seu recente \u00e1lbum autoral e instrumental aclamado pela cr\u00edtica. O disco traz as\u00a0 composi\u00e7\u00f5es mais representativas de Franco a partir de 2016, no qual o m\u00fasico se declara multi-instrumentista e traz para a linha de frente seus improvisos.<\/p>\n<p>Considerado no cen\u00e1rio nacional como um dos maiores nomes de sua gera\u00e7\u00e3o, Pedro Franco \u00e9 natural de Porto Alegre. Al\u00e9m do trabalho autoral, j\u00e1 dividiu o palco com artistas como Maria Beth\u00e2nia, Z\u00e9lia Duncan, Ney Matogrosso, Yamandu Costa, Gal Costa, Hamilton de Holanda, entre outros grandes artistas brasileiros.<\/p>\n<p>Em 2017, lan\u00e7ou seu primeiro disco de carreira, que foi indicado na categoria Revela\u00e7\u00e3o do Pr\u00eamio da M\u00fasica Brasileira. Em 2020, ganhou como melhor instrumentista no Festival de M\u00fasica da <strong>R\u00e1dio MEC<\/strong>. Em\u00a02021, foi indicado como melhor instrumentista no\u00a0Pr\u00eamio Profissionais da M\u00fasica. No mesmo ano, Pedro lan\u00e7ou o disco<em> Minha Voz Fica<\/em> em duo com a cantora Z\u00e9lia Duncan, dedicado \u00e0 obra da compositora Alzira E.\u00a0<\/p>\n<h2>Sobre o Jazz Livre<\/h2>\n<p>Atra\u00e7\u00e3o di\u00e1ria da <strong>R\u00e1dio MEC<\/strong>, no ar de segunda a sexta-feira, na faixa das 21h, o <em>Jazz Livre<\/em> tem uma hora de dura\u00e7\u00e3o com o melhor repert\u00f3rio do g\u00eanero e da m\u00fasica instrumental. O programa apresenta v\u00e1rias edi\u00e7\u00f5es in\u00e9ditas por semana, ao vivo, geralmente, de segunda a quinta-feira.<\/p>\n<p>A produ\u00e7\u00e3o transmitida em tempo real oferece ao p\u00fablico a oportunidade para interagir por meio do WhatsApp (21) 99710-0537. Os ouvintes podem participar das edi\u00e7\u00f5es e mandar sua mensagem para a equipe da emissora p\u00fablica.<\/p>\n<p>Apresentado por Sidney Ferreira, o <em>Jazz Livre<\/em> tem produ\u00e7\u00e3o de Anderson Domingos e Carlos Soca. A coordena\u00e7\u00e3o de produ\u00e7\u00e3o fica com Rodrigo Soprana.<\/p>\n<h2>Sobre a R\u00e1dio MEC<\/h2>\n<p>Conhecida de norte a sul do pa\u00eds como &#8220;A R\u00e1dio de M\u00fasica Cl\u00e1ssica do Brasil&#8221;, a <strong>R\u00e1dio MEC <\/strong>\u00e9 consagrada pelo p\u00fablico por sua voca\u00e7\u00e3o direcionada \u00e0 m\u00fasica de concerto. A tradicional esta\u00e7\u00e3o dedica 80% de sua programa\u00e7\u00e3o \u00e0 m\u00fasica cl\u00e1ssica e leva ao ar compositores brasileiros e internacionais de todos os tempos.<\/p>\n<p>A <strong>R\u00e1dio MEC<\/strong> oferece aos ouvintes a experi\u00eancia de acompanhar repert\u00f3rios segmentados, composi\u00e7\u00f5es originais e produ\u00e7\u00f5es qualificadas. Ainda h\u00e1 espa\u00e7o tamb\u00e9m para faixas de jazz e m\u00fasica popular brasileira, combina\u00e7\u00e3o que garante a conquista de novos p\u00fablicos e agrada a audi\u00eancia cativa.<\/p>\n<p>A emissora pode ser sintonizada pela frequ\u00eancia FM 99,3 MHz e AM 800 kHz no Rio de Janeiro. O dial da<strong> R\u00e1dio MEC<\/strong> em Bras\u00edlia est\u00e1 em FM 87,1 MHz e AM 800 kHz. O p\u00fablico tamb\u00e9m acompanha a programa\u00e7\u00e3o em Belo Horizonte na frequ\u00eancia FM 87,1 MHz.\u00a0<\/p>\n<p>Os ouvintes t\u00eam participa\u00e7\u00e3o garantida e podem colaborar com sugest\u00f5es para a programa\u00e7\u00e3o da<strong> R\u00e1dio MEC<\/strong>. O p\u00fablico pode interagir pelas redes sociais e pelo WhatsApp. Para isso, basta que os interessados enviem mensagens de texto para o n\u00famero (21) 99710-0537.<\/p>\n<p><strong>Servi\u00e7o<\/strong><\/p>\n<p>Jazz Livre &#8211; Live Black Pantha &#8211; Pedro Franco &#8211; quarta-feira, dia 19\/08, \u00e0s 21h, ao vivo na R\u00e1dio MEC e no <a href=\"https:\/\/www.youtube.com\/radiomec\" target=\"_blank\" rel=\"noopener\">YouTube da emissora<\/a><\/p>\n<h2>Como sintonizar a R\u00e1dio MEC<\/h2>\n<p>Rio de Janeiro: FM 99,3 MHz e AM 800 kHz<\/p>\n<p>Belo Horizonte: FM 87,1 MHz<\/p>\n<p>Bras\u00edlia: FM 87,1 MHz e AM 800 kHz<\/p>\n<p>Parab\u00f3lica &#8211; Star One C2 &#8211; 3748,00 MHz &#8211; Servi\u00e7o 3<\/p>\n<p>Celular &#8211; App R\u00e1dios EBC para Android e iOS<\/p>\n<p>      <!-- Relacionada --><\/p>\n<p>            <!-- Relacionada -->\n    <\/div>\n<p><br \/>\n<br \/><a href=\"https:\/\/agenciabrasil.ebc.com.br\/cultura\/noticia\/2026-08\/radio-mec-jazz-livre-traz-live-de-multi-instrumentista-pedro-franco\" rel=\"noopener\">Informa\u00e7\u00f5es com a Ag\u00eancia Brasil<\/a><\/p>\n","protected":false},"excerpt":{"rendered":"<p>O multi-instrumentista, compositor e arranjador Pedro Franco \u00e9 a atra\u00e7\u00e3o do programa Jazz Livre desta quarta-feira (19) para uma live em formato multiplataforma na R\u00e1dio MEC. A performance vai ao ar \u00e0s 21h, com transmiss\u00e3o simult\u00e2nea em \u00e1udio, pelo dial da emissora, e em v\u00eddeo, no YouTube da r\u00e1dio. Acompanhado da contrabaixista Marfa Kurakina e [&hellip;]<\/p>\n","protected":false},"author":1,"featured_media":74856,"comment_status":"closed","ping_status":"open","sticky":false,"template":"","format":"standard","meta":{"_jetpack_newsletter_access":"","_jetpack_dont_email_post_to_subs":false,"_jetpack_newsletter_tier_id":0,"_jetpack_memberships_contains_paywalled_content":false,"_mbp_banners":[],"_jetpack_feature_clip_id":0,"_jetpack_memberships_contains_paid_content":false,"footnotes":"","jetpack_publicize_message":"","jetpack_publicize_feature_enabled":true,"jetpack_social_post_already_shared":true,"jetpack_social_options":{"image_generator_settings":{"template":"highway","default_image_id":0,"font":"","enabled":false},"version":2},"jetpack_post_was_ever_published":false},"categories":[22],"tags":[],"class_list":["post-74855","post","type-post","status-publish","format-standard","has-post-thumbnail","category-nacional"],"jetpack_publicize_connections":[],"jetpack-related-posts":[],"jetpack_shortlink":"https:\/\/wp.me\/p7Eq1F-jtl","jetpack_sharing_enabled":true,"jetpack_featured_media_url":"https:\/\/i0.wp.com\/guialimeira.com.br\/news\/wp-content\/uploads\/2026\/08\/musico.jpg?fit=1600%2C800&ssl=1","_links":{"self":[{"href":"https:\/\/guialimeira.com.br\/news\/wp-json\/wp\/v2\/posts\/74855","targetHints":{"allow":["GET"]}}],"collection":[{"href":"https:\/\/guialimeira.com.br\/news\/wp-json\/wp\/v2\/posts"}],"about":[{"href":"https:\/\/guialimeira.com.br\/news\/wp-json\/wp\/v2\/types\/post"}],"author":[{"embeddable":true,"href":"https:\/\/guialimeira.com.br\/news\/wp-json\/wp\/v2\/users\/1"}],"replies":[{"embeddable":true,"href":"https:\/\/guialimeira.com.br\/news\/wp-json\/wp\/v2\/comments?post=74855"}],"version-history":[{"count":1,"href":"https:\/\/guialimeira.com.br\/news\/wp-json\/wp\/v2\/posts\/74855\/revisions"}],"predecessor-version":[{"id":74857,"href":"https:\/\/guialimeira.com.br\/news\/wp-json\/wp\/v2\/posts\/74855\/revisions\/74857"}],"wp:featuredmedia":[{"embeddable":true,"href":"https:\/\/guialimeira.com.br\/news\/wp-json\/wp\/v2\/media\/74856"}],"wp:attachment":[{"href":"https:\/\/guialimeira.com.br\/news\/wp-json\/wp\/v2\/media?parent=74855"}],"wp:term":[{"taxonomy":"category","embeddable":true,"href":"https:\/\/guialimeira.com.br\/news\/wp-json\/wp\/v2\/categories?post=74855"},{"taxonomy":"post_tag","embeddable":true,"href":"https:\/\/guialimeira.com.br\/news\/wp-json\/wp\/v2\/tags?post=74855"}],"curies":[{"name":"wp","href":"https:\/\/api.w.org\/{rel}","templated":true}]}}