{"id":74853,"date":"2026-08-19T07:51:54","date_gmt":"2026-08-19T10:51:54","guid":{"rendered":"https:\/\/guialimeira.com.br\/?p=74853"},"modified":"2026-08-19T07:51:54","modified_gmt":"2026-08-19T10:51:54","slug":"stf-retoma-julgamento-sobre-mandato-tampao-para-governo-do-rio","status":"publish","type":"post","link":"https:\/\/guialimeira.com.br\/news\/stf-retoma-julgamento-sobre-mandato-tampao-para-governo-do-rio\/","title":{"rendered":"STF retoma julgamento sobre mandato-tamp\u00e3o para governo do Rio"},"content":{"rendered":"<p> <br \/>\n<\/p>\n<div>\n<p><strong>O Supremo Tribunal Federal (STF) retoma nesta quarta-feira (19) o julgamento do processo que trata da realiza\u00e7\u00e3o de novas elei\u00e7\u00f5es para o mandato-tamp\u00e3o de governador do Rio de Janeiro. <\/strong>A sess\u00e3o est\u00e1 prevista para come\u00e7ar \u00e0s 14h.<img data-recalc-dims=\"1\" decoding=\"async\" src=\"https:\/\/i0.wp.com\/agenciabrasil.ebc.com.br\/ebc.png?w=696&#038;ssl=1\" style=\"width:1px;height:1px;display:inline\" \/><img data-recalc-dims=\"1\" decoding=\"async\" src=\"https:\/\/i0.wp.com\/agenciabrasil.ebc.com.br\/ebc.gif?w=696&#038;ssl=1\" style=\"width:1px;height:1px;display:inline\" \/><\/p>\n<p>Em abril, o julgamento foi suspenso ap\u00f3s\u00a0pedido de vista do ministro Fl\u00e1vio Dino.\u00a0<\/p>\n<p><strong>O caso trata da a\u00e7\u00e3o na qual o diret\u00f3rio estadual do PSD defende a realiza\u00e7\u00e3o de elei\u00e7\u00f5es diretas (populares) para o comando interino do estado, e n\u00e3o vota\u00e7\u00e3o indireta, por meio dos deputados estaduais da Assembleia Legislativa do Rio de Janeiro (Alerj), como definiu o Tribunal Superior Eleitoral (TSE).<\/strong><\/p>\n<p>No dia 23 de mar\u00e7o, o ex-governador <a href=\"https:\/\/agenciabrasil.ebc.com.br\/justica\/noticia\/2026-03\/tse-condena-claudio-castro-inelegibilidade-ate-2030\" target=\"_blank\" rel=\"noopener\">Claudio Castro foi condenado<\/a> \u00e0 inelegibilidade pelo TSE. Em fun\u00e7\u00e3o da condena\u00e7\u00e3o, o tribunal determinou a realiza\u00e7\u00e3o de elei\u00e7\u00f5es indiretas para o mandato-tamp\u00e3o.<\/p>\n<p><strong>Contudo, o PSD recorreu ao Supremo e defendeu elei\u00e7\u00f5es diretas. <\/strong>No dia anterior ao julgamento, Castro renunciou ao mandato para cumprir o prazo de desincompatibiliza\u00e7\u00e3o do cargo.\u00a0 A medida foi vista pela legenda como uma manobra para for\u00e7ar a realiza\u00e7\u00e3o de elei\u00e7\u00f5es indiretas, e n\u00e3o diretas. O ex-governador poderia deixar o cargo at\u00e9 o dia 4 de abril.\u00a0<\/p>\n<h2>Linha sucess\u00f3ria<\/h2>\n<p>A elei\u00e7\u00e3o para o mandato-tamp\u00e3o dever\u00e1 ser realizada porque a linha sucess\u00f3ria do estado est\u00e1 desfalcada.\u00a0<\/p>\n<p>O ex-vice-governador Thiago Pampolha deixou o cargo, em 2025, para assumir uma vaga no Tribunal de Contas do estado. Desde est\u00e3o, o estado n\u00e3o tem vice-governador.\u00a0<\/p>\n<p>O pr\u00f3ximo na linha sucess\u00f3ria seria o ex-presidente da Alerj, Rodrigo Bacellar. No entanto, o parlamentar foi cassado na mesma decis\u00e3o do TSE que condenou Castro e j\u00e1 deixou o cargo.<\/p>\n<p>Atualmente, o presidente do Tribunal de Justi\u00e7a do Rio\u00a0de Janeiro (TJRJ), Ricardo Couto de Castro, exerce interinamente o cargo de governador do estado.\u00a0<\/p>\n<p>      <!-- Relacionada --><\/p>\n<p>            <!-- Relacionada -->\n    <\/div>\n<p><br \/>\n<br \/><a href=\"https:\/\/agenciabrasil.ebc.com.br\/justica\/noticia\/2026-08\/stf-retoma-julgamento-sobre-mandato-tampao-para-governo-do-rio\" rel=\"noopener\">Informa\u00e7\u00f5es com a Ag\u00eancia Brasil<\/a><\/p>\n","protected":false},"excerpt":{"rendered":"<p>O Supremo Tribunal Federal (STF) retoma nesta quarta-feira (19) o julgamento do processo que trata da realiza\u00e7\u00e3o de novas elei\u00e7\u00f5es para o mandato-tamp\u00e3o de governador do Rio de Janeiro. A sess\u00e3o est\u00e1 prevista para come\u00e7ar \u00e0s 14h. Em abril, o julgamento foi suspenso ap\u00f3s\u00a0pedido de vista do ministro Fl\u00e1vio Dino.\u00a0 O caso trata da a\u00e7\u00e3o [&hellip;]<\/p>\n","protected":false},"author":1,"featured_media":25744,"comment_status":"closed","ping_status":"open","sticky":false,"template":"","format":"standard","meta":{"_jetpack_newsletter_access":"","_jetpack_dont_email_post_to_subs":false,"_jetpack_newsletter_tier_id":0,"_jetpack_memberships_contains_paywalled_content":false,"_mbp_banners":[],"_jetpack_feature_clip_id":0,"_jetpack_memberships_contains_paid_content":false,"footnotes":"","jetpack_publicize_message":"","jetpack_publicize_feature_enabled":true,"jetpack_social_post_already_shared":true,"jetpack_social_options":{"image_generator_settings":{"template":"highway","default_image_id":0,"font":"","enabled":false},"version":2},"jetpack_post_was_ever_published":false},"categories":[22],"tags":[],"class_list":["post-74853","post","type-post","status-publish","format-standard","has-post-thumbnail","category-nacional"],"jetpack_publicize_connections":[],"jetpack-related-posts":[],"jetpack_shortlink":"https:\/\/wp.me\/p7Eq1F-jtj","jetpack_sharing_enabled":true,"jetpack_featured_media_url":"https:\/\/i0.wp.com\/guialimeira.com.br\/news\/wp-content\/uploads\/2025\/03\/fcpzzb_abr_2111198503.jpg?fit=1600%2C800&ssl=1","_links":{"self":[{"href":"https:\/\/guialimeira.com.br\/news\/wp-json\/wp\/v2\/posts\/74853","targetHints":{"allow":["GET"]}}],"collection":[{"href":"https:\/\/guialimeira.com.br\/news\/wp-json\/wp\/v2\/posts"}],"about":[{"href":"https:\/\/guialimeira.com.br\/news\/wp-json\/wp\/v2\/types\/post"}],"author":[{"embeddable":true,"href":"https:\/\/guialimeira.com.br\/news\/wp-json\/wp\/v2\/users\/1"}],"replies":[{"embeddable":true,"href":"https:\/\/guialimeira.com.br\/news\/wp-json\/wp\/v2\/comments?post=74853"}],"version-history":[{"count":1,"href":"https:\/\/guialimeira.com.br\/news\/wp-json\/wp\/v2\/posts\/74853\/revisions"}],"predecessor-version":[{"id":74854,"href":"https:\/\/guialimeira.com.br\/news\/wp-json\/wp\/v2\/posts\/74853\/revisions\/74854"}],"wp:featuredmedia":[{"embeddable":true,"href":"https:\/\/guialimeira.com.br\/news\/wp-json\/wp\/v2\/media\/25744"}],"wp:attachment":[{"href":"https:\/\/guialimeira.com.br\/news\/wp-json\/wp\/v2\/media?parent=74853"}],"wp:term":[{"taxonomy":"category","embeddable":true,"href":"https:\/\/guialimeira.com.br\/news\/wp-json\/wp\/v2\/categories?post=74853"},{"taxonomy":"post_tag","embeddable":true,"href":"https:\/\/guialimeira.com.br\/news\/wp-json\/wp\/v2\/tags?post=74853"}],"curies":[{"name":"wp","href":"https:\/\/api.w.org\/{rel}","templated":true}]}}