{"id":74847,"date":"2026-08-19T04:48:58","date_gmt":"2026-08-19T07:48:58","guid":{"rendered":"https:\/\/guialimeira.com.br\/?p=74847"},"modified":"2026-08-19T04:48:58","modified_gmt":"2026-08-19T07:48:58","slug":"inscricoes-para-capacitacao-em-ia-para-empreendedoras-estao-abertas","status":"publish","type":"post","link":"https:\/\/guialimeira.com.br\/news\/inscricoes-para-capacitacao-em-ia-para-empreendedoras-estao-abertas\/","title":{"rendered":"Inscri\u00e7\u00f5es para capacita\u00e7\u00e3o em IA para empreendedoras est\u00e3o abertas"},"content":{"rendered":"<p> <br \/>\n<\/p>\n<div>\n<p><strong>Mulheres\u00a0de todo o pa\u00eds poder\u00e3o participar de uma capacita\u00e7\u00e3o em intelig\u00eancia artificial para empreendedoras.\u00a0Ao final do processo, 50 neg\u00f3cios ser\u00e3o selecionados para receber recursos no formato de capital semente para a implementa\u00e7\u00e3o dos projetos desenvolvidos no curso<\/strong><img data-recalc-dims=\"1\" decoding=\"async\" src=\"https:\/\/i0.wp.com\/agenciabrasil.ebc.com.br\/ebc.png?w=696&#038;ssl=1\" style=\"width:1px;height:1px;display:inline\" \/><img data-recalc-dims=\"1\" decoding=\"async\" src=\"https:\/\/i0.wp.com\/agenciabrasil.ebc.com.br\/ebc.gif?w=696&#038;ssl=1\" style=\"width:1px;height:1px;display:inline\" \/><\/p>\n<p>As interessadas j\u00e1 podem fazer as <a href=\"https:\/\/docs.google.com\/forms\/d\/e\/1FAIpQLScldVmu4ReV6Wvou15Ss_ZaGbR4bQYKVoARaiMHsr9uEjfh-g\/viewform?pli=1\" target=\"_blank\" rel=\"noopener\">inscri\u00e7\u00f5es pela internet.<\/a> S\u00e3o ofertadas 5 mil vagas, sendo metade para mulheres negras.<\/p>\n<p>Disponibilizado pelo Minist\u00e9rio do Empreendedorismo da Microempresa e da Empresa de Pequeno Porte em parceria com o Instituto Rede Mulher Empreendedora, o curso come\u00e7a em 1\u00ba de setembro. As alunas ter\u00e3o 10 aulas ao vivo e 10 mentorias coletivas, com materiais complementares voltados \u00e0 aplica\u00e7\u00e3o das ferramentas de tecnologia na gest\u00e3o de empresas.<\/p>\n<p><strong>A programa\u00e7\u00e3o\u00a0abrange o uso da Intelig\u00eancia Artificial em etapas de gest\u00e3o, planejamento, marketing, vendas, atendimento ao cliente, an\u00e1lise de dados, produtividade e inova\u00e7\u00e3o. <\/strong><\/p>\n<p><strong>A forma\u00e7\u00e3o inclui acompanhamento pr\u00e1tico para a aplica\u00e7\u00e3o dos conte\u00fados na rotina das empresas e apoio de mentorias coletivas para esclarecimento de d\u00favidas.<\/strong><\/p>\n<p>\u00a0<\/p>\n<p>      <!-- Relacionada --><\/p>\n<p>            <!-- Relacionada -->\n    <\/div>\n<p><br \/>\n<br \/><a href=\"https:\/\/agenciabrasil.ebc.com.br\/economia\/noticia\/2026-08\/inscricoes-para-capacitacao-em-ia-para-empreendedoras-estao-abertas\" rel=\"noopener\">Informa\u00e7\u00f5es com a Ag\u00eancia Brasil<\/a><\/p>\n","protected":false},"excerpt":{"rendered":"<p>Mulheres\u00a0de todo o pa\u00eds poder\u00e3o participar de uma capacita\u00e7\u00e3o em intelig\u00eancia artificial para empreendedoras.\u00a0Ao final do processo, 50 neg\u00f3cios ser\u00e3o selecionados para receber recursos no formato de capital semente para a implementa\u00e7\u00e3o dos projetos desenvolvidos no curso As interessadas j\u00e1 podem fazer as inscri\u00e7\u00f5es pela internet. S\u00e3o ofertadas 5 mil vagas, sendo metade para mulheres [&hellip;]<\/p>\n","protected":false},"author":1,"featured_media":74848,"comment_status":"closed","ping_status":"open","sticky":false,"template":"","format":"standard","meta":{"_jetpack_newsletter_access":"","_jetpack_dont_email_post_to_subs":false,"_jetpack_newsletter_tier_id":0,"_jetpack_memberships_contains_paywalled_content":false,"_mbp_banners":[],"_jetpack_feature_clip_id":0,"_jetpack_memberships_contains_paid_content":false,"footnotes":"","jetpack_publicize_message":"","jetpack_publicize_feature_enabled":true,"jetpack_social_post_already_shared":true,"jetpack_social_options":{"image_generator_settings":{"template":"highway","default_image_id":0,"font":"","enabled":false},"version":2},"jetpack_post_was_ever_published":false},"categories":[22],"tags":[],"class_list":["post-74847","post","type-post","status-publish","format-standard","has-post-thumbnail","category-nacional"],"jetpack_publicize_connections":[],"jetpack-related-posts":[],"jetpack_shortlink":"https:\/\/wp.me\/p7Eq1F-jtd","jetpack_sharing_enabled":true,"jetpack_featured_media_url":"https:\/\/i0.wp.com\/guialimeira.com.br\/news\/wp-content\/uploads\/2026\/08\/moda-marajoara-mc_abr_30092025-8.jpg?fit=1600%2C800&ssl=1","_links":{"self":[{"href":"https:\/\/guialimeira.com.br\/news\/wp-json\/wp\/v2\/posts\/74847","targetHints":{"allow":["GET"]}}],"collection":[{"href":"https:\/\/guialimeira.com.br\/news\/wp-json\/wp\/v2\/posts"}],"about":[{"href":"https:\/\/guialimeira.com.br\/news\/wp-json\/wp\/v2\/types\/post"}],"author":[{"embeddable":true,"href":"https:\/\/guialimeira.com.br\/news\/wp-json\/wp\/v2\/users\/1"}],"replies":[{"embeddable":true,"href":"https:\/\/guialimeira.com.br\/news\/wp-json\/wp\/v2\/comments?post=74847"}],"version-history":[{"count":1,"href":"https:\/\/guialimeira.com.br\/news\/wp-json\/wp\/v2\/posts\/74847\/revisions"}],"predecessor-version":[{"id":74849,"href":"https:\/\/guialimeira.com.br\/news\/wp-json\/wp\/v2\/posts\/74847\/revisions\/74849"}],"wp:featuredmedia":[{"embeddable":true,"href":"https:\/\/guialimeira.com.br\/news\/wp-json\/wp\/v2\/media\/74848"}],"wp:attachment":[{"href":"https:\/\/guialimeira.com.br\/news\/wp-json\/wp\/v2\/media?parent=74847"}],"wp:term":[{"taxonomy":"category","embeddable":true,"href":"https:\/\/guialimeira.com.br\/news\/wp-json\/wp\/v2\/categories?post=74847"},{"taxonomy":"post_tag","embeddable":true,"href":"https:\/\/guialimeira.com.br\/news\/wp-json\/wp\/v2\/tags?post=74847"}],"curies":[{"name":"wp","href":"https:\/\/api.w.org\/{rel}","templated":true}]}}