{"id":74845,"date":"2026-08-19T03:47:57","date_gmt":"2026-08-19T06:47:57","guid":{"rendered":"https:\/\/guialimeira.com.br\/?p=74845"},"modified":"2026-08-19T03:47:57","modified_gmt":"2026-08-19T06:47:57","slug":"tse-debate-combate-a-deepfake-nas-eleicoes","status":"publish","type":"post","link":"https:\/\/guialimeira.com.br\/news\/tse-debate-combate-a-deepfake-nas-eleicoes\/","title":{"rendered":"TSE debate combate a deepfake nas elei\u00e7\u00f5es"},"content":{"rendered":"<p> <br \/>\n<\/p>\n<div>\n<p><strong>Os ministros do Tribunal Superior Eleitoral (TSE) se reuniram nesta ter\u00e7a-feira (18) para discutir o combate \u00e0 dissemina\u00e7\u00e3o de deepfakes na campanha eleitoral.<\/strong><img data-recalc-dims=\"1\" decoding=\"async\" src=\"https:\/\/i0.wp.com\/agenciabrasil.ebc.com.br\/ebc.png?w=696&#038;ssl=1\" style=\"width:1px;height:1px;display:inline\" \/><img data-recalc-dims=\"1\" decoding=\"async\" src=\"https:\/\/i0.wp.com\/agenciabrasil.ebc.com.br\/ebc.gif?w=696&#038;ssl=1\" style=\"width:1px;height:1px;display:inline\" \/><\/p>\n<p>A reuni\u00e3o foi convocada pelo presidente do TSE, Kassio Nunes Marques, para que <strong>os ministros possam definir como ser\u00e1 a atua\u00e7\u00e3o do tribunal nessa quest\u00e3o<\/strong>. <strong>O encontro ocorreu a portas fechadas e n\u00e3o houve declara\u00e7\u00f5es oficiais<\/strong>.<\/p>\n<p>A expectativa \u00e9 que a delibera\u00e7\u00e3o sobre o tema seja colocada em pr\u00e1tica nas pr\u00f3ximas sess\u00f5es, quando o TSE vai decidir os primeiros casos envolvendo deepfakes na campanha deste ano. A deepfake consiste\u00a0em usar intelig\u00eancia artificial para\u00a0criar ou alterar v\u00eddeos, fotos e \u00e1udios imitando o rosto e a voz de pessoas reais de forma realista.<\/p>\n<p>O tema veio \u00e0 tona ap\u00f3s o candidato \u00e0 Presid\u00eancia da Rep\u00fablica Fl\u00e1vio Bolsonaro (PL) usar a simula\u00e7\u00e3o de um pronunciamento do pai, o ex-presidente Jair Bolsonaro, que est\u00e1 em pris\u00e3o domiciliar, durante o evento de lan\u00e7amento da sua candidatura.\u00a0<\/p>\n<h2>Regras<\/h2>\n<p>Em mar\u00e7o deste ano, <strong>o\u00a0TSE\u00a0aprovou regras sobre utiliza\u00e7\u00e3o de intelig\u00eancia artificial durante as elei\u00e7\u00f5es gerais de outubro.\u00a0<\/strong><\/p>\n<p>As normas valem para candidatos e partidos.<strong> Os ministros proibiram que provedores de\u00a0IA\u00a0permitam, ainda que solicitado pelos usu\u00e1rios, sugest\u00f5es de candidatos para votar.<\/strong><\/p>\n<p>O objetivo \u00e9 evitar a interfer\u00eancia de algoritmos na livre escolha dos eleitores. Para combater a misoginia digital,<strong> o\u00a0TSE\u00a0proibiu postagens nas redes sociais com montagens envolvendo candidatas e fotos e v\u00eddeos com nudez e pornografia.<\/strong><\/p>\n<p>A Corte eleitoral tamb\u00e9m reafirmou que os <strong>provedores de internet poder\u00e3o ser responsabilizados pela Justi\u00e7a se n\u00e3o retirarem perfis falsos e postagens ilegais de seus usu\u00e1rios.<\/strong><\/p>\n<h2>Elei\u00e7\u00f5es<\/h2>\n<p>O primeiro turno ser\u00e1 realizado no dia 4 de outubro, quando ser\u00e3o eleitos deputados federais, estaduais, distritais, governadores, senadores e o presidente da Rep\u00fablica.<\/p>\n<p>O segundo turno est\u00e1 marcado para o dia 25 e pode ocorrer na disputa para os cargos de governador e presidente. Os eleitores voltar\u00e3o \u00e0s urnas se nenhum dos candidatos obtiver mais de 50% dos votos v\u00e1lidos, excluindo brancos e nulos, no primeiro turno.<\/p>\n<p>      <!-- Relacionada --><\/p>\n<p>            <!-- Relacionada -->\n    <\/div>\n<p><br \/>\n<br \/><a href=\"https:\/\/agenciabrasil.ebc.com.br\/justica\/noticia\/2026-08\/tse-debate-combate-deep-fake-nas-eleicoes\" rel=\"noopener\">Informa\u00e7\u00f5es com a Ag\u00eancia Brasil<\/a><\/p>\n","protected":false},"excerpt":{"rendered":"<p>Os ministros do Tribunal Superior Eleitoral (TSE) se reuniram nesta ter\u00e7a-feira (18) para discutir o combate \u00e0 dissemina\u00e7\u00e3o de deepfakes na campanha eleitoral. A reuni\u00e3o foi convocada pelo presidente do TSE, Kassio Nunes Marques, para que os ministros possam definir como ser\u00e1 a atua\u00e7\u00e3o do tribunal nessa quest\u00e3o. O encontro ocorreu a portas fechadas e [&hellip;]<\/p>\n","protected":false},"author":1,"featured_media":74751,"comment_status":"closed","ping_status":"open","sticky":false,"template":"","format":"standard","meta":{"_jetpack_newsletter_access":"","_jetpack_dont_email_post_to_subs":false,"_jetpack_newsletter_tier_id":0,"_jetpack_memberships_contains_paywalled_content":false,"_mbp_banners":[],"_jetpack_feature_clip_id":0,"_jetpack_memberships_contains_paid_content":false,"footnotes":"","jetpack_publicize_message":"","jetpack_publicize_feature_enabled":true,"jetpack_social_post_already_shared":true,"jetpack_social_options":{"image_generator_settings":{"template":"highway","default_image_id":0,"font":"","enabled":false},"version":2},"jetpack_post_was_ever_published":false},"categories":[22],"tags":[],"class_list":["post-74845","post","type-post","status-publish","format-standard","has-post-thumbnail","category-nacional"],"jetpack_publicize_connections":[],"jetpack-related-posts":[],"jetpack_shortlink":"https:\/\/wp.me\/p7Eq1F-jtb","jetpack_sharing_enabled":true,"jetpack_featured_media_url":"https:\/\/i0.wp.com\/guialimeira.com.br\/news\/wp-content\/uploads\/2026\/08\/vista-traseira-do-jovem-concentrado-usando-laptop.jpg?fit=1600%2C800&ssl=1","_links":{"self":[{"href":"https:\/\/guialimeira.com.br\/news\/wp-json\/wp\/v2\/posts\/74845","targetHints":{"allow":["GET"]}}],"collection":[{"href":"https:\/\/guialimeira.com.br\/news\/wp-json\/wp\/v2\/posts"}],"about":[{"href":"https:\/\/guialimeira.com.br\/news\/wp-json\/wp\/v2\/types\/post"}],"author":[{"embeddable":true,"href":"https:\/\/guialimeira.com.br\/news\/wp-json\/wp\/v2\/users\/1"}],"replies":[{"embeddable":true,"href":"https:\/\/guialimeira.com.br\/news\/wp-json\/wp\/v2\/comments?post=74845"}],"version-history":[{"count":1,"href":"https:\/\/guialimeira.com.br\/news\/wp-json\/wp\/v2\/posts\/74845\/revisions"}],"predecessor-version":[{"id":74846,"href":"https:\/\/guialimeira.com.br\/news\/wp-json\/wp\/v2\/posts\/74845\/revisions\/74846"}],"wp:featuredmedia":[{"embeddable":true,"href":"https:\/\/guialimeira.com.br\/news\/wp-json\/wp\/v2\/media\/74751"}],"wp:attachment":[{"href":"https:\/\/guialimeira.com.br\/news\/wp-json\/wp\/v2\/media?parent=74845"}],"wp:term":[{"taxonomy":"category","embeddable":true,"href":"https:\/\/guialimeira.com.br\/news\/wp-json\/wp\/v2\/categories?post=74845"},{"taxonomy":"post_tag","embeddable":true,"href":"https:\/\/guialimeira.com.br\/news\/wp-json\/wp\/v2\/tags?post=74845"}],"curies":[{"name":"wp","href":"https:\/\/api.w.org\/{rel}","templated":true}]}}