{"id":74841,"date":"2026-08-19T01:45:42","date_gmt":"2026-08-19T04:45:42","guid":{"rendered":"https:\/\/guialimeira.com.br\/?p=74841"},"modified":"2026-08-19T01:45:42","modified_gmt":"2026-08-19T04:45:42","slug":"deputado-que-sofreu-avc-na-camara-recebe-alta-hospitalar","status":"publish","type":"post","link":"https:\/\/guialimeira.com.br\/news\/deputado-que-sofreu-avc-na-camara-recebe-alta-hospitalar\/","title":{"rendered":"Deputado que sofreu AVC na C\u00e2mara recebe alta hospitalar"},"content":{"rendered":"<p> <br \/>\n<\/p>\n<div>\n<p><strong>O l\u00edder do PT na C\u00e2mara dos Deputados, Pedro Uczai (SC), recebeu alta hospitalar nesta ter\u00e7a-feira (18), ap\u00f3s evolu\u00e7\u00e3o cl\u00ednica favor\u00e1vel decorrente de um acidente vascular cerebral (AVC) isqu\u00eamico. <\/strong>A informa\u00e7\u00e3o foi divulgada pelo Hospital DF Star, em Bras\u00edlia, onde o parlamentar foi internado na semana passada.<img data-recalc-dims=\"1\" decoding=\"async\" src=\"https:\/\/i0.wp.com\/agenciabrasil.ebc.com.br\/ebc.png?w=696&#038;ssl=1\" style=\"width:1px;height:1px;display:inline\" \/><img data-recalc-dims=\"1\" decoding=\"async\" src=\"https:\/\/i0.wp.com\/agenciabrasil.ebc.com.br\/ebc.gif?w=696&#038;ssl=1\" style=\"width:1px;height:1px;display:inline\" \/><\/p>\n<p>Pedro Uczai <a href=\"https:\/\/agenciabrasil.ebc.com.br\/politica\/noticia\/2026-08\/apos-AVC-isquemico-lider-do-pt-na-camara-continua-internado\" rel=\"noopener\">passou mal\u00a0enquanto participava da reuni\u00e3o no Col\u00e9gio de L\u00edderes da C\u00e2mara<\/a>, que discutia a pauta de vota\u00e7\u00f5es legislativas do dia. Na ocasi\u00e3o, ele chegou a receber os primeiros socorros de outros parlamentares, incluindo o pr\u00f3prio presidente da Casa, Hugo Motta (Republicanos-PB), que \u00e9 m\u00e9dico, e a deputada federal Jandira Feghali (PCdoB-RJ), que tamb\u00e9m \u00e9 profissional da medicina.<\/p>\n<p>Segundo o boletim m\u00e9dico, o deputado apresentou evolu\u00e7\u00e3o satisfat\u00f3ria durante a interna\u00e7\u00e3o e permaneceu consciente e orientado, sem evid\u00eancias de d\u00e9ficit neurol\u00f3gico.<\/p>\n<p>Pedro Uczai seguir\u00e1 acompanhamento de sa\u00fade fora do hospital a partir de agora.<\/p>\n<p>      <!-- Relacionada --><br \/>\n            <!-- Relacionada -->\n    <\/div>\n<p><br \/>\n<br \/><a href=\"https:\/\/agenciabrasil.ebc.com.br\/politica\/noticia\/2026-08\/deputado-que-sofreu-avc-na-camara-recebe-alta-hospitalar\" rel=\"noopener\">Informa\u00e7\u00f5es com a Ag\u00eancia Brasil<\/a><\/p>\n","protected":false},"excerpt":{"rendered":"<p>O l\u00edder do PT na C\u00e2mara dos Deputados, Pedro Uczai (SC), recebeu alta hospitalar nesta ter\u00e7a-feira (18), ap\u00f3s evolu\u00e7\u00e3o cl\u00ednica favor\u00e1vel decorrente de um acidente vascular cerebral (AVC) isqu\u00eamico. A informa\u00e7\u00e3o foi divulgada pelo Hospital DF Star, em Bras\u00edlia, onde o parlamentar foi internado na semana passada. Pedro Uczai passou mal\u00a0enquanto participava da reuni\u00e3o no [&hellip;]<\/p>\n","protected":false},"author":1,"featured_media":269,"comment_status":"closed","ping_status":"open","sticky":false,"template":"","format":"standard","meta":{"_jetpack_newsletter_access":"","_jetpack_dont_email_post_to_subs":false,"_jetpack_newsletter_tier_id":0,"_jetpack_memberships_contains_paywalled_content":false,"_mbp_banners":[],"_jetpack_feature_clip_id":0,"_jetpack_memberships_contains_paid_content":false,"footnotes":"","jetpack_publicize_message":"","jetpack_publicize_feature_enabled":true,"jetpack_social_post_already_shared":true,"jetpack_social_options":{"image_generator_settings":{"template":"highway","default_image_id":0,"font":"","enabled":false},"version":2},"jetpack_post_was_ever_published":false},"categories":[22],"tags":[],"class_list":["post-74841","post","type-post","status-publish","format-standard","has-post-thumbnail","category-nacional"],"jetpack_publicize_connections":[],"jetpack-related-posts":[],"jetpack_shortlink":"https:\/\/wp.me\/p7Eq1F-jt7","jetpack_sharing_enabled":true,"jetpack_featured_media_url":"https:\/\/i0.wp.com\/guialimeira.com.br\/news\/wp-content\/uploads\/2024\/03\/thumb_1200x600_agbrasil.png?fit=1200%2C600&ssl=1","_links":{"self":[{"href":"https:\/\/guialimeira.com.br\/news\/wp-json\/wp\/v2\/posts\/74841","targetHints":{"allow":["GET"]}}],"collection":[{"href":"https:\/\/guialimeira.com.br\/news\/wp-json\/wp\/v2\/posts"}],"about":[{"href":"https:\/\/guialimeira.com.br\/news\/wp-json\/wp\/v2\/types\/post"}],"author":[{"embeddable":true,"href":"https:\/\/guialimeira.com.br\/news\/wp-json\/wp\/v2\/users\/1"}],"replies":[{"embeddable":true,"href":"https:\/\/guialimeira.com.br\/news\/wp-json\/wp\/v2\/comments?post=74841"}],"version-history":[{"count":1,"href":"https:\/\/guialimeira.com.br\/news\/wp-json\/wp\/v2\/posts\/74841\/revisions"}],"predecessor-version":[{"id":74842,"href":"https:\/\/guialimeira.com.br\/news\/wp-json\/wp\/v2\/posts\/74841\/revisions\/74842"}],"wp:featuredmedia":[{"embeddable":true,"href":"https:\/\/guialimeira.com.br\/news\/wp-json\/wp\/v2\/media\/269"}],"wp:attachment":[{"href":"https:\/\/guialimeira.com.br\/news\/wp-json\/wp\/v2\/media?parent=74841"}],"wp:term":[{"taxonomy":"category","embeddable":true,"href":"https:\/\/guialimeira.com.br\/news\/wp-json\/wp\/v2\/categories?post=74841"},{"taxonomy":"post_tag","embeddable":true,"href":"https:\/\/guialimeira.com.br\/news\/wp-json\/wp\/v2\/tags?post=74841"}],"curies":[{"name":"wp","href":"https:\/\/api.w.org\/{rel}","templated":true}]}}