{"id":7484,"date":"2024-06-04T20:25:49","date_gmt":"2024-06-04T23:25:49","guid":{"rendered":"https:\/\/guialimeira.com.br\/2024\/06\/04\/confederacao-anuncia-os-mesa-tenistas-que-irao-a-olimpiada-de-paris\/"},"modified":"2024-06-04T20:25:49","modified_gmt":"2024-06-04T23:25:49","slug":"confederacao-anuncia-os-mesa-tenistas-que-irao-a-olimpiada-de-paris","status":"publish","type":"post","link":"https:\/\/guialimeira.com.br\/news\/confederacao-anuncia-os-mesa-tenistas-que-irao-a-olimpiada-de-paris\/","title":{"rendered":"Confedera\u00e7\u00e3o anuncia os mesa-tenistas que ir\u00e3o \u00e0 Olimp\u00edada de Paris"},"content":{"rendered":"<p> <br \/>\n<\/p>\n<div>\n<p>A Confedera\u00e7\u00e3o Brasileira de T\u00eanis de Mesa (CBTM) anunciou nesta ter\u00e7a-feira (4) a lista com\u00a0oito convocados para a Olimp\u00edada de Paris, que come\u00e7a daqui a 51 dias. Na disputa masculina o Brasil contar\u00e1 com Hugo Calderano, <a href=\"https:\/\/x.com\/CBTM_TM\/status\/1798006800681165108\">Vitor Ishiy<\/a> e <a href=\"https:\/\/x.com\/CBTM_TM\/status\/1798036999632240725\">Guilherme Teodoro<\/a><a href=\"http:\/\/&lt;blockquote class=&quot;twitter-tweet&quot;&gt;&lt;p lang=&quot;pt&quot; dir=&quot;ltr&quot;&gt;Estreante em Jogos Ol\u00edmpicos, Guilherme Teodoro est\u00e1 confirmado em \ud83c\uddeb\ud83c\uddf7 &lt;a href=&quot;https:\/\/twitter.com\/hashtag\/Paris2024?src=hash&amp;ref_src=twsrc%5Etfw&quot;&gt;#Paris2024&lt;\/a&gt; \ud83d\udd25 &lt;a href=&quot;https:\/\/t.co\/KSZGosAGot&quot;&gt;pic.twitter.com\/KSZGosAGot&lt;\/a&gt;&lt;\/p&gt;\u2014 CBTM (@CBTM_TM) &lt;a href=&quot;https:\/\/twitter.com\/CBTM_TM\/status\/1798036999632240725?ref_src=twsrc%5Etfw&quot;&gt;June 4, 2024&lt;\/a&gt;&lt;\/blockquote&gt; &lt;script async src=&quot;https:\/\/platform.twitter.com\/widgets.js&quot; charset=&quot;utf-8&quot;&gt;&lt;\/script&gt;\">,<\/a> al\u00e9m do reserva <a href=\"https:\/\/x.com\/CBTM_TM\/status\/1798067195697918338\">Leonardo Iizuka<\/a>. J\u00e1 na feminina, estar\u00e3o as irm\u00e3s Bruna e <a href=\"https:\/\/x.com\/CBTM_TM\/status\/1798021903820738996\">Giulia Takahashi<\/a>, <a href=\"https:\/\/x.com\/CBTM_TM\/status\/1798052098208116871\">Bruna Alexandre <\/a>e <a href=\"https:\/\/x.com\/CBTM_TM\/status\/1798082294877749371\">Laura Watanabe <\/a>na supl\u00eancia. A competi\u00e7\u00e3o do t\u00eanis de mesa em Paris ocorrer\u00e1 e 27 de julho a 10 de agosto. O Brasil vai em busca do primeiro p\u00f3dio ol\u00edmpico na modalidade.<img data-recalc-dims=\"1\" decoding=\"async\" src=\"https:\/\/i0.wp.com\/agenciabrasil.ebc.com.br\/ebc.png?w=696&#038;ssl=1\" style=\"width:1px; height:1px; display:inline;\"\/><img data-recalc-dims=\"1\" decoding=\"async\" src=\"https:\/\/i0.wp.com\/agenciabrasil.ebc.com.br\/ebc.gif?w=696&#038;ssl=1\" style=\"width:1px; height:1px; display:inline;\"\/><\/p>\n<blockquote class=\"twitter-tweet\">\n<p dir=\"ltr\" lang=\"pt\" xml:lang=\"pt\">N\u00famero 6\ufe0f\u20e3 do mundo, Hugo Calderano fez hist\u00f3ria na \ud83c\udde7\ud83c\uddf7 <a href=\"https:\/\/twitter.com\/hashtag\/Rio2016?src=hash&amp;ref_src=twsrc%5Etfw\" rel=\"noopener\">#Rio2016<\/a> e em \ud83c\uddef\ud83c\uddf5 <a href=\"https:\/\/twitter.com\/hashtag\/T%C3%B3quio2020?src=hash&amp;ref_src=twsrc%5Etfw\" rel=\"noopener\">#T\u00f3quio2020<\/a>. Bora escrever mais uma p\u00e1gina dessa hist\u00f3ria?<\/p>\n<p>O \u00eddolo est\u00e1 mais que confirmado em \ud83c\uddeb\ud83c\uddf7 <a href=\"https:\/\/twitter.com\/hashtag\/Paris2024?src=hash&amp;ref_src=twsrc%5Etfw\" rel=\"noopener\">#Paris2024<\/a> \ud83d\ude0d <a href=\"https:\/\/t.co\/PUocvaNoFR\">pic.twitter.com\/PUocvaNoFR<\/a><\/p>\n<p>\u2014 CBTM (@CBTM_TM) <a href=\"https:\/\/twitter.com\/CBTM_TM\/status\/1797976598752198841?ref_src=twsrc%5Etfw\" rel=\"noopener\">June 4, 2024<\/a><\/p><\/blockquote>\n<p>Atual n\u00famero 6 no ranking mundial, o carioca Hugo Calderano est\u00e1 prestes a disputar a terceira Olimp\u00edada na carreira. Ele chega a Paris ap\u00f3s bons resultados na temporada. No \u00faltimo domingo de maio,<a href=\"https:\/\/agenciabrasil.ebc.com.br\/esportes\/noticia\/2024-05\/hugo-calderano-conquista-titulo-do-wtt-contender-rio#\" rel=\"noopener\"> Calderano faturou o WTT Contender Rio de Janeiro<\/a>. Antes, ele j\u00e1 alcan\u00e7ara as semifinais do WTT Champions Chongqing (China), torneio que re\u00fane os melhores mesa-tenistas do mundo.<\/p>\n<p>Em Paris, Calderano deve ser o quarto cabe\u00e7a de chave ol\u00edmpico, o que o livrar\u00e1 de competir com advers\u00e1rios chineses \u2013 os mais bem ranqueados do mundo \u2013 nos primeiros embates.<\/p>\n<p>Francisco Arado, o Paco, t\u00e9cnico da sele\u00e7\u00e3o brasileira masculina tamb\u00e9m aposta na experi\u00eancia de Vitor Ishiy (85\u00ba colocado no ranking mundial) em sua segunda participa\u00e7\u00e3o ol\u00edmpica, \u00a0e no estreante Guilherme Teodoro (119\u00ba).<\/p>\n<blockquote>\n<p>\u201cNossa equipe mescla experi\u00eancia com juventude: temos o Hugo, que \u00e9 um dos melhores jogadores do mundo, o Vitor, que teve desempenho muito consistente durante todo o ciclo ol\u00edmpico, individualmente e em equipe, mesmo caso do Guilherme. E o Iizuka, que obteve grandes resultados internacionais tanto no juvenil quanto no adulto&#8221;, analisou Paco, em declara\u00e7\u00e3o \u00e0 CBTM<\/p>\n<\/blockquote>\n<h2>Equipe feminina<\/h2>\n<p>Principal nome do t\u00eanis de mesa feminino brasileiro, Bruna Takahashi (18\u00aa do mundo) vai representar o Brasil nos Jogos pela terceira vez (as primeiras foram Rio 2026 e T\u00f3quio 2020). Multicampe\u00e3 nas Am\u00e9ricas, Bruna competir\u00e1 ao lado da irm\u00e3 ca\u00e7ula <a href=\"https:\/\/x.com\/CBTM_TM\/status\/1798021903820738996\">Giulia (90\u00aa),<\/a> revela\u00e7\u00e3o da nova gera\u00e7\u00e3o de mesa-tenistas, e <a href=\"https:\/\/x.com\/CBTM_TM\/status\/1798052098208116871\">Bruna Alexandre (173\u00aa)<\/a>, que se tornar\u00e1 a primeira brasileira a competir tantos nos Jogos Ol\u00edmpicos quanto nos Paral\u00edmpicos.<\/p>\n<blockquote class=\"twitter-tweet\">\n<p dir=\"ltr\" lang=\"pt\" xml:lang=\"pt\">\ud83c\udde7\ud83c\uddf7 Rio 2016 \u2705<br \/>\ud83c\uddef\ud83c\uddf5 T\u00f3quio 2020 \u2705<br \/>\ud83c\uddeb\ud83c\uddf7 Paris 2024 \u2705<\/p>\n<p>Bruna Takahashi pronta para a terceira experi\u00eancia ol\u00edmpica da carreira \ud83d\ude0d<\/p>\n<p>\ud83d\udcf7 Wallace Teixeira\/CBTM\/fvimagem.com <a href=\"https:\/\/t.co\/mC80rSSS29\">pic.twitter.com\/mC80rSSS29<\/a><\/p>\n<p>\u2014 CBTM (@CBTM_TM) <a href=\"https:\/\/twitter.com\/CBTM_TM\/status\/1797999248304161160?ref_src=twsrc%5Etfw\" rel=\"noopener\">June 4, 2024<\/a><\/p><\/blockquote>\n<blockquote>\n<p>&#8220;A Bruna Takahashi tem um talento enorme, vem em franca evolu\u00e7\u00e3o e \u00e9 nossa principal atleta. \u00c9 uma l\u00edder, tamb\u00e9m no aspecto t\u00e9cnico. Tamb\u00e9m temos a Giulia, que se firma cada vez mais na categoria adulta, boa no pino curto, algo que nos cria uma varia\u00e7\u00e3o de jogo; e a canhota Bruna Alexandre, com todo seu talento, experi\u00eancia. E como reserva vamos levar a Laura Watanabe, que participou de todo o ciclo ol\u00edmpico, j\u00e1 conquistou t\u00edtulos juvenis internacionais e foi muito importante, em Cuba, na nossa classifica\u00e7\u00e3o para os Jogos Ol\u00edmpicos\u201d, detalhou\u00a0 Jorge Fanck, t\u00e9cnico da equipe feminina.<\/p>\n<\/blockquote><\/div>\n<p><br \/>\n<br \/><a href=\"https:\/\/agenciabrasil.ebc.com.br\/esportes\/noticia\/2024-06\/confederacao-anuncia-os-mesa-tenistas-que-irao-olimpiada-de-paris\" rel=\"noopener\">Ag\u00eancia Brasil<\/a><\/p>\n","protected":false},"excerpt":{"rendered":"<p>A Confedera\u00e7\u00e3o Brasileira de T\u00eanis de Mesa (CBTM) anunciou nesta ter\u00e7a-feira (4) a lista com\u00a0oito convocados para a Olimp\u00edada de Paris, que come\u00e7a daqui a 51 dias. Na disputa masculina o Brasil contar\u00e1 com Hugo Calderano, Vitor Ishiy e Guilherme Teodoro, al\u00e9m do reserva Leonardo Iizuka. J\u00e1 na feminina, estar\u00e3o as irm\u00e3s Bruna e Giulia [&hellip;]<\/p>\n","protected":false},"author":1,"featured_media":7485,"comment_status":"open","ping_status":"open","sticky":false,"template":"","format":"standard","meta":{"_jetpack_newsletter_access":"","_jetpack_dont_email_post_to_subs":false,"_jetpack_newsletter_tier_id":0,"_jetpack_memberships_contains_paywalled_content":false,"_mbp_banners":[],"_jetpack_feature_clip_id":0,"_jetpack_memberships_contains_paid_content":false,"footnotes":"","jetpack_publicize_message":"","jetpack_publicize_feature_enabled":true,"jetpack_social_post_already_shared":true,"jetpack_social_options":{"image_generator_settings":{"template":"highway","default_image_id":0,"font":"","enabled":false},"version":2},"jetpack_post_was_ever_published":false},"categories":[23],"tags":[],"class_list":["post-7484","post","type-post","status-publish","format-standard","has-post-thumbnail","category-esportes"],"jetpack_publicize_connections":[],"jetpack-related-posts":[],"jetpack_shortlink":"https:\/\/wp.me\/p7Eq1F-1WI","jetpack_sharing_enabled":true,"jetpack_featured_media_url":"https:\/\/i0.wp.com\/guialimeira.com.br\/news\/wp-content\/uploads\/2024\/06\/convocados_tenis_de_mesa_paris_2024.jpeg?fit=1600%2C800&ssl=1","_links":{"self":[{"href":"https:\/\/guialimeira.com.br\/news\/wp-json\/wp\/v2\/posts\/7484","targetHints":{"allow":["GET"]}}],"collection":[{"href":"https:\/\/guialimeira.com.br\/news\/wp-json\/wp\/v2\/posts"}],"about":[{"href":"https:\/\/guialimeira.com.br\/news\/wp-json\/wp\/v2\/types\/post"}],"author":[{"embeddable":true,"href":"https:\/\/guialimeira.com.br\/news\/wp-json\/wp\/v2\/users\/1"}],"replies":[{"embeddable":true,"href":"https:\/\/guialimeira.com.br\/news\/wp-json\/wp\/v2\/comments?post=7484"}],"version-history":[{"count":0,"href":"https:\/\/guialimeira.com.br\/news\/wp-json\/wp\/v2\/posts\/7484\/revisions"}],"wp:featuredmedia":[{"embeddable":true,"href":"https:\/\/guialimeira.com.br\/news\/wp-json\/wp\/v2\/media\/7485"}],"wp:attachment":[{"href":"https:\/\/guialimeira.com.br\/news\/wp-json\/wp\/v2\/media?parent=7484"}],"wp:term":[{"taxonomy":"category","embeddable":true,"href":"https:\/\/guialimeira.com.br\/news\/wp-json\/wp\/v2\/categories?post=7484"},{"taxonomy":"post_tag","embeddable":true,"href":"https:\/\/guialimeira.com.br\/news\/wp-json\/wp\/v2\/tags?post=7484"}],"curies":[{"name":"wp","href":"https:\/\/api.w.org\/{rel}","templated":true}]}}