{"id":74838,"date":"2026-08-19T00:44:52","date_gmt":"2026-08-19T03:44:52","guid":{"rendered":"https:\/\/guialimeira.com.br\/?p=74838"},"modified":"2026-08-19T00:44:52","modified_gmt":"2026-08-19T03:44:52","slug":"hortencia-e-indicada-a-premio-de-maior-atleta-da-historia-dos-mundiais","status":"publish","type":"post","link":"https:\/\/guialimeira.com.br\/news\/hortencia-e-indicada-a-premio-de-maior-atleta-da-historia-dos-mundiais\/","title":{"rendered":"Hort\u00eancia \u00e9 indicada a pr\u00eamio de maior atleta da hist\u00f3ria dos Mundiais"},"content":{"rendered":"<p> <br \/>\n<\/p>\n<div>\n<p>Campe\u00e3 mundial de basquete com a sele\u00e7\u00e3o feminina no t\u00edtulo in\u00e9dito conquistado em 1994, a ex-jogadora Hort\u00eancia \u00e9 a \u00fanica brasileira entre as nove indicadas ao pr\u00eamio de maior atleta da hist\u00f3ria das Copas do Mundo, concedido pela Federa\u00e7\u00e3o Internacional da modalidade (Fiba). A entidade abriu <a href=\"https:\/\/www.fiba.basketball\/en\/events\/fiba-womens-basketball-world-cup-2026\/news\/vote-who-is-the-fiba-wwc-goat-womens-world-cup\" rel=\"noopener\"><strong>vota\u00e7\u00e3o popular <\/strong><\/a>nesta ter\u00e7a-feira (18) no site do pr\u00f3ximo Mundial, que come\u00e7a em 4 de setembro, na Alemanha.<img data-recalc-dims=\"1\" decoding=\"async\" src=\"https:\/\/i0.wp.com\/agenciabrasil.ebc.com.br\/ebc.png?w=696&#038;ssl=1\" style=\"width:1px;height:1px;display:inline\" \/><img data-recalc-dims=\"1\" decoding=\"async\" src=\"https:\/\/i0.wp.com\/agenciabrasil.ebc.com.br\/ebc.gif?w=696&#038;ssl=1\" style=\"width:1px;height:1px;display:inline\" \/><\/p>\n<p>Hort\u00eancia foi uma das protagonistas na conquista da Copa doi Mundo de 1994, na Austr\u00e1lia, com vit\u00f3ria da Amarelinha na final contra a China (96 a 87), junto com Magic Paula e Janeth, conhecido como trio de ouro. Um dos jogos mais emocionantes foi a semifinal contra os Estados Unidos, at\u00e9 ent\u00e3o hegem\u00f4nico nas quadras. As brasileiras levaram a melhor sobre as norte-americanas por 110 a 107, tendo a ala-armadora Hort\u00eancia como cestinha, com 32 pontos, seguida por Magic Paula (29) e Janeth (22). \u00a0<\/p>\n<p>Dois anos depois, o trio de ouro voltou a brilhar na Olimp\u00edada de Atlanta (Estados Unidos), quando a sele\u00e7\u00e3o foi vice-campe\u00e3, subindo pela primeira vez no p\u00f3dio ol\u00edmpico com a prata.<\/p>\n<blockquote class=\"twitter-tweet\">\n<p dir=\"ltr\" lang=\"en\" xml:lang=\"en\">WHO IS THE <a href=\"https:\/\/x.com\/hashtag\/FIBAWWC?src=hash&amp;ref_src=twsrc%5Etfw\">#FIBAWWC<\/a> GOAT? \ud83d\udc10<\/p>\n<p>\ud83d\uddf3\ufe0f VOTE <a href=\"https:\/\/t.co\/oYx1Sw5t8N\">https:\/\/t.co\/oYx1Sw5t8N<\/a> <a href=\"https:\/\/t.co\/4uCqsUsRFh\">pic.twitter.com\/4uCqsUsRFh<\/a><\/p>\n<p>\u2014 FIBA Women&#8217;s Basketball World Cup (@FIBAWWC) <a href=\"https:\/\/x.com\/FIBAWWC\/status\/2089714771591635425?ref_src=twsrc%5Etfw\">August 18, 2026<\/a><\/p><\/blockquote>\n<p>Durante a carreira, Hort\u00eancia disputou outras quatro edi\u00e7\u00f5es de Copa do Mundo e tamb\u00e9m foi cestinha nas edi\u00e7\u00f5es de 1979, 1983 e 1990. Nesta \u00faltima, disputada na Mal\u00e1sia, a brasileira estabeleceu o recorde de maior m\u00e9dia de pontos (31,5) que det\u00e9m at\u00e9 hoje. \u00a0 \u00a0<\/p>\n<p>A primeira e \u00fanica vota\u00e7\u00e3o promovida pela Fiba ao pr\u00eamio de maior jogadora de todos os tempos ocorreu em 2018, na v\u00e9spera da Copa do Mundo na Espanha. Na ocasi\u00e3o, Hort\u00eancia levou o pr\u00eamio com 85% dos votos.<\/p>\n<h2>Candidatas ao pr\u00eamio da Fiba<\/h2>\n<p><strong>Hort\u00eancia Marcari (BRA)<\/strong><br \/>Lauren Jackson (AUS)<br \/>Uljana Semjonova (LET)<br \/>Sue Bird (EUA)<br \/>Penny Taylor (AUS)<br \/>Diana Taurasi (EUA)<br \/>Lisa Leslie (EUA)<br \/>Maya Moore (EUA)<br \/>Breanna Stewart (EUA)<\/p>\n<p>      <!-- Relacionada --><\/p>\n<p>            <!-- Relacionada -->\n    <\/div>\n<p><a href=\"\/\/platform.twitter.com\/widgets.js\">\/\/platform.twitter.com\/widgets.js<\/a><br \/>\n<br \/><br \/>\n<br \/><a href=\"https:\/\/agenciabrasil.ebc.com.br\/esportes\/noticia\/2026-08\/hortencia-e-indicada-premio-de-maior-atleta-da-historia-dos-mundiais\" rel=\"noopener\">Informa\u00e7\u00f5es com a Ag\u00eancia Brasil<\/a><\/p>\n","protected":false},"excerpt":{"rendered":"<p>Campe\u00e3 mundial de basquete com a sele\u00e7\u00e3o feminina no t\u00edtulo in\u00e9dito conquistado em 1994, a ex-jogadora Hort\u00eancia \u00e9 a \u00fanica brasileira entre as nove indicadas ao pr\u00eamio de maior atleta da hist\u00f3ria das Copas do Mundo, concedido pela Federa\u00e7\u00e3o Internacional da modalidade (Fiba). A entidade abriu vota\u00e7\u00e3o popular nesta ter\u00e7a-feira (18) no site do pr\u00f3ximo [&hellip;]<\/p>\n","protected":false},"author":1,"featured_media":74839,"comment_status":"closed","ping_status":"open","sticky":false,"template":"","format":"standard","meta":{"_jetpack_newsletter_access":"","_jetpack_dont_email_post_to_subs":false,"_jetpack_newsletter_tier_id":0,"_jetpack_memberships_contains_paywalled_content":false,"_mbp_banners":[],"_jetpack_feature_clip_id":0,"_jetpack_memberships_contains_paid_content":false,"footnotes":"","jetpack_publicize_message":"","jetpack_publicize_feature_enabled":true,"jetpack_social_post_already_shared":true,"jetpack_social_options":{"image_generator_settings":{"template":"highway","default_image_id":0,"font":"","enabled":false},"version":2},"jetpack_post_was_ever_published":false},"categories":[22],"tags":[],"class_list":["post-74838","post","type-post","status-publish","format-standard","has-post-thumbnail","category-nacional"],"jetpack_publicize_connections":[],"jetpack-related-posts":[],"jetpack_shortlink":"https:\/\/wp.me\/p7Eq1F-jt4","jetpack_sharing_enabled":true,"jetpack_featured_media_url":"https:\/\/i0.wp.com\/guialimeira.com.br\/news\/wp-content\/uploads\/2026\/08\/1787111090_sem_titulo.jpg?fit=1600%2C800&ssl=1","_links":{"self":[{"href":"https:\/\/guialimeira.com.br\/news\/wp-json\/wp\/v2\/posts\/74838","targetHints":{"allow":["GET"]}}],"collection":[{"href":"https:\/\/guialimeira.com.br\/news\/wp-json\/wp\/v2\/posts"}],"about":[{"href":"https:\/\/guialimeira.com.br\/news\/wp-json\/wp\/v2\/types\/post"}],"author":[{"embeddable":true,"href":"https:\/\/guialimeira.com.br\/news\/wp-json\/wp\/v2\/users\/1"}],"replies":[{"embeddable":true,"href":"https:\/\/guialimeira.com.br\/news\/wp-json\/wp\/v2\/comments?post=74838"}],"version-history":[{"count":1,"href":"https:\/\/guialimeira.com.br\/news\/wp-json\/wp\/v2\/posts\/74838\/revisions"}],"predecessor-version":[{"id":74840,"href":"https:\/\/guialimeira.com.br\/news\/wp-json\/wp\/v2\/posts\/74838\/revisions\/74840"}],"wp:featuredmedia":[{"embeddable":true,"href":"https:\/\/guialimeira.com.br\/news\/wp-json\/wp\/v2\/media\/74839"}],"wp:attachment":[{"href":"https:\/\/guialimeira.com.br\/news\/wp-json\/wp\/v2\/media?parent=74838"}],"wp:term":[{"taxonomy":"category","embeddable":true,"href":"https:\/\/guialimeira.com.br\/news\/wp-json\/wp\/v2\/categories?post=74838"},{"taxonomy":"post_tag","embeddable":true,"href":"https:\/\/guialimeira.com.br\/news\/wp-json\/wp\/v2\/tags?post=74838"}],"curies":[{"name":"wp","href":"https:\/\/api.w.org\/{rel}","templated":true}]}}