{"id":74835,"date":"2026-08-18T23:44:02","date_gmt":"2026-08-19T02:44:02","guid":{"rendered":"https:\/\/guialimeira.com.br\/?p=74835"},"modified":"2026-08-18T23:44:02","modified_gmt":"2026-08-19T02:44:02","slug":"tse-retoma-condenacao-de-vereador-por-violencia-politica-de-genero","status":"publish","type":"post","link":"https:\/\/guialimeira.com.br\/news\/tse-retoma-condenacao-de-vereador-por-violencia-politica-de-genero\/","title":{"rendered":"TSE retoma condena\u00e7\u00e3o de vereador por viol\u00eancia pol\u00edtica de g\u00eanero"},"content":{"rendered":"<p> <br \/>\n<\/p>\n<div>\n<p><strong>O Tribunal Superior Eleitoral (TSE) decidiu nesta ter\u00e7a-feira (18) restabelecer a condena\u00e7\u00e3o do vereador de Medina (MG) Ailson Batista de Figueiredo (MDB) pelo crime de viol\u00eancia pol\u00edtica de g\u00eanero.<\/strong><img data-recalc-dims=\"1\" decoding=\"async\" src=\"https:\/\/i0.wp.com\/agenciabrasil.ebc.com.br\/ebc.png?w=696&#038;ssl=1\" style=\"width:1px;height:1px;display:inline\" \/><img data-recalc-dims=\"1\" decoding=\"async\" src=\"https:\/\/i0.wp.com\/agenciabrasil.ebc.com.br\/ebc.gif?w=696&#038;ssl=1\" style=\"width:1px;height:1px;display:inline\" \/><\/p>\n<p><strong>Desta forma, volta a valer a decis\u00e3o da primeira inst\u00e2ncia da Justi\u00e7a Eleitoral de Minas que condenou o pol\u00edtico a um ano e seis meses de pris\u00e3o, \u00e0 inelegibilidade por oito anos e ao pagamento de R$ 20 mil de indeniza\u00e7\u00e3o.<\/strong><\/p>\n<p>Pelo placar un\u00e2nime de 7 votos a 0, \u00a0o TSE aceitou um recurso do Minist\u00e9rio P\u00fablico Eleitoral (MPE) e derrubou a decis\u00e3o do Tribunal Regional Eleitoral de Minas Gerais (TRE-MG) que absolveu o acusado.<\/p>\n<p>De acordo com a acusa\u00e7\u00e3o, o vereador proferiu ofensas em pra\u00e7a p\u00fablica contra a vereadora eleita Tatyana Figueiredo Navarro (Republicanos) ap\u00f3s a proclama\u00e7\u00e3o do resultado do pleito, em 2024. Ailson a chamou de &#8220;vagabunda&#8221; e &#8220;safada&#8221;.\u00a0<\/p>\n<p>Prevaleceu no julgamento o voto relator, ministro Dias Toffoli. Para o ministro, a conduta do pol\u00edtico retrata a &#8220;cultura de humilha\u00e7\u00e3o&#8221; contra as mulheres. &#8220;Ser\u00e1 que esse recorrido diria isso de um vereador homem? Ele o fez porque era uma mulher&#8221;, afirmou o ministro.<\/p>\n<p>Durante o julgamento, o advogado Jos\u00e9 Sad defendeu a manuten\u00e7\u00e3o da decis\u00e3o do TRE-MG que absolveu o vereador e disse que a conduta do pol\u00edtico ocorreu ap\u00f3s o an\u00fancio do resultado das elei\u00e7\u00f5es. &#8220;Se o fato aconteceu ap\u00f3s a proclama\u00e7\u00e3o dos eleitos, n\u00f3s n\u00e3o temos mais o dolo espec\u00edfico de impedir ou dificultar a campanha eleitoral, porque a campanha se encerrou&#8221;, argumentou.\u00a0<\/p>\n<p>      <!-- Relacionada --><\/p>\n<p>            <!-- Relacionada -->\n    <\/div>\n<p><br \/>\n<br \/><a href=\"https:\/\/agenciabrasil.ebc.com.br\/justica\/noticia\/2026-08\/tse-retoma-condenacao-de-vereador-por-violencia-politica-de-genero\" rel=\"noopener\">Informa\u00e7\u00f5es com a Ag\u00eancia Brasil<\/a><\/p>\n","protected":false},"excerpt":{"rendered":"<p>O Tribunal Superior Eleitoral (TSE) decidiu nesta ter\u00e7a-feira (18) restabelecer a condena\u00e7\u00e3o do vereador de Medina (MG) Ailson Batista de Figueiredo (MDB) pelo crime de viol\u00eancia pol\u00edtica de g\u00eanero. Desta forma, volta a valer a decis\u00e3o da primeira inst\u00e2ncia da Justi\u00e7a Eleitoral de Minas que condenou o pol\u00edtico a um ano e seis meses de [&hellip;]<\/p>\n","protected":false},"author":1,"featured_media":74836,"comment_status":"closed","ping_status":"open","sticky":false,"template":"","format":"standard","meta":{"_jetpack_newsletter_access":"","_jetpack_dont_email_post_to_subs":false,"_jetpack_newsletter_tier_id":0,"_jetpack_memberships_contains_paywalled_content":false,"_mbp_banners":[],"_jetpack_feature_clip_id":0,"_jetpack_memberships_contains_paid_content":false,"footnotes":"","jetpack_publicize_message":"","jetpack_publicize_feature_enabled":true,"jetpack_social_post_already_shared":true,"jetpack_social_options":{"image_generator_settings":{"template":"highway","default_image_id":0,"font":"","enabled":false},"version":2},"jetpack_post_was_ever_published":false},"categories":[22],"tags":[],"class_list":["post-74835","post","type-post","status-publish","format-standard","has-post-thumbnail","category-nacional"],"jetpack_publicize_connections":[],"jetpack-related-posts":[],"jetpack_shortlink":"https:\/\/wp.me\/p7Eq1F-jt1","jetpack_sharing_enabled":true,"jetpack_featured_media_url":"https:\/\/i0.wp.com\/guialimeira.com.br\/news\/wp-content\/uploads\/2026\/08\/tse_foto.jpg?fit=1600%2C800&ssl=1","_links":{"self":[{"href":"https:\/\/guialimeira.com.br\/news\/wp-json\/wp\/v2\/posts\/74835","targetHints":{"allow":["GET"]}}],"collection":[{"href":"https:\/\/guialimeira.com.br\/news\/wp-json\/wp\/v2\/posts"}],"about":[{"href":"https:\/\/guialimeira.com.br\/news\/wp-json\/wp\/v2\/types\/post"}],"author":[{"embeddable":true,"href":"https:\/\/guialimeira.com.br\/news\/wp-json\/wp\/v2\/users\/1"}],"replies":[{"embeddable":true,"href":"https:\/\/guialimeira.com.br\/news\/wp-json\/wp\/v2\/comments?post=74835"}],"version-history":[{"count":1,"href":"https:\/\/guialimeira.com.br\/news\/wp-json\/wp\/v2\/posts\/74835\/revisions"}],"predecessor-version":[{"id":74837,"href":"https:\/\/guialimeira.com.br\/news\/wp-json\/wp\/v2\/posts\/74835\/revisions\/74837"}],"wp:featuredmedia":[{"embeddable":true,"href":"https:\/\/guialimeira.com.br\/news\/wp-json\/wp\/v2\/media\/74836"}],"wp:attachment":[{"href":"https:\/\/guialimeira.com.br\/news\/wp-json\/wp\/v2\/media?parent=74835"}],"wp:term":[{"taxonomy":"category","embeddable":true,"href":"https:\/\/guialimeira.com.br\/news\/wp-json\/wp\/v2\/categories?post=74835"},{"taxonomy":"post_tag","embeddable":true,"href":"https:\/\/guialimeira.com.br\/news\/wp-json\/wp\/v2\/tags?post=74835"}],"curies":[{"name":"wp","href":"https:\/\/api.w.org\/{rel}","templated":true}]}}