{"id":7483,"date":"2024-06-04T20:24:44","date_gmt":"2024-06-04T23:24:44","guid":{"rendered":"https:\/\/guialimeira.com.br\/2024\/06\/04\/haddad-diz-que-levara-abraco-de-lula-ao-papa-francisco\/"},"modified":"2024-06-04T20:24:44","modified_gmt":"2024-06-04T23:24:44","slug":"haddad-diz-que-levara-abraco-de-lula-ao-papa-francisco","status":"publish","type":"post","link":"https:\/\/guialimeira.com.br\/news\/haddad-diz-que-levara-abraco-de-lula-ao-papa-francisco\/","title":{"rendered":"Haddad diz que levar\u00e1 abra\u00e7o de Lula ao Papa Francisco"},"content":{"rendered":"<p> <br \/>\n<\/p>\n<div>\n<p>No primeiro dia de visitas \u00e0 It\u00e1lia, o ministro da Fazenda, Fernando Haddad, disse que levar\u00e1 \u201cum abra\u00e7o do presidente Lula\u201d ao papa Francisco. O ministro se reunir\u00e1 com o pont\u00edfice nesta quarta-feira (5), \u00e0s 7h30, no hor\u00e1rio do Vaticano (2h30 em Bras\u00edlia), para angariar apoio \u00e0 taxa\u00e7\u00e3o dos super-ricos.<img data-recalc-dims=\"1\" decoding=\"async\" src=\"https:\/\/i0.wp.com\/agenciabrasil.ebc.com.br\/ebc.png?w=696&#038;ssl=1\" style=\"width:1px; height:1px; display:inline;\"\/><img data-recalc-dims=\"1\" decoding=\"async\" src=\"https:\/\/i0.wp.com\/agenciabrasil.ebc.com.br\/ebc.gif?w=696&#038;ssl=1\" style=\"width:1px; height:1px; display:inline;\"\/><\/p>\n<p>\u201cVim trazer um abra\u00e7o do presidente Lula e mant\u00ea-lo [o papa Francisco] a par dos problemas do Brasil\u201d, disse Haddad em entrevista coletiva ap\u00f3s reuni\u00e3o com o ministro das Finan\u00e7as da Espanha, Carlos Cuerpo. Os dois se encontraram por cerca de uma hora na embaixada brasileira em Roma.<\/p>\n<p>Segundo Haddad, o governo brasileiro pretende se colocar \u00e0 disposi\u00e7\u00e3o do papa para os temas sociais tratados pelo Vaticano. \u201c[Esses temas] dizem respeito ao sentimento dos brasileiros por um mundo mais fraterno, por um mundo de paz, por um mundo de liberdade. Ser\u00e1 uma viagem muito proveitosa\u201d, comentou o ministro brasileiro. Al\u00e9m da taxa\u00e7\u00e3o dos super-ricos, Haddad pretende conversar com o papa sobre a trag\u00e9dia clim\u00e1tica no Rio Grande do Sul e o endividamento dos pa\u00edses mais pobres.<\/p>\n<p>Em rela\u00e7\u00e3o \u00e0 taxa\u00e7\u00e3o dos super-ricos, proposta pelo Brasil na presid\u00eancia do G20 (grupo as 19 maiores economias do planeta, mas Uni\u00e3o Europeia e Uni\u00e3o Africana), Haddad disse que a recomenda\u00e7\u00e3o \u00e9 um ponto de partida para um sistema tribut\u00e1rio global mais justo. \u201cEsse tributo sobre os super-bilion\u00e1rios s\u00f3 faz sentido em escala global. Se n\u00e3o, ele n\u00e3o vai ser eficaz. E eu penso que \u00e9 um come\u00e7o de uma jornada\u201d, declarou o ministro.<\/p>\n<p>\u201cMas eu penso que \u00e9 um ponto de partida muito grande a Fran\u00e7a, a Espanha j\u00e1 se declararem favor\u00e1veis a debater o tema, com profundidade, com troca de informa\u00e7\u00f5es, com tudo que \u00e9 exigido para um passo t\u00e3o ousado quanto esse. Os demais pa\u00edses v\u00e3o acabar sendo chamados a se manifestar\u201d, completou. Al\u00e9m dos dois pa\u00edses europeus, manifestaram apoio \u00e0 proposta brasileira B\u00e9lgica, Col\u00f4mbia e Uni\u00e3o Africana.<\/p>\n<h2>D\u00edvida de pa\u00edses pobres<\/h2>\n<p>Ap\u00f3s a audi\u00eancia com o papa, Haddad participar\u00e1 da confer\u00eancia Enfrentando a Crise da D\u00edvida no Sul Global, co-organizada pela Universidade de Columbia e pela Pontif\u00edcia Academia de Ci\u00eancias Sociais, ligada ao Vaticano. O ministro destacar\u00e1 o compromisso do Brasil com a busca de solu\u00e7\u00f5es para a crise da d\u00edvida p\u00fablica enfrentada por pa\u00edses em desenvolvimento.<\/p>\n<p>Segundo o Fundo Monet\u00e1rio Internacional (FMI), dos 68 pa\u00edses de menor renda, nove n\u00e3o conseguem pagar a d\u00edvida externa e 51 est\u00e3o com risco moderado ou alto de entrar em morat\u00f3ria. De acordo com a Organiza\u00e7\u00e3o das Na\u00e7\u00f5es Unidas, 19 pa\u00edses em desenvolvimento gastam mais em juros da d\u00edvida p\u00fablica do que com educa\u00e7\u00e3o e 45 mais do que com a sa\u00fade. Conforme a Pontif\u00edcia Academia de Ci\u00eancias Sociais, o problema piorou ap\u00f3s a pandemia de covid-19.<\/p>\n<h2>Acordo Mercosul\u2013Uni\u00e3o Europeia<\/h2>\n<p>Na reuni\u00e3o com o ministro de Finan\u00e7as espanhol, Haddad tornou a defender o acordo Mercosul\u2013Uni\u00e3o Europeia. Segundo o ministro brasileiro, a conclus\u00e3o do acordo \u00e9 importante n\u00e3o apenas pelos aspectos econ\u00f4micos, mas abrange valores como a defesa da democracia. \u201cEssa \u00e9 uma alian\u00e7a que pode animar muito n\u00e3o apenas os neg\u00f3cios, mas as parcerias em todos os \u00e2mbitos\u201d, comentou. \u201cTemos economias complementares e muito a ganhar juntos\u201d, acrescentou Haddad, dirigindo-se ao colega espanhol.<\/p>\n<p>Conclu\u00eddo em 2019, o acordo entre o Mercosul e a Uni\u00e3o Europeia depende da ratifica\u00e7\u00e3o de todos os pa\u00edses envolvidos para entrar em vigor. As ratifica\u00e7\u00f5es tornaram-se mais dif\u00edceis ap\u00f3s os protestos desde o in\u00edcio do ano de agricultores europeus, que alegam amea\u00e7as \u00e0 produ\u00e7\u00e3o e concorr\u00eancia desleal provocada pelos alimentos do Mercosul, principalmente do Brasil. Em visita ao Brasil em mar\u00e7o, o presidente franc\u00eas, Emmanuel Macron, disse que a <a href=\"https:\/\/agenciabrasil.ebc.com.br\/es\/node\/1587832\" target=\"_blank\" rel=\"noopener\">Fran\u00e7a \u00e9 totalmente contr\u00e1ria \u00e0 proposta<\/a> porque ela foi negociada h\u00e1 mais de 20 anos e defendeu a reconstru\u00e7\u00e3o do acordo.<\/p>\n<\/p><\/div>\n<p><br \/>\n<br \/><a href=\"https:\/\/agenciabrasil.ebc.com.br\/economia\/noticia\/2024-06\/haddad-diz-que-levara-abraco-de-lula-ao-papa-francisco\" rel=\"noopener\">Ag\u00eancia Brasil<\/a><\/p>\n","protected":false},"excerpt":{"rendered":"<p>No primeiro dia de visitas \u00e0 It\u00e1lia, o ministro da Fazenda, Fernando Haddad, disse que levar\u00e1 \u201cum abra\u00e7o do presidente Lula\u201d ao papa Francisco. O ministro se reunir\u00e1 com o pont\u00edfice nesta quarta-feira (5), \u00e0s 7h30, no hor\u00e1rio do Vaticano (2h30 em Bras\u00edlia), para angariar apoio \u00e0 taxa\u00e7\u00e3o dos super-ricos. \u201cVim trazer um abra\u00e7o do [&hellip;]<\/p>\n","protected":false},"author":1,"featured_media":269,"comment_status":"open","ping_status":"open","sticky":false,"template":"","format":"standard","meta":{"_jetpack_newsletter_access":"","_jetpack_dont_email_post_to_subs":false,"_jetpack_newsletter_tier_id":0,"_jetpack_memberships_contains_paywalled_content":false,"_mbp_banners":[],"_jetpack_feature_clip_id":0,"_jetpack_memberships_contains_paid_content":false,"footnotes":"","jetpack_publicize_message":"","jetpack_publicize_feature_enabled":true,"jetpack_social_post_already_shared":true,"jetpack_social_options":{"image_generator_settings":{"template":"highway","default_image_id":0,"font":"","enabled":false},"version":2},"jetpack_post_was_ever_published":false},"categories":[24],"tags":[],"class_list":["post-7483","post","type-post","status-publish","format-standard","has-post-thumbnail","category-economia"],"jetpack_publicize_connections":[],"jetpack-related-posts":[],"jetpack_shortlink":"https:\/\/wp.me\/p7Eq1F-1WH","jetpack_sharing_enabled":true,"jetpack_featured_media_url":"https:\/\/i0.wp.com\/guialimeira.com.br\/news\/wp-content\/uploads\/2024\/03\/thumb_1200x600_agbrasil.png?fit=1200%2C600&ssl=1","_links":{"self":[{"href":"https:\/\/guialimeira.com.br\/news\/wp-json\/wp\/v2\/posts\/7483","targetHints":{"allow":["GET"]}}],"collection":[{"href":"https:\/\/guialimeira.com.br\/news\/wp-json\/wp\/v2\/posts"}],"about":[{"href":"https:\/\/guialimeira.com.br\/news\/wp-json\/wp\/v2\/types\/post"}],"author":[{"embeddable":true,"href":"https:\/\/guialimeira.com.br\/news\/wp-json\/wp\/v2\/users\/1"}],"replies":[{"embeddable":true,"href":"https:\/\/guialimeira.com.br\/news\/wp-json\/wp\/v2\/comments?post=7483"}],"version-history":[{"count":0,"href":"https:\/\/guialimeira.com.br\/news\/wp-json\/wp\/v2\/posts\/7483\/revisions"}],"wp:featuredmedia":[{"embeddable":true,"href":"https:\/\/guialimeira.com.br\/news\/wp-json\/wp\/v2\/media\/269"}],"wp:attachment":[{"href":"https:\/\/guialimeira.com.br\/news\/wp-json\/wp\/v2\/media?parent=7483"}],"wp:term":[{"taxonomy":"category","embeddable":true,"href":"https:\/\/guialimeira.com.br\/news\/wp-json\/wp\/v2\/categories?post=7483"},{"taxonomy":"post_tag","embeddable":true,"href":"https:\/\/guialimeira.com.br\/news\/wp-json\/wp\/v2\/tags?post=7483"}],"curies":[{"name":"wp","href":"https:\/\/api.w.org\/{rel}","templated":true}]}}