{"id":74828,"date":"2026-08-18T20:39:51","date_gmt":"2026-08-18T23:39:51","guid":{"rendered":"https:\/\/guialimeira.com.br\/?p=74828"},"modified":"2026-08-18T20:39:51","modified_gmt":"2026-08-18T23:39:51","slug":"divida-bancaria-do-rio-chega-a-r-26-bilhoes-diz-governador","status":"publish","type":"post","link":"https:\/\/guialimeira.com.br\/news\/divida-bancaria-do-rio-chega-a-r-26-bilhoes-diz-governador\/","title":{"rendered":"D\u00edvida banc\u00e1ria do Rio chega a R$ 26 bilh\u00f5es, diz governador"},"content":{"rendered":"<p> <br \/>\n<\/p>\n<div>\n<p><strong>A d\u00edvida do governo do Rio de Janeiro com institui\u00e7\u00f5es financeiras chega a R$ 26 bilh\u00f5es, disse nesta ter\u00e7a-feira (18) o governador em exerc\u00edcio, Ricardo Couto. Ap\u00f3s reuni\u00e3o com o ministro da Fazenda, Dario Durigan, em Bras\u00edlia, Couto afirmou que o Estado busca uma reestrutura\u00e7\u00e3o dos d\u00e9bitos para reduzir o custo financeiro e reorganizar as contas p\u00fablicas.<\/strong><img data-recalc-dims=\"1\" decoding=\"async\" src=\"https:\/\/i0.wp.com\/agenciabrasil.ebc.com.br\/ebc.png?w=696&#038;ssl=1\" style=\"width:1px;height:1px;display:inline\" \/><img data-recalc-dims=\"1\" decoding=\"async\" src=\"https:\/\/i0.wp.com\/agenciabrasil.ebc.com.br\/ebc.gif?w=696&#038;ssl=1\" style=\"width:1px;height:1px;display:inline\" \/><\/p>\n<p>O governador disse que a negocia\u00e7\u00e3o n\u00e3o se limita \u00e0 ades\u00e3o do Rio ao Programa de Pleno Pagamento de D\u00edvidas dos Estados (Propag), que trata dos d\u00e9bitos estaduais com a Uni\u00e3o. <strong>Segundo ele, o objetivo \u00e9 tamb\u00e9m reorganizar as d\u00edvidas mantidas com bancos e outras institui\u00e7\u00f5es financeiras.<\/strong><\/p>\n<blockquote>\n<p>\u201cN\u00f3s temos, em termos de d\u00e9ficit banc\u00e1rio com institui\u00e7\u00f5es financeiras, cerca de R$ 26 bilh\u00f5es\u201d, ressaltou.<\/p>\n<\/blockquote>\n<h2>Reestrutura\u00e7\u00e3o dos d\u00e9bitos<\/h2>\n<p>Couto afirmou que o governo fluminense pretende renegociar as d\u00edvidas com condi\u00e7\u00f5es financeiras mais favor\u00e1veis.<\/p>\n<p><strong>\u201cDesejamos fazer um reescalonamento desse d\u00e9bito com juros menores. E a Uni\u00e3o tem olhado de forma muito positiva a essa conduta do estado do Rio de Janeiro\u201d, acrescentou.<\/strong><\/p>\n<p>Segundo o governador, a inten\u00e7\u00e3o \u00e9 reorganizar o passivo para melhorar a situa\u00e7\u00e3o financeira do estado. Afirmou ainda que o governo federal tem apoiado as negocia\u00e7\u00f5es.<\/p>\n<blockquote>\n<p>\u201cO objetivo maior dessa reuni\u00e3o hoje foi ver a reestrutura\u00e7\u00e3o total da d\u00edvida do estado, n\u00e3o apenas dentro da ideia do Propag, mas tamb\u00e9m a reorganiza\u00e7\u00e3o de todo o d\u00e9ficit que n\u00f3s temos junto \u00e0s institui\u00e7\u00f5es financeiras\u201d, resumiu.<\/p>\n<\/blockquote>\n<h2>Sem nova garantia<\/h2>\n<p>Sobre a necessidade de uma nova garantia do Tesouro Nacional para viabilizar a opera\u00e7\u00e3o, Couto afirmou que n\u00e3o haver\u00e1 uma nova cobertura federal.<\/p>\n<blockquote>\n<p>\u201cN\u00e3o, o Tesouro n\u00e3o precisa dar uma nova garantia. N\u00f3s estamos discutindo formatos de realoca\u00e7\u00e3o das d\u00edvidas\u201d, ressaltou.<\/p>\n<\/blockquote>\n<p>O governador tamb\u00e9m afirmou que pretende buscar o apoio do Banco Nacional de Desenvolvimento Econ\u00f4mico e Social (BNDES) nas pr\u00f3ximas etapas da reorganiza\u00e7\u00e3o financeira.<\/p>\n<h2>D\u00edvida com a Uni\u00e3o<\/h2>\n<p>Al\u00e9m do passivo banc\u00e1rio, o Rio de Janeiro tamb\u00e9m negocia a d\u00edvida com a Uni\u00e3o. <a href=\"https:\/\/agenciabrasil.ebc.com.br\/economia\/noticia\/2026-05\/governo-do-rio-e-autorizado-entrar-no-propag-para-reduzir-divida\" target=\"_blank\" rel=\"noopener\">Em maio, o estado foi autorizado a aderir ao Propag<\/a>, programa criado para permitir a renegocia\u00e7\u00e3o dos d\u00e9bitos estaduais.<\/p>\n<p>Com a ades\u00e3o, oficializada em junho, a d\u00edvida do Rio com a Uni\u00e3o caiu de R$ 210 bilh\u00f5es para R$ 168,5 bilh\u00f5es, segundo os dados apresentados pelo governo federal. A redu\u00e7\u00e3o ocorreu mediante contrapartidas do Estado.<\/p>\n<p><strong>As parcelas mensais tamb\u00e9m foram reduzidas, de R$ 436 milh\u00f5es para R$ 119 milh\u00f5es. O prazo de pagamento foi estendido at\u00e9 2056.<\/strong><\/p>\n<p>Outra mudan\u00e7a foi a retirada dos juros reais. Pelo novo modelo, a d\u00edvida passa a ser corrigida apenas pela infla\u00e7\u00e3o, medida pelo \u00cdndice Nacional de Pre\u00e7os ao Consumidor Amplo (IPCA).<\/p>\n<h2>Refit<\/h2>\n<p>Couto n\u00e3o respondeu se a situa\u00e7\u00e3o da refinaria Refit, apontada como uma das principais devedoras, foi discutida durante a reuni\u00e3o.\u00a0<\/p>\n<p>Dono da antiga Refinaria de Manguinhos, o<strong> Grupo Refit \u00e9 apontado pela Receita Federal como o maior devedor contumaz do Brasil. A empresa acumula d\u00e9bitos tribut\u00e1rios superiores a R$ 26 bilh\u00f5es com a Uni\u00e3o e os estados<\/strong>. A empresa \u00e9 alvo de investiga\u00e7\u00f5es por sonega\u00e7\u00e3o fiscal estruturada, lavagem de dinheiro e uso de empresas-espelho.<\/p>\n<p>No ano passado, o grupo foi alvo da <a href=\"https:\/\/agenciabrasil.ebc.com.br\/geral\/noticia\/2025-11\/sp-megaoperacao-investiga-fraude-fiscal-no-setor-de-combustiveis\" target=\"_blank\" rel=\"noopener\">Opera\u00e7\u00e3o Po\u00e7o de Lobato<\/a>\u00a0e da <a href=\"https:\/\/agenciabrasil.ebc.com.br\/justica\/noticia\/2025-10\/stj-suspende-operacoes-da-refinaria-de-manguinhos-no-rio\" target=\"_blank\" rel=\"noopener\">Opera\u00e7\u00e3o Carbono Oculto<\/a>, que investigam fraudes fiscais e liga\u00e7\u00f5es com redes de oculta\u00e7\u00e3o de patrim\u00f4nio.<\/p>\n<h2>Contrapartidas<\/h2>\n<p><strong>Para obter as condi\u00e7\u00f5es previstas no Propag, o Rio se comprometeu a reduzir 20% do total devido \u00e0 Uni\u00e3o.<\/strong> Como parte da opera\u00e7\u00e3o, recursos que seriam destinados ao Estado pelo Fundo Nacional de Desenvolvimento Regional (FNDR) permanecer\u00e3o com o governo federal at\u00e9 2048.<\/p>\n<p><strong>O Estado tamb\u00e9m dever\u00e1 aplicar 1% do saldo devedor em \u00e1reas como educa\u00e7\u00e3o, infraestrutura e seguran\u00e7a.<\/strong><\/p>\n<p>Desde 2016, a Uni\u00e3o j\u00e1 pagou cerca de R$ 47 bilh\u00f5es em d\u00edvidas do Rio de Janeiro que n\u00e3o foram quitadas pelo Estado.<\/p>\n<h2>Agenda alterada<\/h2>\n<p>Durigan cancelou compromissos que teria em S\u00e3o Paulo nesta ter\u00e7a-feira para participar da agenda em Bras\u00edlia. O encontro com Couto ocorreu no fim da tarde. Segundo o governador em exerc\u00edcio, teve como principais temas a situa\u00e7\u00e3o financeira do Rio e as alternativas para reestruturar os d\u00e9bitos estaduais.<\/p>\n<p>\u00a0<\/p>\n<p>      <!-- Relacionada --><\/p>\n<p>            <!-- Relacionada -->\n    <\/div>\n<p><br \/>\n<br \/><a href=\"https:\/\/agenciabrasil.ebc.com.br\/economia\/noticia\/2026-08\/divida-bancaria-do-rio-chega-r-26-bilhoes-diz-governador\" rel=\"noopener\">Informa\u00e7\u00f5es com a Ag\u00eancia Brasil<\/a><\/p>\n","protected":false},"excerpt":{"rendered":"<p>A d\u00edvida do governo do Rio de Janeiro com institui\u00e7\u00f5es financeiras chega a R$ 26 bilh\u00f5es, disse nesta ter\u00e7a-feira (18) o governador em exerc\u00edcio, Ricardo Couto. Ap\u00f3s reuni\u00e3o com o ministro da Fazenda, Dario Durigan, em Bras\u00edlia, Couto afirmou que o Estado busca uma reestrutura\u00e7\u00e3o dos d\u00e9bitos para reduzir o custo financeiro e reorganizar as [&hellip;]<\/p>\n","protected":false},"author":1,"featured_media":74829,"comment_status":"closed","ping_status":"open","sticky":false,"template":"","format":"standard","meta":{"_jetpack_newsletter_access":"","_jetpack_dont_email_post_to_subs":false,"_jetpack_newsletter_tier_id":0,"_jetpack_memberships_contains_paywalled_content":false,"_mbp_banners":[],"_jetpack_feature_clip_id":0,"_jetpack_memberships_contains_paid_content":false,"footnotes":"","jetpack_publicize_message":"","jetpack_publicize_feature_enabled":true,"jetpack_social_post_already_shared":true,"jetpack_social_options":{"image_generator_settings":{"template":"highway","default_image_id":0,"font":"","enabled":false},"version":2},"jetpack_post_was_ever_published":false},"categories":[22],"tags":[],"class_list":["post-74828","post","type-post","status-publish","format-standard","has-post-thumbnail","category-nacional"],"jetpack_publicize_connections":[],"jetpack-related-posts":[],"jetpack_shortlink":"https:\/\/wp.me\/p7Eq1F-jsU","jetpack_sharing_enabled":true,"jetpack_featured_media_url":"https:\/\/i0.wp.com\/guialimeira.com.br\/news\/wp-content\/uploads\/2026\/08\/ricardo-couto-de-castro.jpg?fit=1600%2C800&ssl=1","_links":{"self":[{"href":"https:\/\/guialimeira.com.br\/news\/wp-json\/wp\/v2\/posts\/74828","targetHints":{"allow":["GET"]}}],"collection":[{"href":"https:\/\/guialimeira.com.br\/news\/wp-json\/wp\/v2\/posts"}],"about":[{"href":"https:\/\/guialimeira.com.br\/news\/wp-json\/wp\/v2\/types\/post"}],"author":[{"embeddable":true,"href":"https:\/\/guialimeira.com.br\/news\/wp-json\/wp\/v2\/users\/1"}],"replies":[{"embeddable":true,"href":"https:\/\/guialimeira.com.br\/news\/wp-json\/wp\/v2\/comments?post=74828"}],"version-history":[{"count":1,"href":"https:\/\/guialimeira.com.br\/news\/wp-json\/wp\/v2\/posts\/74828\/revisions"}],"predecessor-version":[{"id":74830,"href":"https:\/\/guialimeira.com.br\/news\/wp-json\/wp\/v2\/posts\/74828\/revisions\/74830"}],"wp:featuredmedia":[{"embeddable":true,"href":"https:\/\/guialimeira.com.br\/news\/wp-json\/wp\/v2\/media\/74829"}],"wp:attachment":[{"href":"https:\/\/guialimeira.com.br\/news\/wp-json\/wp\/v2\/media?parent=74828"}],"wp:term":[{"taxonomy":"category","embeddable":true,"href":"https:\/\/guialimeira.com.br\/news\/wp-json\/wp\/v2\/categories?post=74828"},{"taxonomy":"post_tag","embeddable":true,"href":"https:\/\/guialimeira.com.br\/news\/wp-json\/wp\/v2\/tags?post=74828"}],"curies":[{"name":"wp","href":"https:\/\/api.w.org\/{rel}","templated":true}]}}