{"id":74822,"date":"2026-08-18T18:36:59","date_gmt":"2026-08-18T21:36:59","guid":{"rendered":"https:\/\/guialimeira.com.br\/?p=74822"},"modified":"2026-08-18T18:36:59","modified_gmt":"2026-08-18T21:36:59","slug":"dino-e-moraes-defendem-rediscutir-dispensa-de-diploma-para-jornalista","status":"publish","type":"post","link":"https:\/\/guialimeira.com.br\/news\/dino-e-moraes-defendem-rediscutir-dispensa-de-diploma-para-jornalista\/","title":{"rendered":"Dino e Moraes defendem rediscutir dispensa de diploma para jornalista"},"content":{"rendered":"<p> <br \/>\n<\/p>\n<div>\n<p><strong>Os ministros do Supremo Tribunal Federal (STF) Fl\u00e1vio Dino e Alexandre de Moraes defenderam nesta ter\u00e7a-feira (18) a rediscuss\u00e3o sobre a decis\u00e3o da Corte, que, em 2009, dispensou o diploma de jornalista para exerc\u00edcio legal da profiss\u00e3o.<\/strong><img data-recalc-dims=\"1\" decoding=\"async\" src=\"https:\/\/i0.wp.com\/agenciabrasil.ebc.com.br\/ebc.png?w=696&#038;ssl=1\" style=\"width:1px;height:1px;display:inline\" \/><img data-recalc-dims=\"1\" decoding=\"async\" src=\"https:\/\/i0.wp.com\/agenciabrasil.ebc.com.br\/ebc.gif?w=696&#038;ssl=1\" style=\"width:1px;height:1px;display:inline\" \/><\/p>\n<p>A discuss\u00e3o voltou \u00e0 tona durante sess\u00e3o da Primeira Turma, que julgou um caso de direito de resposta envolvendo a TV Globo e uma cl\u00ednica m\u00e9dica citada em uma reportagem sobre ass\u00e9dio sexual.<\/p>\n<p>Durante a sess\u00e3o, Dino disse que a decis\u00e3o do Supremo que dispensou o diploma para exerc\u00edcio da profiss\u00e3o se tornou um complicador para o julgamento de casos sobre liberdade de imprensa.\u00a0<\/p>\n<p>&#8220;A extens\u00e3o autom\u00e1tica desse regime de garantias a qualquer blogueiro pode levar a que o PCC e o Comando Vermelho fa\u00e7am um concurso para selecionar blogueiros&#8221;, disse.<\/p>\n<p><strong>Moraes defendeu a regulamenta\u00e7\u00e3o da profiss\u00e3o e disse que o direito constitucional \u00e0 liberdade de imprensa n\u00e3o pode ser invocado por usu\u00e1rios que usam as redes sociais para cometer crimes contra a honra e atos de desinforma\u00e7\u00e3o.<\/strong><\/p>\n<blockquote>\n<p>&#8220;Hoje, com as redes sociais, qualquer pessoa acorda e diz a partir de hoje eu sou jornalista e come\u00e7a a ofender a honra de in\u00fameras pessoas e se escudar da liberdade de imprensa&#8221;, completou.<\/p>\n<\/blockquote>\n<p><strong>Em 2009, o STF decidiu que a exig\u00eancia do diploma de jornalismo e do registro profissional para exerc\u00edcio da profiss\u00e3o \u00e9 inconstitucional.<\/strong><\/p>\n<p>Por maioria de votos, a Corte entendeu que o Decreto-Lei 972\/1969 n\u00e3o foi recepcionado pela Constitui\u00e7\u00e3o de 1988. O decreto criou regras para exerc\u00edcio da profiss\u00e3o, entre elas, a obrigatoriedade de registro no Minist\u00e9rio do Trabalho e diploma de curso superior em jornalismo.<\/p>\n<h2>Quebra de sigilo<\/h2>\n<p>A rediscuss\u00e3o sobre a dispensa de diploma para jornalista ocorre no momento em que a Corte \u00e9 criticada por autorizar medidas de quebra de sigilo contra o blogueiro maranhense Lu\u00eds Pablo.<\/p>\n<p>Na semana passada, <a href=\"https:\/\/agenciabrasil.ebc.com.br\/justica\/noticia\/2026-08\/fenaj-e-abraji-criticam-acao-contra-jornalista-no-maranhao\" target=\"_blank\" rel=\"noopener\">Federa\u00e7\u00e3o Nacional dos Jornalistas (Fenaj) e a Associa\u00e7\u00e3o Brasileira de Jornalismo Investigativo (Abraji) manifestaram preocupa\u00e7\u00e3o<\/a> com a decis\u00e3o do ministro Alexandre de Moraes que permitiu a identifica\u00e7\u00e3o da fonte do jornalista, respons\u00e1vel por den\u00fancias sobre o suposto uso irregular de ve\u00edculos oficiais por Fl\u00e1vio Dino.\u00a0<\/p>\n<p>Segundo Moraes, informa\u00e7\u00f5es repassadas pela fonte foram obtidas a partir do monitoramento ilegal da rotina de Dino e seus familiares em S\u00e3o Lu\u00eds.\u00a0<\/p>\n<p>\u00a0<\/p>\n<p>      <!-- Relacionada --><\/p>\n<p>            <!-- Relacionada -->\n    <\/div>\n<p><br \/>\n<br \/><a href=\"https:\/\/agenciabrasil.ebc.com.br\/justica\/noticia\/2026-08\/dino-e-moraes-defendem-rediscutir-dispensa-de-diploma-para-jornalista\" rel=\"noopener\">Informa\u00e7\u00f5es com a Ag\u00eancia Brasil<\/a><\/p>\n","protected":false},"excerpt":{"rendered":"<p>Os ministros do Supremo Tribunal Federal (STF) Fl\u00e1vio Dino e Alexandre de Moraes defenderam nesta ter\u00e7a-feira (18) a rediscuss\u00e3o sobre a decis\u00e3o da Corte, que, em 2009, dispensou o diploma de jornalista para exerc\u00edcio legal da profiss\u00e3o. A discuss\u00e3o voltou \u00e0 tona durante sess\u00e3o da Primeira Turma, que julgou um caso de direito de resposta [&hellip;]<\/p>\n","protected":false},"author":1,"featured_media":74823,"comment_status":"closed","ping_status":"open","sticky":false,"template":"","format":"standard","meta":{"_jetpack_newsletter_access":"","_jetpack_dont_email_post_to_subs":false,"_jetpack_newsletter_tier_id":0,"_jetpack_memberships_contains_paywalled_content":false,"_mbp_banners":[],"_jetpack_feature_clip_id":0,"_jetpack_memberships_contains_paid_content":false,"footnotes":"","jetpack_publicize_message":"","jetpack_publicize_feature_enabled":true,"jetpack_social_post_already_shared":true,"jetpack_social_options":{"image_generator_settings":{"template":"highway","default_image_id":0,"font":"","enabled":false},"version":2},"jetpack_post_was_ever_published":false},"categories":[22],"tags":[],"class_list":["post-74822","post","type-post","status-publish","format-standard","has-post-thumbnail","category-nacional"],"jetpack_publicize_connections":[],"jetpack-related-posts":[],"jetpack_shortlink":"https:\/\/wp.me\/p7Eq1F-jsO","jetpack_sharing_enabled":true,"jetpack_featured_media_url":"https:\/\/i0.wp.com\/guialimeira.com.br\/news\/wp-content\/uploads\/2026\/08\/sem_titulo-7.jpg?fit=1600%2C800&ssl=1","_links":{"self":[{"href":"https:\/\/guialimeira.com.br\/news\/wp-json\/wp\/v2\/posts\/74822","targetHints":{"allow":["GET"]}}],"collection":[{"href":"https:\/\/guialimeira.com.br\/news\/wp-json\/wp\/v2\/posts"}],"about":[{"href":"https:\/\/guialimeira.com.br\/news\/wp-json\/wp\/v2\/types\/post"}],"author":[{"embeddable":true,"href":"https:\/\/guialimeira.com.br\/news\/wp-json\/wp\/v2\/users\/1"}],"replies":[{"embeddable":true,"href":"https:\/\/guialimeira.com.br\/news\/wp-json\/wp\/v2\/comments?post=74822"}],"version-history":[{"count":1,"href":"https:\/\/guialimeira.com.br\/news\/wp-json\/wp\/v2\/posts\/74822\/revisions"}],"predecessor-version":[{"id":74824,"href":"https:\/\/guialimeira.com.br\/news\/wp-json\/wp\/v2\/posts\/74822\/revisions\/74824"}],"wp:featuredmedia":[{"embeddable":true,"href":"https:\/\/guialimeira.com.br\/news\/wp-json\/wp\/v2\/media\/74823"}],"wp:attachment":[{"href":"https:\/\/guialimeira.com.br\/news\/wp-json\/wp\/v2\/media?parent=74822"}],"wp:term":[{"taxonomy":"category","embeddable":true,"href":"https:\/\/guialimeira.com.br\/news\/wp-json\/wp\/v2\/categories?post=74822"},{"taxonomy":"post_tag","embeddable":true,"href":"https:\/\/guialimeira.com.br\/news\/wp-json\/wp\/v2\/tags?post=74822"}],"curies":[{"name":"wp","href":"https:\/\/api.w.org\/{rel}","templated":true}]}}