{"id":74800,"date":"2026-08-18T15:33:52","date_gmt":"2026-08-18T18:33:52","guid":{"rendered":"https:\/\/guialimeira.com.br\/?p=74800"},"modified":"2026-08-18T15:33:52","modified_gmt":"2026-08-18T18:33:52","slug":"democrata-tem-veterinario-wilson-grassi-na-disputa-presidencial","status":"publish","type":"post","link":"https:\/\/guialimeira.com.br\/news\/democrata-tem-veterinario-wilson-grassi-na-disputa-presidencial\/","title":{"rendered":"Democrata tem veterin\u00e1rio Wilson Grassi na disputa presidencial"},"content":{"rendered":"<p> <br \/>\n<\/p>\n<div>\n<p><strong>Candidato pelo Democrata, antigo Partido da Mulher Brasileira (PMB),<a href=\"https:\/\/divulgacandcontas.tse.jus.br\/divulga\/#\/candidato\/BR\/BR\/20322002026\/280002548139\/2026\/BR\" target=\"_blank\" rel=\"noopener\"> Wilson Grassi <\/a>\u00e9 natural de S\u00e3o Paulo, capital. Tem 56 anos, \u00e9 empres\u00e1rio e veterin\u00e1rio. A empres\u00e1ria Su\u00ead Haidar \u00e9 a vice na chapa.<\/strong><img data-recalc-dims=\"1\" decoding=\"async\" src=\"https:\/\/i0.wp.com\/agenciabrasil.ebc.com.br\/ebc.png?w=696&#038;ssl=1\" style=\"width:1px;height:1px;display:inline\" \/><img data-recalc-dims=\"1\" decoding=\"async\" src=\"https:\/\/i0.wp.com\/agenciabrasil.ebc.com.br\/ebc.gif?w=696&#038;ssl=1\" style=\"width:1px;height:1px;display:inline\" \/><\/p>\n<p>Grassi atua pela causa animal, incluindo a defesa da instala\u00e7\u00e3o de hospitais p\u00fablicos para o atendimento de c\u00e3es e gatos. \u00c9 conselheiro da Associa\u00e7\u00e3o Nacional de Cl\u00ednicos Veterin\u00e1rios de Pequenos Animais de S\u00e3o Paulo (Anclipeva-SP).\u00a0<\/p>\n<p>O candidato \u00e0 Presid\u00eancia nunca ocupou cargo p\u00fablico, mas j\u00e1 disputou aos cargos a vaga de vereador, deputado estadual e federal por S\u00e3o Paulo, pelos partidos PV e PRTB. \u00a0<br \/>Fundado em 2015, o Democrata, antes PMB, nunca havia lan\u00e7ado candidato pr\u00f3prio \u00e0 Presid\u00eancia da Rep\u00fablica.<\/p>\n<p>      <!-- Relacionada --><\/p>\n<p>            <!-- Relacionada -->\n    <\/div>\n<p><br \/>\n<br \/><a href=\"https:\/\/agenciabrasil.ebc.com.br\/politica\/noticia\/2026-08\/democrata-tem-veterinario-wilson-grassi-na-disputa-presidencial\" rel=\"noopener\">Informa\u00e7\u00f5es com a Ag\u00eancia Brasil<\/a><\/p>\n","protected":false},"excerpt":{"rendered":"<p>Candidato pelo Democrata, antigo Partido da Mulher Brasileira (PMB), Wilson Grassi \u00e9 natural de S\u00e3o Paulo, capital. Tem 56 anos, \u00e9 empres\u00e1rio e veterin\u00e1rio. A empres\u00e1ria Su\u00ead Haidar \u00e9 a vice na chapa. Grassi atua pela causa animal, incluindo a defesa da instala\u00e7\u00e3o de hospitais p\u00fablicos para o atendimento de c\u00e3es e gatos. \u00c9 conselheiro [&hellip;]<\/p>\n","protected":false},"author":1,"featured_media":74801,"comment_status":"closed","ping_status":"open","sticky":false,"template":"","format":"standard","meta":{"_jetpack_newsletter_access":"","_jetpack_dont_email_post_to_subs":false,"_jetpack_newsletter_tier_id":0,"_jetpack_memberships_contains_paywalled_content":false,"_mbp_banners":[],"_jetpack_feature_clip_id":0,"_jetpack_memberships_contains_paid_content":false,"footnotes":"","jetpack_publicize_message":"","jetpack_publicize_feature_enabled":true,"jetpack_social_post_already_shared":true,"jetpack_social_options":{"image_generator_settings":{"template":"highway","default_image_id":0,"font":"","enabled":false},"version":2},"jetpack_post_was_ever_published":false},"categories":[22],"tags":[],"class_list":["post-74800","post","type-post","status-publish","format-standard","has-post-thumbnail","category-nacional"],"jetpack_publicize_connections":[],"jetpack-related-posts":[],"jetpack_shortlink":"https:\/\/wp.me\/p7Eq1F-jss","jetpack_sharing_enabled":true,"jetpack_featured_media_url":"https:\/\/i0.wp.com\/guialimeira.com.br\/news\/wp-content\/uploads\/2026\/08\/sem_titulo-2.jpg?fit=1600%2C800&ssl=1","_links":{"self":[{"href":"https:\/\/guialimeira.com.br\/news\/wp-json\/wp\/v2\/posts\/74800","targetHints":{"allow":["GET"]}}],"collection":[{"href":"https:\/\/guialimeira.com.br\/news\/wp-json\/wp\/v2\/posts"}],"about":[{"href":"https:\/\/guialimeira.com.br\/news\/wp-json\/wp\/v2\/types\/post"}],"author":[{"embeddable":true,"href":"https:\/\/guialimeira.com.br\/news\/wp-json\/wp\/v2\/users\/1"}],"replies":[{"embeddable":true,"href":"https:\/\/guialimeira.com.br\/news\/wp-json\/wp\/v2\/comments?post=74800"}],"version-history":[{"count":1,"href":"https:\/\/guialimeira.com.br\/news\/wp-json\/wp\/v2\/posts\/74800\/revisions"}],"predecessor-version":[{"id":74802,"href":"https:\/\/guialimeira.com.br\/news\/wp-json\/wp\/v2\/posts\/74800\/revisions\/74802"}],"wp:featuredmedia":[{"embeddable":true,"href":"https:\/\/guialimeira.com.br\/news\/wp-json\/wp\/v2\/media\/74801"}],"wp:attachment":[{"href":"https:\/\/guialimeira.com.br\/news\/wp-json\/wp\/v2\/media?parent=74800"}],"wp:term":[{"taxonomy":"category","embeddable":true,"href":"https:\/\/guialimeira.com.br\/news\/wp-json\/wp\/v2\/categories?post=74800"},{"taxonomy":"post_tag","embeddable":true,"href":"https:\/\/guialimeira.com.br\/news\/wp-json\/wp\/v2\/tags?post=74800"}],"curies":[{"name":"wp","href":"https:\/\/api.w.org\/{rel}","templated":true}]}}