{"id":748,"date":"2024-04-02T17:32:45","date_gmt":"2024-04-02T20:32:45","guid":{"rendered":"https:\/\/guialimeira.com.br\/2024\/04\/02\/lula-defende-industria-naval-brasileira-em-evento-em-niteroi\/"},"modified":"2024-04-02T17:32:45","modified_gmt":"2024-04-02T20:32:45","slug":"lula-defende-industria-naval-brasileira-em-evento-em-niteroi","status":"publish","type":"post","link":"https:\/\/guialimeira.com.br\/news\/lula-defende-industria-naval-brasileira-em-evento-em-niteroi\/","title":{"rendered":"Lula defende ind\u00fastria naval brasileira em evento em Niter\u00f3i"},"content":{"rendered":"<p> <br \/>\n<\/p>\n<div>\n<p>O presidente Luiz In\u00e1cio Lula da Silva defendeu a retomada dos investimentos na ind\u00fastria naval brasileira como forma de alavancar o setor e gerar empregos e tecnologia no pa\u00eds. A declara\u00e7\u00e3o foi dada nesta ter\u00e7a-feira (2) durante o an\u00fancio do in\u00edcio das obras de dragagem do Canal de S\u00e3o Louren\u00e7o, em Niter\u00f3i (RJ). Segundo o governo, o desassoreamento de trecho da Ba\u00eda de Guanabara, entre a Ilha da Concei\u00e7\u00e3o e a Ponte Rio-Niter\u00f3i, vai aumentar de 7 para 11 metros a profundidade (calado) do local, permitindo o aumento da fun\u00e7\u00e3o operacional dos estaleiros, o est\u00edmulo a novas constru\u00e7\u00f5es de embarca\u00e7\u00f5es e a movimenta\u00e7\u00e3o do setor de reparos e manuten\u00e7\u00e3o. A previs\u00e3o \u00e9 que sejam gerados cerca de 20 mil empregos diretos e indiretos. \u00a0<img data-recalc-dims=\"1\" decoding=\"async\" src=\"https:\/\/i0.wp.com\/agenciabrasil.ebc.com.br\/ebc.png?w=696&#038;ssl=1\" style=\"width:1px; height:1px; display:inline;\"\/><img data-recalc-dims=\"1\" decoding=\"async\" src=\"https:\/\/i0.wp.com\/agenciabrasil.ebc.com.br\/ebc.gif?w=696&#038;ssl=1\" style=\"width:1px; height:1px; display:inline;\"\/><\/p>\n<p>&#8220;Quero que voc\u00eas tenham certeza que a gente vai recuperar a ind\u00fastria naval brasileira, porque n\u00e3o \u00e9 poss\u00edvel um pa\u00eds do tamanho do Brasil, [onde] 90% de todo o com\u00e9rcio \u00e9 feito atrav\u00e9s do mar, n\u00e3o tem sentido a gente ter d\u00e9ficit comercial na balan\u00e7a, por conta de que nossos produtos s\u00e3o exportados e comprados em navio de bandeira estrangeira. \u00c9 verdade que pode ser mais barato alguns centavos, pode ser mais barato alguns d\u00f3lares, mas o fato da a gente alugar um navio l\u00e1 fora, a gente n\u00e3o vai gerar emprego aqui, a gente n\u00e3o vai criar pequenas e m\u00e9dias ind\u00fastrias, a gente n\u00e3o vai ter componentes nacionais. Significa que a gente vai trazer um produto mais barato, mas o povo vai estar desempregado e n\u00e3o vai poder comprar o produto que vai vir pra c\u00e1. Por isso, \u00e9 necess\u00e1rio gerar emprego, porque a renda gera consumo e o consumo gera desenvolvimento&#8221;, disse Lula.<\/p>\n<p>O presidente lembrou que, durante os dois primeiros mandatos, entre 2003 e 2010, o setor saltou de 3 mil empregos para 86 mil , com a reabertura de estaleiros nos estados do Rio de Janeiro, do Esp\u00edrito Santo, na Bahia e em Pernambuco.<\/p>\n<p>Ao todo, a obra do Canal de S\u00e3o Louren\u00e7o\u00a0soma R$ 157 milh\u00f5es em investimentos, sendo R$ 137 milh\u00f5es provenientes da Prefeitura de Niter\u00f3i e R$ 20 milh\u00f5es da Companhia Docas do Rio de Janeiro, empresa p\u00fablica ligada ao Governo Federal. O Porto de Niter\u00f3i prev\u00ea mais de 30% de aumento nas atraca\u00e7\u00f5es e nos servi\u00e7os portu\u00e1rios ap\u00f3s a dragagem do Canal de S\u00e3o Louren\u00e7o. Seus terminais oferecem suporte completo para m\u00f3dulos de plataformas e equipamentos de produ\u00e7\u00e3o de petr\u00f3leo e g\u00e1s.<\/p>\n<p>Outro projeto anunciado pelo governo federal \u00e9 a revitaliza\u00e7\u00e3o do Terminal Pesqueiro de Niter\u00f3i, por meio de acordo para a municipaliza\u00e7\u00e3o do espa\u00e7o. Ap\u00f3s a conclus\u00e3o da dragagem do Canal de S\u00e3o Louren\u00e7o, a inten\u00e7\u00e3o \u00e9 que o terminal se torne um entreposto de pesca, tamb\u00e9m beneficiando o setor mar\u00edtimo. Para viabilizar a medida, o ministro de Portos e Aeroportos, Silvio Costa Filho, o presidente da PortosRio, Francisco Martins e o prefeito do Niter\u00f3i, Axel Grael, assinaram o contrato de compra e venda de im\u00f3vel do antigo Terminal Pesqueiro.<\/p>\n<p>Mais cedo, na capital fluminense, Lula participou da inaugura\u00e7\u00e3o do Impa Tech, com o <a href=\"https:\/\/agenciabrasil.ebc.com.br\/educacao\/noticia\/2024-04\/governo-inaugura-no-rio-primeiro-curso-de-graduacao-do-impa\" target=\"_blank\" rel=\"noopener\">primeiro curso de gradua\u00e7\u00e3o<\/a> do Instituto de Matem\u00e1tica Pura e Aplicada (Impa), no Rio de Janeiro. O ato marcou o in\u00edcio das aulas da primeira turma de Matem\u00e1tica da Tecnologia e Inova\u00e7\u00e3o, com quatro anos de dura\u00e7\u00e3o.<\/p>\n<\/p><\/div>\n<p><br \/>\n<br \/><a href=\"https:\/\/agenciabrasil.ebc.com.br\/politica\/noticia\/2024-04\/lula-defende-industria-naval-brasileira-em-evento-em-niteroi\" rel=\"noopener\">Ag\u00eancia Brasil<\/a><\/p>\n","protected":false},"excerpt":{"rendered":"<p>O presidente Luiz In\u00e1cio Lula da Silva defendeu a retomada dos investimentos na ind\u00fastria naval brasileira como forma de alavancar o setor e gerar empregos e tecnologia no pa\u00eds. A declara\u00e7\u00e3o foi dada nesta ter\u00e7a-feira (2) durante o an\u00fancio do in\u00edcio das obras de dragagem do Canal de S\u00e3o Louren\u00e7o, em Niter\u00f3i (RJ). Segundo o [&hellip;]<\/p>\n","protected":false},"author":1,"featured_media":269,"comment_status":"open","ping_status":"open","sticky":false,"template":"","format":"standard","meta":{"_jetpack_newsletter_access":"","_jetpack_dont_email_post_to_subs":false,"_jetpack_newsletter_tier_id":0,"_jetpack_memberships_contains_paywalled_content":false,"_mbp_banners":[],"_jetpack_feature_clip_id":0,"_jetpack_memberships_contains_paid_content":false,"footnotes":"","jetpack_publicize_message":"","jetpack_publicize_feature_enabled":true,"jetpack_social_post_already_shared":true,"jetpack_social_options":{"image_generator_settings":{"template":"highway","default_image_id":0,"font":"","enabled":false},"version":2},"jetpack_post_was_ever_published":false},"categories":[22],"tags":[],"class_list":["post-748","post","type-post","status-publish","format-standard","has-post-thumbnail","category-nacional"],"jetpack_publicize_connections":[],"jetpack-related-posts":[],"jetpack_shortlink":"https:\/\/wp.me\/p7Eq1F-c4","jetpack_sharing_enabled":true,"jetpack_featured_media_url":"https:\/\/i0.wp.com\/guialimeira.com.br\/news\/wp-content\/uploads\/2024\/03\/thumb_1200x600_agbrasil.png?fit=1200%2C600&ssl=1","_links":{"self":[{"href":"https:\/\/guialimeira.com.br\/news\/wp-json\/wp\/v2\/posts\/748","targetHints":{"allow":["GET"]}}],"collection":[{"href":"https:\/\/guialimeira.com.br\/news\/wp-json\/wp\/v2\/posts"}],"about":[{"href":"https:\/\/guialimeira.com.br\/news\/wp-json\/wp\/v2\/types\/post"}],"author":[{"embeddable":true,"href":"https:\/\/guialimeira.com.br\/news\/wp-json\/wp\/v2\/users\/1"}],"replies":[{"embeddable":true,"href":"https:\/\/guialimeira.com.br\/news\/wp-json\/wp\/v2\/comments?post=748"}],"version-history":[{"count":0,"href":"https:\/\/guialimeira.com.br\/news\/wp-json\/wp\/v2\/posts\/748\/revisions"}],"wp:featuredmedia":[{"embeddable":true,"href":"https:\/\/guialimeira.com.br\/news\/wp-json\/wp\/v2\/media\/269"}],"wp:attachment":[{"href":"https:\/\/guialimeira.com.br\/news\/wp-json\/wp\/v2\/media?parent=748"}],"wp:term":[{"taxonomy":"category","embeddable":true,"href":"https:\/\/guialimeira.com.br\/news\/wp-json\/wp\/v2\/categories?post=748"},{"taxonomy":"post_tag","embeddable":true,"href":"https:\/\/guialimeira.com.br\/news\/wp-json\/wp\/v2\/tags?post=748"}],"curies":[{"name":"wp","href":"https:\/\/api.w.org\/{rel}","templated":true}]}}