{"id":74796,"date":"2026-08-18T13:31:51","date_gmt":"2026-08-18T16:31:51","guid":{"rendered":"https:\/\/guialimeira.com.br\/?p=74796"},"modified":"2026-08-18T13:31:51","modified_gmt":"2026-08-18T16:31:51","slug":"eleicao-homem-branco-e-empresario-e-perfil-majoritario-de-candidatos","status":"publish","type":"post","link":"https:\/\/guialimeira.com.br\/news\/eleicao-homem-branco-e-empresario-e-perfil-majoritario-de-candidatos\/","title":{"rendered":"Elei\u00e7\u00e3o: homem, branco e empres\u00e1rio \u00e9 perfil majorit\u00e1rio de candidatos"},"content":{"rendered":"<p> <br \/>\n<\/p>\n<div>\n<p><strong>O <a href=\"https:\/\/www.tse.jus.br\/\" target=\"_blank\" rel=\"noopener\">Tribunal Superior Eleitoral (TSE)<\/a> registrou 20.530 pedidos de registro de candidatura para as<a href=\"https:\/\/agenciabrasil.ebc.com.br\/tags\/eleicoes-2026\" target=\"_blank\" rel=\"noopener\"> elei\u00e7\u00f5es deste ano<\/a> \u2013 8.732 a menos do que no pleito de 2022. Os dados foram atualizados na manh\u00e3 desta ter\u00e7a-feira (18).<\/strong><img data-recalc-dims=\"1\" decoding=\"async\" src=\"https:\/\/i0.wp.com\/agenciabrasil.ebc.com.br\/ebc.png?w=696&#038;ssl=1\" style=\"width:1px;height:1px;display:inline\" \/><img data-recalc-dims=\"1\" decoding=\"async\" src=\"https:\/\/i0.wp.com\/agenciabrasil.ebc.com.br\/ebc.gif?w=696&#038;ssl=1\" style=\"width:1px;height:1px;display:inline\" \/><\/p>\n<p><strong>Do total de pedidos de registro de candidatura, 13.374 ou 65% s\u00e3o de pessoas do sexo masculino e 7.156 ou 35% s\u00e3o de pessoas do sexo feminino. Al\u00e9m disso, mais de 10 mil informaram ter cor branca e 2.576, ser empres\u00e1rio.<\/strong><\/p>\n<p>As solicita\u00e7\u00f5es englobam os cargos de presidente e vice-presidente da Rep\u00fablica, governador e vice-governador, senador e suplentes, deputado federal, deputado estadual e deputado distrital.<\/p>\n<p>A maior parte dos pedidos \u00e9 para o cargo de deputado estadual (11.103 registros). Em seguida, aparecem as solicita\u00e7\u00f5es para deputado federal (7.636); para deputado distrital (420); para governar estados e o Distrito Federal (196); para senador (315); e para a Presid\u00eancia da Rep\u00fablica (13).<\/p>\n<p>A rela\u00e7\u00e3o entre candidatos e vagas mostra maior concorr\u00eancia para o cargo de deputado distrital, com 17,5 candidatos por vaga; e para o cargo de deputado federal, com 14,88 candidatos por vaga.<\/p>\n<h2>G\u00eanero<\/h2>\n<p>Em rela\u00e7\u00e3o \u00e0 identidade de g\u00eanero, 11.758 candidatos se declararam cisg\u00eanero (99,07%) \u2013 quando a identidade de g\u00eanero corresponde ao sexo; 107 se declararam transg\u00eanero (0,9%); e 3 preferiram n\u00e3o informar (0,03%).<\/p>\n<p>O TSE registrou ainda pedidos de 53 candidatos que declararam nome social.<\/p>\n<h2>Faixa et\u00e1ria<\/h2>\n<p>A maioria das solicita\u00e7\u00f5es foi feita por candidatos com idade entre 45 e 49 anos (3.538 pedidos). Na sequ\u00eancia, aparecem candidatos com idade entre 50 e 54 anos (3.176); com idade entre 40 e 44 anos (2.986); e com idade entre 55 e 59 anos (2.581).<\/p>\n<h2>Cor e ra\u00e7a<\/h2>\n<p><strong>Do total de pedidos de registro de candidatura, 10.013 s\u00e3o de pessoas que se declararam brancas (48,77%)<\/strong>; 7.418 de pessoas que se declararam pardas (36,13%); e 2,8 mil de pessoas que se declararam pretas (13,64%)), al\u00e9m de 191 ind\u00edgenas (0,93%) e 108 de cor amarela (0,53%).<\/p>\n<h2>Grau de instru\u00e7\u00e3o<\/h2>\n<p>A maior parte das solicita\u00e7\u00f5es foi feita por candidatos que declararam ter ensino superior completo (58,57%). Depois, v\u00eam os candidatos que declararam ter ensino m\u00e9dio completo (21,41%); ensino superior incompleto (10,58%); ensino m\u00e9dio incompleto (3,56%); ensino fundamental incompleto (2,94%); e ensino fundamental completo (2,58%).<\/p>\n<p>Ainda de acordo com os n\u00fameros, 73 candidatos (0,36%) declararam apenas saber ler e escrever.<\/p>\n<h2>Ind\u00edgenas<\/h2>\n<p>Do total de 191 pedidos de registro de candidatura feitos por ind\u00edgenas, 13 s\u00e3o da etnia Makux\u00ed (8,13%); 12 s\u00e3o Guarani Kaiow\u00e1 (7,5%); oito s\u00e3o de etnias n\u00e3o determinadas (5%); sete s\u00e3o Guaran\u00ed (4,38%); sete s\u00e3o Munduruk\u00fa (4,38%); sete s\u00e3o M\u00fara (4,38%); sete n\u00e3o sabem sua etnia (4,38%); e seis s\u00e3o Terena (3,75%).<\/p>\n<h2>Ocupa\u00e7\u00e3o<\/h2>\n<p><strong>Os empres\u00e1rios (2.576) s\u00e3o os mais numerosos entre os candidatos. <\/strong>Advogados (1.691); deputados (874); vereadores (811); policiais militares (569); m\u00e9dicos (558); e servidores p\u00fablicos estaduais (541) aparecem na sequ\u00eancia.<br \/>Al\u00e9m disso, 2.709 candidatos s\u00e3o listados pelo TSE na categoria outras ocupa\u00e7\u00f5es.<\/p>\n<p>      <!-- Relacionada --><\/p>\n<p>            <!-- Relacionada -->\n    <\/div>\n<p><br \/>\n<br \/><a href=\"https:\/\/agenciabrasil.ebc.com.br\/politica\/noticia\/2026-08\/eleicao-homem-branco-e-empresario-e-perfil-majoritario-de-candidatos\" rel=\"noopener\">Informa\u00e7\u00f5es com a Ag\u00eancia Brasil<\/a><\/p>\n","protected":false},"excerpt":{"rendered":"<p>O Tribunal Superior Eleitoral (TSE) registrou 20.530 pedidos de registro de candidatura para as elei\u00e7\u00f5es deste ano \u2013 8.732 a menos do que no pleito de 2022. Os dados foram atualizados na manh\u00e3 desta ter\u00e7a-feira (18). Do total de pedidos de registro de candidatura, 13.374 ou 65% s\u00e3o de pessoas do sexo masculino e 7.156 [&hellip;]<\/p>\n","protected":false},"author":1,"featured_media":8191,"comment_status":"closed","ping_status":"open","sticky":false,"template":"","format":"standard","meta":{"_jetpack_newsletter_access":"","_jetpack_dont_email_post_to_subs":false,"_jetpack_newsletter_tier_id":0,"_jetpack_memberships_contains_paywalled_content":false,"_mbp_banners":[],"_jetpack_feature_clip_id":0,"_jetpack_memberships_contains_paid_content":false,"footnotes":"","jetpack_publicize_message":"","jetpack_publicize_feature_enabled":true,"jetpack_social_post_already_shared":true,"jetpack_social_options":{"image_generator_settings":{"template":"highway","default_image_id":0,"font":"","enabled":false},"version":2},"jetpack_post_was_ever_published":false},"categories":[22],"tags":[],"class_list":["post-74796","post","type-post","status-publish","format-standard","has-post-thumbnail","category-nacional"],"jetpack_publicize_connections":[],"jetpack-related-posts":[],"jetpack_shortlink":"https:\/\/wp.me\/p7Eq1F-jso","jetpack_sharing_enabled":true,"jetpack_featured_media_url":"https:\/\/i0.wp.com\/guialimeira.com.br\/news\/wp-content\/uploads\/2024\/06\/tse_1908200982.jpg?fit=1600%2C800&ssl=1","_links":{"self":[{"href":"https:\/\/guialimeira.com.br\/news\/wp-json\/wp\/v2\/posts\/74796","targetHints":{"allow":["GET"]}}],"collection":[{"href":"https:\/\/guialimeira.com.br\/news\/wp-json\/wp\/v2\/posts"}],"about":[{"href":"https:\/\/guialimeira.com.br\/news\/wp-json\/wp\/v2\/types\/post"}],"author":[{"embeddable":true,"href":"https:\/\/guialimeira.com.br\/news\/wp-json\/wp\/v2\/users\/1"}],"replies":[{"embeddable":true,"href":"https:\/\/guialimeira.com.br\/news\/wp-json\/wp\/v2\/comments?post=74796"}],"version-history":[{"count":1,"href":"https:\/\/guialimeira.com.br\/news\/wp-json\/wp\/v2\/posts\/74796\/revisions"}],"predecessor-version":[{"id":74797,"href":"https:\/\/guialimeira.com.br\/news\/wp-json\/wp\/v2\/posts\/74796\/revisions\/74797"}],"wp:featuredmedia":[{"embeddable":true,"href":"https:\/\/guialimeira.com.br\/news\/wp-json\/wp\/v2\/media\/8191"}],"wp:attachment":[{"href":"https:\/\/guialimeira.com.br\/news\/wp-json\/wp\/v2\/media?parent=74796"}],"wp:term":[{"taxonomy":"category","embeddable":true,"href":"https:\/\/guialimeira.com.br\/news\/wp-json\/wp\/v2\/categories?post=74796"},{"taxonomy":"post_tag","embeddable":true,"href":"https:\/\/guialimeira.com.br\/news\/wp-json\/wp\/v2\/tags?post=74796"}],"curies":[{"name":"wp","href":"https:\/\/api.w.org\/{rel}","templated":true}]}}