{"id":74791,"date":"2026-08-18T12:31:00","date_gmt":"2026-08-18T15:31:00","guid":{"rendered":"https:\/\/guialimeira.com.br\/?p=74791"},"modified":"2026-08-18T12:31:00","modified_gmt":"2026-08-18T15:31:00","slug":"tremores-voltam-a-atingir-granada-na-espanha","status":"publish","type":"post","link":"https:\/\/guialimeira.com.br\/news\/tremores-voltam-a-atingir-granada-na-espanha\/","title":{"rendered":"Tremores voltam a atingir Granada, na Espanha"},"content":{"rendered":"<p> <br \/>\n<\/p>\n<div>\n<p>Tremores de terra voltaram a afetar a cidade de Granada, no sul da Espanha, na madrugada desta ter\u00e7a-feira (18). Segundo o <a href=\"https:\/\/www.ign.es\/web\/ign\/portal\" target=\"_blank\" rel=\"noopener\">Instituto Geogr\u00e1fico Nacional<\/a> (IGN), aos menos quatro terremotos de magnitudes entre 3,9 e 4,8 na escala Richter foram sentidos nas \u00faltimas horas.<img data-recalc-dims=\"1\" decoding=\"async\" src=\"https:\/\/i0.wp.com\/agenciabrasil.ebc.com.br\/ebc.png?w=696&#038;ssl=1\" style=\"width:1px;height:1px;display:inline\" \/><img data-recalc-dims=\"1\" decoding=\"async\" src=\"https:\/\/i0.wp.com\/agenciabrasil.ebc.com.br\/ebc.gif?w=696&#038;ssl=1\" style=\"width:1px;height:1px;display:inline\" \/><\/p>\n<div class=\"dnd-widget-wrapper context-medio_4colunas type-image atom-align-right\">\n<div class=\"dnd-atom-rendered\"><!-- scald=472039:medio_4colunas {\"additionalClasses\":\"\"} --><br \/>\n            <img data-recalc-dims=\"1\" decoding=\"async\" src=\"https:\/\/i0.wp.com\/imagens.ebc.com.br\/QHo0WCEFhsEUPlJM59zp_frHhqk%3D\/365x0\/smart\/https%3A\/\/agenciabrasil.ebc.com.br\/sites\/default\/files\/thumbnails\/image\/2026\/08\/18\/2026-08-18t114502z_854228940_rc2z0nager46_rtrmadp_3_spain-quake.jpg?w=696&#038;ssl=1\" alt=\"Cracks on a damaged tower in the aftermath of an earthquake that struck southern Spain, in Granada, Spain, August 18, 2026. REUTERS\/Fermin Rodriguez\" title=\"Reuters\/Fermin Rodriguez\/proibida reprodu\u00e7\u00e3o\" \/><br \/>\n        <img data-recalc-dims=\"1\" decoding=\"async\" src=\"https:\/\/i0.wp.com\/imagens.ebc.com.br\/QHo0WCEFhsEUPlJM59zp_frHhqk%3D\/365x0\/smart\/https%3A\/\/agenciabrasil.ebc.com.br\/sites\/default\/files\/thumbnails\/image\/2026\/08\/18\/2026-08-18t114502z_854228940_rc2z0nager46_rtrmadp_3_spain-quake.jpg?w=696&#038;ssl=1\" alt=\"Cracks on a damaged tower in the aftermath of an earthquake that struck southern Spain, in Granada, Spain, August 18, 2026. REUTERS\/Fermin Rodriguez\" title=\"Reuters\/Fermin Rodriguez\/proibida reprodu\u00e7\u00e3o\" \/><br \/>\n    <!-- END scald=472039 --><\/div>\n<p><h6 class=\"meta\">Torre com rachaduras ap\u00f3s tremor em Granada, na Espanha REUTERS\/Fermin Rodriguez &#8211; <strong>Reuters\/Fermin Rodriguez\/proibida reprodu\u00e7\u00e3o<\/strong><!--END copyright=472039--><\/h6>\n<\/p>\n<\/div>\n<p><strong>De acordo com o instituto, desde a \u00faltima sexta-feira (14), j\u00e1 foram registrados 432 tremores de terra na regi\u00e3o <\/strong>que se estende por entre 2 e 12 quil\u00f4metros ao sul da cidade de Granada.<\/p>\n<p>A <strong>maioria das ocorr\u00eancias \u00e9 considerada leve e algumas sequer chegaram a ser sentidas<\/strong>. Outras, contudo, como a do \u00faltimo s\u00e1bado, causou estragos e assustou a popula\u00e7\u00e3o e os turistas que visitavam a regi\u00e3o \u2013 um importante destino tur\u00edstico espanhol.<\/p>\n<p>\u201cOs maiores terremotos registrados at\u00e9 o momento, de 4,8 graus, ocorreram em 14 de agosto, \u00e0s 23h04 (hor\u00e1rio local, 18h04 em Bras\u00edlia), e \u00e0s 8h37 (03h37 no Brasil), com epicentro nas localidades de Alhend\u00edn, profundidade superficial, mas amplamente sentidos\u201d, informou o IGN, em nota divulgada esta manh\u00e3.<\/p>\n<p>Segundo o instituto, os dois terremotos de maior intensidade da s\u00e9rie foram sentidos em mais de 500 localidades, principalmente em partes da Andaluzia; em M\u00farcia; no sul de Castela \u2013 La Mancha e tamb\u00e9m em alguns pontos de Madrid.<\/p>\n<blockquote>\n<p>\u201cOs danos e os efeitos produzidos por estes tremores seguem sendo revisados pelo pessoal da Rede S\u00edsmica e as informa\u00e7\u00f5es seguir\u00e3o sendo atualizadas \u00e0 medida que surgirem\u201d, acrescentou o instituto.<\/p>\n<\/blockquote>\n<p>At\u00e9 o momento, a Junta de Andaluzia confirma que ao menos tr\u00eas pessoas se feriram devido \u00e0s consequ\u00eancias dos tremores desta ter\u00e7a-feira. De acordo com o primeiro vice-presidente do governo Regional da Andaluzia, Antonio Sanz, as tr\u00eas v\u00edtimas recentes sofreram ferimentos leves e receberam atendimento imediatamente.<\/p>\n<p>J\u00e1 a prefeita de Granada, Marifr\u00e1n Carazo, a pol\u00edcia local recebeu, nas \u00faltimas horas, 229 pedidos de ajuda ou alertas, enquanto os Bombeiros atenderam a 168 ocorr\u00eancias relacionadas aos sismos. A prefeitura declarou situa\u00e7\u00e3o de emerg\u00eancia. Reparti\u00e7\u00f5es p\u00fablicas que n\u00e3o prestem servi\u00e7os essenciais de emerg\u00eancia e aten\u00e7\u00e3o \u00e0s pessoas permanecer\u00e3o fechados por tempo indeterminado, incluindo museus e instala\u00e7\u00f5es esportivas.<\/p>\n<p>Marifr\u00e1n Carazo pediu aos cidad\u00e3os que mantenham a calma, mas informem \u00e0s autoridades qualquer anormalidade, como eventuais rachaduras em constru\u00e7\u00f5es ou ind\u00edcios de movimenta\u00e7\u00e3o do terreno. A prefeita anda lembrou que tremores secund\u00e1rios s\u00e3o imprevis\u00edveis e recomendou aten\u00e7\u00e3o.<\/p>\n<p>\u00a0<\/p>\n<p>      <!-- Relacionada --><\/p>\n<p>            <!-- Relacionada -->\n    <\/div>\n<p><br \/>\n<br \/><a href=\"https:\/\/agenciabrasil.ebc.com.br\/internacional\/noticia\/2026-08\/novos-tremores-voltam-atingir-granada-na-espanha\" rel=\"noopener\">Informa\u00e7\u00f5es com a Ag\u00eancia Brasil<\/a><\/p>\n","protected":false},"excerpt":{"rendered":"<p>Tremores de terra voltaram a afetar a cidade de Granada, no sul da Espanha, na madrugada desta ter\u00e7a-feira (18). Segundo o Instituto Geogr\u00e1fico Nacional (IGN), aos menos quatro terremotos de magnitudes entre 3,9 e 4,8 na escala Richter foram sentidos nas \u00faltimas horas. Torre com rachaduras ap\u00f3s tremor em Granada, na Espanha REUTERS\/Fermin Rodriguez &#8211; [&hellip;]<\/p>\n","protected":false},"author":1,"featured_media":74792,"comment_status":"closed","ping_status":"open","sticky":false,"template":"","format":"standard","meta":{"_jetpack_newsletter_access":"","_jetpack_dont_email_post_to_subs":false,"_jetpack_newsletter_tier_id":0,"_jetpack_memberships_contains_paywalled_content":false,"_mbp_banners":[],"_jetpack_feature_clip_id":0,"_jetpack_memberships_contains_paid_content":false,"footnotes":"","jetpack_publicize_message":"","jetpack_publicize_feature_enabled":true,"jetpack_social_post_already_shared":true,"jetpack_social_options":{"image_generator_settings":{"template":"highway","default_image_id":0,"font":"","enabled":false},"version":2},"jetpack_post_was_ever_published":false},"categories":[22],"tags":[],"class_list":["post-74791","post","type-post","status-publish","format-standard","has-post-thumbnail","category-nacional"],"jetpack_publicize_connections":[],"jetpack-related-posts":[],"jetpack_shortlink":"https:\/\/wp.me\/p7Eq1F-jsj","jetpack_sharing_enabled":true,"jetpack_featured_media_url":"https:\/\/i0.wp.com\/guialimeira.com.br\/news\/wp-content\/uploads\/2026\/08\/2026-08-18t120333z_1123248543_rc2z0nan1p45_rtrmadp_3_spain-quake.jpg?fit=1600%2C800&ssl=1","_links":{"self":[{"href":"https:\/\/guialimeira.com.br\/news\/wp-json\/wp\/v2\/posts\/74791","targetHints":{"allow":["GET"]}}],"collection":[{"href":"https:\/\/guialimeira.com.br\/news\/wp-json\/wp\/v2\/posts"}],"about":[{"href":"https:\/\/guialimeira.com.br\/news\/wp-json\/wp\/v2\/types\/post"}],"author":[{"embeddable":true,"href":"https:\/\/guialimeira.com.br\/news\/wp-json\/wp\/v2\/users\/1"}],"replies":[{"embeddable":true,"href":"https:\/\/guialimeira.com.br\/news\/wp-json\/wp\/v2\/comments?post=74791"}],"version-history":[{"count":1,"href":"https:\/\/guialimeira.com.br\/news\/wp-json\/wp\/v2\/posts\/74791\/revisions"}],"predecessor-version":[{"id":74793,"href":"https:\/\/guialimeira.com.br\/news\/wp-json\/wp\/v2\/posts\/74791\/revisions\/74793"}],"wp:featuredmedia":[{"embeddable":true,"href":"https:\/\/guialimeira.com.br\/news\/wp-json\/wp\/v2\/media\/74792"}],"wp:attachment":[{"href":"https:\/\/guialimeira.com.br\/news\/wp-json\/wp\/v2\/media?parent=74791"}],"wp:term":[{"taxonomy":"category","embeddable":true,"href":"https:\/\/guialimeira.com.br\/news\/wp-json\/wp\/v2\/categories?post=74791"},{"taxonomy":"post_tag","embeddable":true,"href":"https:\/\/guialimeira.com.br\/news\/wp-json\/wp\/v2\/tags?post=74791"}],"curies":[{"name":"wp","href":"https:\/\/api.w.org\/{rel}","templated":true}]}}