{"id":74786,"date":"2026-08-18T11:29:56","date_gmt":"2026-08-18T14:29:56","guid":{"rendered":"https:\/\/guialimeira.com.br\/?p=74786"},"modified":"2026-08-18T11:29:56","modified_gmt":"2026-08-18T14:29:56","slug":"relatorio-traz-solucoes-para-reduzir-emissoes-de-metano","status":"publish","type":"post","link":"https:\/\/guialimeira.com.br\/news\/relatorio-traz-solucoes-para-reduzir-emissoes-de-metano\/","title":{"rendered":"Relat\u00f3rio traz solu\u00e7\u00f5es para reduzir emiss\u00f5es de metano"},"content":{"rendered":"<p> <br \/>\n<\/p>\n<div>\n<p><strong>A rede de organiza\u00e7\u00f5es ambientais e de pesquisa Observat\u00f3rio do Clima\u00a0lan\u00e7ou nesta ter\u00e7a-feira (18) relat\u00f3rio que re\u00fane 37 solu\u00e7\u00f5es para que o Brasil possa reduzir as emiss\u00f5es de metano (CH4). O g\u00e1s \u00e9 considerado um dos mais potentes poluidores causadores das mudan\u00e7as clim\u00e1ticas.<\/strong><img data-recalc-dims=\"1\" decoding=\"async\" src=\"https:\/\/i0.wp.com\/agenciabrasil.ebc.com.br\/ebc.png?w=696&#038;ssl=1\" style=\"width:1px;height:1px;display:inline\" \/><img data-recalc-dims=\"1\" decoding=\"async\" src=\"https:\/\/i0.wp.com\/agenciabrasil.ebc.com.br\/ebc.gif?w=696&#038;ssl=1\" style=\"width:1px;height:1px;display:inline\" \/><\/p>\n<p>Apesar de durar apenas de 10 a 20 anos na atmosfera, o metano tem um potencial de aquecimento do planeta 28 vezes maior que o g\u00e1s carb\u00f4nico (CO2). <strong>O Brasil \u00e9 quinto pa\u00eds que mais emite esse poluidor, ficando atr\u00e1s apenas da China, Estados Unidos, \u00cdndia e R\u00fassia.<\/strong><\/p>\n<p>Segundo dados do Sistema de Estimativas de Emiss\u00f5es e Remo\u00e7\u00f5es de Gases de Efeito Estufa (SEEG) do Observat\u00f3rio do Clima, o Brasil lan\u00e7ou na atmosfera, em 2024, 21 milh\u00f5es de toneladas de metano.<\/p>\n<p><strong>Para o coordenador do sistema, David Tsai, reduzir as emiss\u00f5es de metano \u00e9 uma a\u00e7\u00e3o cr\u00edtica para frear o aquecimento global e trazer o planeta \u00e0 normalidade clim\u00e1tica.<\/strong> \u201cTemos \u00e0 disposi\u00e7\u00e3o um amplo conjunto de solu\u00e7\u00f5es para fazer isso, mas o Brasil precisa transformar esse conhecimento em a\u00e7\u00e3o coordenada e com escala\u201d, diz. \u00a0<\/p>\n<p><strong>As solu\u00e7\u00f5es trazidas no relat\u00f3rio s\u00e3o direcionadas a quatro setores de atividades: agropecu\u00e1ria, res\u00edduos, mudan\u00e7a de uso da terra e florestas e energia. Para cada \u00e1rea s\u00e3o sugeridas a\u00e7\u00f5es de planejamento, financiamento, governan\u00e7a, opera\u00e7\u00e3o e monitoramento.<\/strong><\/p>\n<h2>Agropecu\u00e1ria<\/h2>\n<p>No setor da agropecu\u00e1ria, por exemplo, s\u00e3o 15 propostas que exigem envolvimento dos diversos setores incluindo os setores produtivos, governos, institui\u00e7\u00f5es financeiras e academia. \u00a0<strong>Entre as a\u00e7\u00f5es est\u00e3o desde mudan\u00e7as no manejo de animais e dos res\u00edduos, passando pelo planejamento territorial, at\u00e9 intensifica\u00e7\u00e3o de assist\u00eancia t\u00e9cnica e acesso ao cr\u00e9dito.<\/strong><\/p>\n<p>O setor da agropecu\u00e1ria \u00e9 um dos principais emissores de metano e foi respons\u00e1vel por 15,7 milh\u00f5es de toneladas de metano, em 2024 , o que corresponde a 75,8% do total das emiss\u00f5es brasileiras no mesmo ano.<\/p>\n<p>Para Gabriel Quintana, coordenador da \u00e1rea de Ci\u00eancia do Clima do Instituto de Manejo e Certifica\u00e7\u00e3o Florestal e Agr\u00edcola (Imaflora) &#8211; respons\u00e1vel pelas propostas para o setor \u2013 as mudan\u00e7as necess\u00e1rias s\u00e3o oportunidades para incluir produtividade e efici\u00eancia na produ\u00e7\u00e3o de alimentos.<\/p>\n<blockquote>\n<p>\u201cEssa edi\u00e7\u00e3o do SEEG Solu\u00e7\u00f5es expande as estrat\u00e9gias j\u00e1 existentes, trazendo op\u00e7\u00f5es que podem ser implementadas por produtores, munic\u00edpios e regi\u00f5es do pa\u00eds\u201d, diz.<\/p>\n<\/blockquote>\n<h2>Res\u00edduos<\/h2>\n<p><strong>O manejo e governan\u00e7a de aterros sanit\u00e1rios e a elimina\u00e7\u00e3o dos lix\u00f5es tamb\u00e9m s\u00e3o medidas necess\u00e1rias para eliminar a emiss\u00e3o de metano no setor de res\u00edduos.<\/strong> Para auxiliar, a rede global Iclei \u2013 Governos Locais pela Sustentabilidade contribuiu com 12 propostas no relat\u00f3rio.<\/p>\n<p>S\u00e3o medidas para inspirar\u00a0cidades brasileiras a reduzir a gera\u00e7\u00e3o e o desperd\u00edcio de res\u00edduos, como a amplia\u00e7\u00e3o de coleta seletiva e aproveitamento energ\u00e9tico de materiais, afirma Iris Coluna, assessora do Iclei-Governos Locais pela Sustentabilidade.<\/p>\n<h2>Uso da terra<\/h2>\n<p>Para o setor de Mudan\u00e7a no Uso da Terra (MUT) e Florestas, o Instituto de Pesquisa Ambiental da Amaz\u00f4nia (Ipam) contribuiu com cinco sugest\u00f5es no relat\u00f3rio. <strong>As a\u00e7\u00f5es sugerem melhorias no monitoramento, preven\u00e7\u00e3o e combate a inc\u00eandios na vegeta\u00e7\u00e3o nativa.<\/strong><\/p>\n<h2>Energia<\/h2>\n<p>As \u00faltimas cinco sugest\u00f5es do relat\u00f3rio apontam solu\u00e7\u00f5es para reduzir a emiss\u00e3o de metano nas cadeias de combust\u00edveis f\u00f3sseis como petr\u00f3leo, g\u00e1s e carv\u00e3o. <strong>S\u00e3o a\u00e7\u00f5es com foco no vazamento e desperd\u00edcio nos processos produtivos.<\/strong><\/p>\n<p>As contribui\u00e7\u00f5es s\u00e3o do Instituto de Energia e Meio Ambiente (Iema), que direciona respostas espec\u00edficas para as diferentes necessidades do setor.<\/p>\n<blockquote>\n<p>\u201cQuem cozinha com lenha porque n\u00e3o tem acesso a outra fonte de energia precisa de pol\u00edtica p\u00fablica. J\u00e1 as emiss\u00f5es da cadeia de combust\u00edveis f\u00f3sseis v\u00eam de opera\u00e7\u00e3o industrial, e ali cabe responsabilizar quem lucra com a atividade\u201d, conclui a pesquisadora do Iema, Ingrid Graces.<\/p>\n<\/blockquote>\n<p>      <!-- Relacionada --><\/p>\n<p>            <!-- Relacionada -->\n    <\/div>\n<p><br \/>\n<br \/><a href=\"https:\/\/agenciabrasil.ebc.com.br\/meio-ambiente\/noticia\/2026-08\/relatorio-traz-solucoes-para-reduzir-emissoes-de-metano-no-pais\" rel=\"noopener\">Informa\u00e7\u00f5es com a Ag\u00eancia Brasil<\/a><\/p>\n","protected":false},"excerpt":{"rendered":"<p>A rede de organiza\u00e7\u00f5es ambientais e de pesquisa Observat\u00f3rio do Clima\u00a0lan\u00e7ou nesta ter\u00e7a-feira (18) relat\u00f3rio que re\u00fane 37 solu\u00e7\u00f5es para que o Brasil possa reduzir as emiss\u00f5es de metano (CH4). O g\u00e1s \u00e9 considerado um dos mais potentes poluidores causadores das mudan\u00e7as clim\u00e1ticas. Apesar de durar apenas de 10 a 20 anos na atmosfera, o [&hellip;]<\/p>\n","protected":false},"author":1,"featured_media":74787,"comment_status":"closed","ping_status":"open","sticky":false,"template":"","format":"standard","meta":{"_jetpack_newsletter_access":"","_jetpack_dont_email_post_to_subs":false,"_jetpack_newsletter_tier_id":0,"_jetpack_memberships_contains_paywalled_content":false,"_mbp_banners":[],"_jetpack_feature_clip_id":0,"_jetpack_memberships_contains_paid_content":false,"footnotes":"","jetpack_publicize_message":"","jetpack_publicize_feature_enabled":true,"jetpack_social_post_already_shared":true,"jetpack_social_options":{"image_generator_settings":{"template":"highway","default_image_id":0,"font":"","enabled":false},"version":2},"jetpack_post_was_ever_published":false},"categories":[22],"tags":[],"class_list":["post-74786","post","type-post","status-publish","format-standard","has-post-thumbnail","category-nacional"],"jetpack_publicize_connections":[],"jetpack-related-posts":[],"jetpack_shortlink":"https:\/\/wp.me\/p7Eq1F-jse","jetpack_sharing_enabled":true,"jetpack_featured_media_url":"https:\/\/i0.wp.com\/guialimeira.com.br\/news\/wp-content\/uploads\/2026\/08\/tiete_poluicao08.jpg?fit=1600%2C800&ssl=1","_links":{"self":[{"href":"https:\/\/guialimeira.com.br\/news\/wp-json\/wp\/v2\/posts\/74786","targetHints":{"allow":["GET"]}}],"collection":[{"href":"https:\/\/guialimeira.com.br\/news\/wp-json\/wp\/v2\/posts"}],"about":[{"href":"https:\/\/guialimeira.com.br\/news\/wp-json\/wp\/v2\/types\/post"}],"author":[{"embeddable":true,"href":"https:\/\/guialimeira.com.br\/news\/wp-json\/wp\/v2\/users\/1"}],"replies":[{"embeddable":true,"href":"https:\/\/guialimeira.com.br\/news\/wp-json\/wp\/v2\/comments?post=74786"}],"version-history":[{"count":1,"href":"https:\/\/guialimeira.com.br\/news\/wp-json\/wp\/v2\/posts\/74786\/revisions"}],"predecessor-version":[{"id":74788,"href":"https:\/\/guialimeira.com.br\/news\/wp-json\/wp\/v2\/posts\/74786\/revisions\/74788"}],"wp:featuredmedia":[{"embeddable":true,"href":"https:\/\/guialimeira.com.br\/news\/wp-json\/wp\/v2\/media\/74787"}],"wp:attachment":[{"href":"https:\/\/guialimeira.com.br\/news\/wp-json\/wp\/v2\/media?parent=74786"}],"wp:term":[{"taxonomy":"category","embeddable":true,"href":"https:\/\/guialimeira.com.br\/news\/wp-json\/wp\/v2\/categories?post=74786"},{"taxonomy":"post_tag","embeddable":true,"href":"https:\/\/guialimeira.com.br\/news\/wp-json\/wp\/v2\/tags?post=74786"}],"curies":[{"name":"wp","href":"https:\/\/api.w.org\/{rel}","templated":true}]}}