{"id":74784,"date":"2026-08-18T10:28:57","date_gmt":"2026-08-18T13:28:57","guid":{"rendered":"https:\/\/guialimeira.com.br\/?p=74784"},"modified":"2026-08-18T10:28:57","modified_gmt":"2026-08-18T13:28:57","slug":"democracia-e-crescimento-de-organizacoes-criminosas-e-tema-de-encontro","status":"publish","type":"post","link":"https:\/\/guialimeira.com.br\/news\/democracia-e-crescimento-de-organizacoes-criminosas-e-tema-de-encontro\/","title":{"rendered":"Democracia e crescimento de organiza\u00e7\u00f5es criminosas \u00e9 tema de encontro"},"content":{"rendered":"<p> <br \/>\n<\/p>\n<div>\n<p>O subprocurador-geral de Justi\u00e7a de Atua\u00e7\u00e3o Especializada do Minist\u00e9rio P\u00fablico do Estado do Rio de Janeiro (MPRJ), Cl\u00e1udio Varela, defendeu o papel estrat\u00e9gico da popula\u00e7\u00e3o no aux\u00edlio aos \u00f3rg\u00e3os respons\u00e1veis pelo combate \u00e0s organiza\u00e7\u00f5es criminosas.<img data-recalc-dims=\"1\" decoding=\"async\" src=\"https:\/\/i0.wp.com\/agenciabrasil.ebc.com.br\/ebc.png?w=696&#038;ssl=1\" style=\"width:1px;height:1px;display:inline\" \/><img data-recalc-dims=\"1\" decoding=\"async\" src=\"https:\/\/i0.wp.com\/agenciabrasil.ebc.com.br\/ebc.gif?w=696&#038;ssl=1\" style=\"width:1px;height:1px;display:inline\" \/><\/p>\n<p><strong>\u201cEm 2009, quando coordenei o Gaeco [Grupo de Atua\u00e7\u00e3o Especial no Combate ao Crime Organizado], v\u00e1rias informa\u00e7\u00f5es fornecidas pelos cidad\u00e3os, por meio\u00a0do Disque-Den\u00fancia, embasaram a CPI das Mil\u00edcias e diversas investiga\u00e7\u00f5es relacionadas a essa atividade criminosa.\u00a0Para enfrentar\u00a0a criminalidade precisamos nos unir e, cada vez mais, integrar dados\u201d, afirmou.<\/strong><\/p>\n<p>Varela participou de encontro entre o MPRJ e autoridades do sistema de Justi\u00e7a e da \u00e1rea de seguran\u00e7a p\u00fablica. Eles discutiram os desafios impostos \u00e0 democracia pelo crescimento das organiza\u00e7\u00f5es criminosas e a import\u00e2ncia da colabora\u00e7\u00e3o da sociedade no combate \u00e0 criminalidade. Tamb\u00e9m foi tema do encontro o papel das ouvidorias de \u00f3rg\u00e3os p\u00fablicos\u00a0no recebimento de den\u00fancias de crimes vinculados ao processo eleitoral, base do sistema democr\u00e1tico.<\/p>\n<p><strong>O ouvidor do MPRJ, David Faria, ressaltou a import\u00e2ncia do compartilhamento de informa\u00e7\u00f5es para o fortalecimento do sistema democr\u00e1tico.<\/strong><\/p>\n<blockquote>\n<p>\u201cAs ouvidorias s\u00e3o a porta de entrada das institui\u00e7\u00f5es, por onde chegam as demandas da sociedade. E se as demandas n\u00e3o chegarem aos \u00f3rg\u00e3os respons\u00e1veis, o trabalho n\u00e3o ser\u00e1 bem realizado, pois n\u00e3o ir\u00e1 atender aos anseios da popula\u00e7\u00e3o\u201d, disse.<\/p>\n<\/blockquote>\n<h2>Canais de atendimento<\/h2>\n<p><strong>Durante o per\u00edodo eleitoral, a Ouvidoria do MPRJ ampliou os canais de atendimento \u00e0 popula\u00e7\u00e3o. Desde 8 de agosto, est\u00e3o em funcionamento os plant\u00f5es para as Elei\u00e7\u00f5es 2026, que seguem at\u00e9 25 de outubro para o recebimento e acompanhamento de manifesta\u00e7\u00f5es relacionadas ao processo eleitoral.<\/strong><\/p>\n<p>A institui\u00e7\u00e3o tamb\u00e9m disponibilizou, no <a href=\"https:\/\/www.mprj.mp.br\/\" rel=\"noopener\">portal do MPRJ<\/a>, uma\u00a0p\u00e1gina tem\u00e1tica com informa\u00e7\u00f5es e orienta\u00e7\u00f5es\u00a0sobre irregularidades que podem ser identificadas e denunciadas pelos cidad\u00e3os, como compra de votos, boca de urna, coa\u00e7\u00e3o e transporte irregular de eleitores, viol\u00eancia pol\u00edtica de g\u00eanero, caixa dois, propaganda eleitoral irregular, divulga\u00e7\u00e3o de fatos inver\u00eddicos e crimes contra a honra no contexto eleitoral.<\/p>\n<p>      <!-- Relacionada --><\/p>\n<p>            <!-- Relacionada -->\n    <\/div>\n<p><br \/>\n<br \/><a href=\"https:\/\/agenciabrasil.ebc.com.br\/justica\/noticia\/2026-08\/democracia-e-crescimento-de-organizacoes-criminosas-e-tema-de-encontro\" rel=\"noopener\">Informa\u00e7\u00f5es com a Ag\u00eancia Brasil<\/a><\/p>\n","protected":false},"excerpt":{"rendered":"<p>O subprocurador-geral de Justi\u00e7a de Atua\u00e7\u00e3o Especializada do Minist\u00e9rio P\u00fablico do Estado do Rio de Janeiro (MPRJ), Cl\u00e1udio Varela, defendeu o papel estrat\u00e9gico da popula\u00e7\u00e3o no aux\u00edlio aos \u00f3rg\u00e3os respons\u00e1veis pelo combate \u00e0s organiza\u00e7\u00f5es criminosas. \u201cEm 2009, quando coordenei o Gaeco [Grupo de Atua\u00e7\u00e3o Especial no Combate ao Crime Organizado], v\u00e1rias informa\u00e7\u00f5es fornecidas pelos cidad\u00e3os, [&hellip;]<\/p>\n","protected":false},"author":1,"featured_media":16440,"comment_status":"closed","ping_status":"open","sticky":false,"template":"","format":"standard","meta":{"_jetpack_newsletter_access":"","_jetpack_dont_email_post_to_subs":false,"_jetpack_newsletter_tier_id":0,"_jetpack_memberships_contains_paywalled_content":false,"_mbp_banners":[],"_jetpack_feature_clip_id":0,"_jetpack_memberships_contains_paid_content":false,"footnotes":"","jetpack_publicize_message":"","jetpack_publicize_feature_enabled":true,"jetpack_social_post_already_shared":true,"jetpack_social_options":{"image_generator_settings":{"template":"highway","default_image_id":0,"font":"","enabled":false},"version":2},"jetpack_post_was_ever_published":false},"categories":[22],"tags":[],"class_list":["post-74784","post","type-post","status-publish","format-standard","has-post-thumbnail","category-nacional"],"jetpack_publicize_connections":[],"jetpack-related-posts":[],"jetpack_shortlink":"https:\/\/wp.me\/p7Eq1F-jsc","jetpack_sharing_enabled":true,"jetpack_featured_media_url":"https:\/\/i0.wp.com\/guialimeira.com.br\/news\/wp-content\/uploads\/2024\/11\/mprj_ffraz_abr_1510212158_1.jpg?fit=1600%2C800&ssl=1","_links":{"self":[{"href":"https:\/\/guialimeira.com.br\/news\/wp-json\/wp\/v2\/posts\/74784","targetHints":{"allow":["GET"]}}],"collection":[{"href":"https:\/\/guialimeira.com.br\/news\/wp-json\/wp\/v2\/posts"}],"about":[{"href":"https:\/\/guialimeira.com.br\/news\/wp-json\/wp\/v2\/types\/post"}],"author":[{"embeddable":true,"href":"https:\/\/guialimeira.com.br\/news\/wp-json\/wp\/v2\/users\/1"}],"replies":[{"embeddable":true,"href":"https:\/\/guialimeira.com.br\/news\/wp-json\/wp\/v2\/comments?post=74784"}],"version-history":[{"count":1,"href":"https:\/\/guialimeira.com.br\/news\/wp-json\/wp\/v2\/posts\/74784\/revisions"}],"predecessor-version":[{"id":74785,"href":"https:\/\/guialimeira.com.br\/news\/wp-json\/wp\/v2\/posts\/74784\/revisions\/74785"}],"wp:featuredmedia":[{"embeddable":true,"href":"https:\/\/guialimeira.com.br\/news\/wp-json\/wp\/v2\/media\/16440"}],"wp:attachment":[{"href":"https:\/\/guialimeira.com.br\/news\/wp-json\/wp\/v2\/media?parent=74784"}],"wp:term":[{"taxonomy":"category","embeddable":true,"href":"https:\/\/guialimeira.com.br\/news\/wp-json\/wp\/v2\/categories?post=74784"},{"taxonomy":"post_tag","embeddable":true,"href":"https:\/\/guialimeira.com.br\/news\/wp-json\/wp\/v2\/tags?post=74784"}],"curies":[{"name":"wp","href":"https:\/\/api.w.org\/{rel}","templated":true}]}}