{"id":74775,"date":"2026-08-18T08:26:27","date_gmt":"2026-08-18T11:26:27","guid":{"rendered":"https:\/\/guialimeira.com.br\/?p=74775"},"modified":"2026-08-18T08:26:27","modified_gmt":"2026-08-18T11:26:27","slug":"justica-do-rio-promove-campanha-pela-paz-em-casa","status":"publish","type":"post","link":"https:\/\/guialimeira.com.br\/news\/justica-do-rio-promove-campanha-pela-paz-em-casa\/","title":{"rendered":"Justi\u00e7a do Rio promove campanha pela paz em casa"},"content":{"rendered":"<p> <br \/>\n<\/p>\n<div>\n<p>O Tribunal de Justi\u00e7a do Rio (TJRJ)\u00a0promove, no m\u00eas em que s\u00e3o\u00a0celebrados os 20 anos da Lei Maria da Penha, a 33\u00aa Semana da Justi\u00e7a pela Paz em\u00a0Casa,\u00a0que come\u00e7ou nesta segunda-feira (17) e se estende at\u00e9 sexta (21). 1<img data-recalc-dims=\"1\" decoding=\"async\" src=\"https:\/\/i0.wp.com\/agenciabrasil.ebc.com.br\/ebc.png?w=696&#038;ssl=1\" style=\"width:1px;height:1px;display:inline\" \/><img data-recalc-dims=\"1\" decoding=\"async\" src=\"https:\/\/i0.wp.com\/agenciabrasil.ebc.com.br\/ebc.gif?w=696&#038;ssl=1\" style=\"width:1px;height:1px;display:inline\" \/><\/p>\n<p><strong>Ao todo, est\u00e3o agendadas 1.798 audi\u00eancias nos juizados de Viol\u00eancia Dom\u00e9stica e Familiar contra a Mulher de todo o estado. Tamb\u00e9m est\u00e3o previstos 11 plen\u00e1rios de j\u00fari de casos de feminic\u00eddio.\u00a0<\/strong><\/p>\n<p>A campanha \u00e9 promovida pelo\u00a0Conselho Nacional de Justi\u00e7a (CNJ), em parceria com os tribunais de Justi\u00e7a estaduais, e integra as a\u00e7\u00f5es da Pol\u00edtica Judici\u00e1ria Nacional de Enfrentamento \u00e0 Viol\u00eancia contra as Mulheres.\u00a0<\/p>\n<p><strong>A finalidade \u00e9 ampliar a efetividade\u00a0da\u00a0Lei Maria\u00a0da\u00a0Penha, intensificando a resolu\u00e7\u00e3o de casos de viol\u00eancia dom\u00e9stica, e\u00a0incentivar as mulheres v\u00edtimas a denunciarem os agressores.\u00a0\u00a0<\/strong><\/p>\n<p>Iniciada em 2015, a Justi\u00e7a\u00a0pela\u00a0Paz\u00a0em Casa conta com tr\u00eas edi\u00e7\u00f5es por ano (mar\u00e7o, agosto e novembro).\u00a0<\/p>\n<p><strong>De acordo com dados do CNJ, nos \u00faltimos 12 meses, mais de\u00a0675 mil decis\u00f5es sobre medidas protetivas de urg\u00eancia\u00a0foram proferidas em todo o pa\u00eds, uma m\u00e9dia de\u00a0aproximadamente\u00a01.800 por dia.\u00a0Em 2025,\u00a0o Brasil registrou\u00a01.571 casos de feminic\u00eddio.<\/strong><\/p>\n<p>      <!-- Relacionada --><\/p>\n<p>            <!-- Relacionada -->\n    <\/div>\n<p><br \/>\n<br \/><a href=\"https:\/\/agenciabrasil.ebc.com.br\/justica\/noticia\/2026-08\/justica-do-rio-promove-campanha-pela-paz-em-casa\" rel=\"noopener\">Informa\u00e7\u00f5es com a Ag\u00eancia Brasil<\/a><\/p>\n","protected":false},"excerpt":{"rendered":"<p>O Tribunal de Justi\u00e7a do Rio (TJRJ)\u00a0promove, no m\u00eas em que s\u00e3o\u00a0celebrados os 20 anos da Lei Maria da Penha, a 33\u00aa Semana da Justi\u00e7a pela Paz em\u00a0Casa,\u00a0que come\u00e7ou nesta segunda-feira (17) e se estende at\u00e9 sexta (21). 1 Ao todo, est\u00e3o agendadas 1.798 audi\u00eancias nos juizados de Viol\u00eancia Dom\u00e9stica e Familiar contra a Mulher [&hellip;]<\/p>\n","protected":false},"author":1,"featured_media":6223,"comment_status":"closed","ping_status":"open","sticky":false,"template":"","format":"standard","meta":{"_jetpack_newsletter_access":"","_jetpack_dont_email_post_to_subs":false,"_jetpack_newsletter_tier_id":0,"_jetpack_memberships_contains_paywalled_content":false,"_mbp_banners":[],"_jetpack_feature_clip_id":0,"_jetpack_memberships_contains_paid_content":false,"footnotes":"","jetpack_publicize_message":"","jetpack_publicize_feature_enabled":true,"jetpack_social_post_already_shared":true,"jetpack_social_options":{"image_generator_settings":{"template":"highway","default_image_id":0,"font":"","enabled":false},"version":2},"jetpack_post_was_ever_published":false},"categories":[22],"tags":[],"class_list":["post-74775","post","type-post","status-publish","format-standard","has-post-thumbnail","category-nacional"],"jetpack_publicize_connections":[],"jetpack-related-posts":[],"jetpack_shortlink":"https:\/\/wp.me\/p7Eq1F-js3","jetpack_sharing_enabled":true,"jetpack_featured_media_url":"https:\/\/i0.wp.com\/guialimeira.com.br\/news\/wp-content\/uploads\/2024\/05\/opiniao-traseira-a-mulher-no-fundo-preto_1.jpg?fit=1600%2C800&ssl=1","_links":{"self":[{"href":"https:\/\/guialimeira.com.br\/news\/wp-json\/wp\/v2\/posts\/74775","targetHints":{"allow":["GET"]}}],"collection":[{"href":"https:\/\/guialimeira.com.br\/news\/wp-json\/wp\/v2\/posts"}],"about":[{"href":"https:\/\/guialimeira.com.br\/news\/wp-json\/wp\/v2\/types\/post"}],"author":[{"embeddable":true,"href":"https:\/\/guialimeira.com.br\/news\/wp-json\/wp\/v2\/users\/1"}],"replies":[{"embeddable":true,"href":"https:\/\/guialimeira.com.br\/news\/wp-json\/wp\/v2\/comments?post=74775"}],"version-history":[{"count":1,"href":"https:\/\/guialimeira.com.br\/news\/wp-json\/wp\/v2\/posts\/74775\/revisions"}],"predecessor-version":[{"id":74776,"href":"https:\/\/guialimeira.com.br\/news\/wp-json\/wp\/v2\/posts\/74775\/revisions\/74776"}],"wp:featuredmedia":[{"embeddable":true,"href":"https:\/\/guialimeira.com.br\/news\/wp-json\/wp\/v2\/media\/6223"}],"wp:attachment":[{"href":"https:\/\/guialimeira.com.br\/news\/wp-json\/wp\/v2\/media?parent=74775"}],"wp:term":[{"taxonomy":"category","embeddable":true,"href":"https:\/\/guialimeira.com.br\/news\/wp-json\/wp\/v2\/categories?post=74775"},{"taxonomy":"post_tag","embeddable":true,"href":"https:\/\/guialimeira.com.br\/news\/wp-json\/wp\/v2\/tags?post=74775"}],"curies":[{"name":"wp","href":"https:\/\/api.w.org\/{rel}","templated":true}]}}