{"id":74770,"date":"2026-08-18T04:21:14","date_gmt":"2026-08-18T07:21:14","guid":{"rendered":"https:\/\/guialimeira.com.br\/?p=74770"},"modified":"2026-08-18T04:21:14","modified_gmt":"2026-08-18T07:21:14","slug":"presidente-do-tse-defende-urna-eletronica-em-reuniao-com-embaixadores","status":"publish","type":"post","link":"https:\/\/guialimeira.com.br\/news\/presidente-do-tse-defende-urna-eletronica-em-reuniao-com-embaixadores\/","title":{"rendered":"Presidente do TSE defende urna eletr\u00f4nica em reuni\u00e3o com embaixadores"},"content":{"rendered":"<p> <br \/>\n<\/p>\n<div>\n<p><strong>O presidente do Tribunal Superior Eleitoral (TSE), ministro Kassio Nunes Marques, disse nesta segunda-feira (17) que o Brasil \u00e9 refer\u00eancia internacional na realiza\u00e7\u00e3o de elei\u00e7\u00f5es.<\/strong><img data-recalc-dims=\"1\" decoding=\"async\" src=\"https:\/\/i0.wp.com\/agenciabrasil.ebc.com.br\/ebc.png?w=696&#038;ssl=1\" style=\"width:1px;height:1px;display:inline\" \/><img data-recalc-dims=\"1\" decoding=\"async\" src=\"https:\/\/i0.wp.com\/agenciabrasil.ebc.com.br\/ebc.gif?w=696&#038;ssl=1\" style=\"width:1px;height:1px;display:inline\" \/><\/p>\n<p>Durante reuni\u00e3o com 86 embaixadores para demonstrar o funcionamento do sistema brasileiro de vota\u00e7\u00e3o, o ministro defendeu a urna eletr\u00f4nica e afirmou que o sistema garante a transpar\u00eancia do pleito.\u00a0<\/p>\n<blockquote>\n<p>&#8220;O Brasil tornou-se, ao longo das \u00faltimas d\u00e9cadas, uma refer\u00eancia mundial na realiza\u00e7\u00e3o de elei\u00e7\u00f5es. A vanguarda entre as democracias representativas contempor\u00e2neas \u00e9 resultado da cont\u00ednua e paulatina constru\u00e7\u00e3o de um processo eleitoral eficiente.&#8221;\u00a0<\/p>\n<\/blockquote>\n<h2>Intelig\u00eancia Artificial (IA)<\/h2>\n<p><strong>Nunes Marques tamb\u00e9m destacou que o TSE aprovou neste ano regras para o combate ao uso ilegal da intelig\u00eancia artificial (IA) na campanha eleitoral.\u00a0<\/strong><\/p>\n<p>&#8220;Agigantam-se as possibilidades de mau uso da intelig\u00eancia artificial nas disputas eleitorais. A produ\u00e7\u00e3o de v\u00eddeos e \u00e1udios que visam manipular e disseminar conte\u00fados capazes de enganar o eleitorado, distorcer o debate p\u00fablico ou comprometer a livre forma\u00e7\u00e3o da vontade pol\u00edtica&#8221;, completou.\u00a0<\/p>\n<h2>Regras<\/h2>\n<p><strong>Em mar\u00e7o deste ano, o TSE aprovou regras sobre utiliza\u00e7\u00e3o de intelig\u00eancia artificial durante as elei\u00e7\u00f5es gerais de outubro.\u00a0<\/strong><\/p>\n<p>As normas valem para candidatos e partidos. <strong>Os ministros proibiram que provedores de IA permitam, ainda que solicitado pelos usu\u00e1rios, sugest\u00f5es de candidatos para votar.<\/strong><\/p>\n<p>O objetivo \u00e9 evitar a interfer\u00eancia de algoritmos na livre escolha dos eleitores. Para combater a misoginia digital, o TSE proibiu postagens nas redes sociais com montagens envolvendo candidatas e fotos e v\u00eddeos com nudez e pornografia.<\/p>\n<p>A Corte eleitoral tamb\u00e9m reafirmou que os provedores de internet poder\u00e3o ser responsabilizados pela Justi\u00e7a se n\u00e3o retirarem perfis falsos e postagens ilegais de seus usu\u00e1rios.<\/p>\n<h2>Elei\u00e7\u00f5es<\/h2>\n<p>O primeiro turno ser\u00e1 realizado no dia 4 de outubro, quando ser\u00e3o eleitos deputados federais, estaduais, distritais, governadores, senadores e o presidente da Rep\u00fablica.<\/p>\n<p>O segundo turno est\u00e1 marcado para o dia 25 e pode ocorrer na disputa para os cargos de governador e presidente. Os eleitores voltar\u00e3o \u00e0s urnas se nenhum dos candidatos obtiver mais de 50% dos votos v\u00e1lidos, excluindo brancos e nulos, no primeiro turno.<\/p>\n<p>      <!-- Relacionada --><\/p>\n<p>            <!-- Relacionada -->\n    <\/div>\n<p><br \/>\n<br \/><a href=\"https:\/\/agenciabrasil.ebc.com.br\/justica\/noticia\/2026-08\/presidente-do-tse-defende-urna-eletronica-em-reuniao-com-embaixadores\" rel=\"noopener\">Informa\u00e7\u00f5es com a Ag\u00eancia Brasil<\/a><\/p>\n","protected":false},"excerpt":{"rendered":"<p>O presidente do Tribunal Superior Eleitoral (TSE), ministro Kassio Nunes Marques, disse nesta segunda-feira (17) que o Brasil \u00e9 refer\u00eancia internacional na realiza\u00e7\u00e3o de elei\u00e7\u00f5es. Durante reuni\u00e3o com 86 embaixadores para demonstrar o funcionamento do sistema brasileiro de vota\u00e7\u00e3o, o ministro defendeu a urna eletr\u00f4nica e afirmou que o sistema garante a transpar\u00eancia do pleito.\u00a0 [&hellip;]<\/p>\n","protected":false},"author":1,"featured_media":74771,"comment_status":"closed","ping_status":"open","sticky":false,"template":"","format":"standard","meta":{"_jetpack_newsletter_access":"","_jetpack_dont_email_post_to_subs":false,"_jetpack_newsletter_tier_id":0,"_jetpack_memberships_contains_paywalled_content":false,"_mbp_banners":[],"_jetpack_feature_clip_id":0,"_jetpack_memberships_contains_paid_content":false,"footnotes":"","jetpack_publicize_message":"","jetpack_publicize_feature_enabled":true,"jetpack_social_post_already_shared":true,"jetpack_social_options":{"image_generator_settings":{"template":"highway","default_image_id":0,"font":"","enabled":false},"version":2},"jetpack_post_was_ever_published":false},"categories":[22],"tags":[],"class_list":["post-74770","post","type-post","status-publish","format-standard","has-post-thumbnail","category-nacional"],"jetpack_publicize_connections":[],"jetpack-related-posts":[],"jetpack_shortlink":"https:\/\/wp.me\/p7Eq1F-jrY","jetpack_sharing_enabled":true,"jetpack_featured_media_url":"https:\/\/i0.wp.com\/guialimeira.com.br\/news\/wp-content\/uploads\/2026\/08\/55470846585_c17bb614c3_o.jpg?fit=1600%2C800&ssl=1","_links":{"self":[{"href":"https:\/\/guialimeira.com.br\/news\/wp-json\/wp\/v2\/posts\/74770","targetHints":{"allow":["GET"]}}],"collection":[{"href":"https:\/\/guialimeira.com.br\/news\/wp-json\/wp\/v2\/posts"}],"about":[{"href":"https:\/\/guialimeira.com.br\/news\/wp-json\/wp\/v2\/types\/post"}],"author":[{"embeddable":true,"href":"https:\/\/guialimeira.com.br\/news\/wp-json\/wp\/v2\/users\/1"}],"replies":[{"embeddable":true,"href":"https:\/\/guialimeira.com.br\/news\/wp-json\/wp\/v2\/comments?post=74770"}],"version-history":[{"count":1,"href":"https:\/\/guialimeira.com.br\/news\/wp-json\/wp\/v2\/posts\/74770\/revisions"}],"predecessor-version":[{"id":74772,"href":"https:\/\/guialimeira.com.br\/news\/wp-json\/wp\/v2\/posts\/74770\/revisions\/74772"}],"wp:featuredmedia":[{"embeddable":true,"href":"https:\/\/guialimeira.com.br\/news\/wp-json\/wp\/v2\/media\/74771"}],"wp:attachment":[{"href":"https:\/\/guialimeira.com.br\/news\/wp-json\/wp\/v2\/media?parent=74770"}],"wp:term":[{"taxonomy":"category","embeddable":true,"href":"https:\/\/guialimeira.com.br\/news\/wp-json\/wp\/v2\/categories?post=74770"},{"taxonomy":"post_tag","embeddable":true,"href":"https:\/\/guialimeira.com.br\/news\/wp-json\/wp\/v2\/tags?post=74770"}],"curies":[{"name":"wp","href":"https:\/\/api.w.org\/{rel}","templated":true}]}}