{"id":74764,"date":"2026-08-18T02:19:04","date_gmt":"2026-08-18T05:19:04","guid":{"rendered":"https:\/\/guialimeira.com.br\/?p=74764"},"modified":"2026-08-18T02:19:04","modified_gmt":"2026-08-18T05:19:04","slug":"durigan-defende-que-brasil-deve-ampliar-comercio-exterior","status":"publish","type":"post","link":"https:\/\/guialimeira.com.br\/news\/durigan-defende-que-brasil-deve-ampliar-comercio-exterior\/","title":{"rendered":"Durigan defende que Brasil deve ampliar com\u00e9rcio exterior"},"content":{"rendered":"<p> <br \/>\n<\/p>\n<div>\n<p><strong>O ministro da Fazenda, Dario Durigan, defendeu nesta segunda-feira (17)\u00a0a estrat\u00e9gia de abertura do com\u00e9rcio de produtos brasileiros para outros pa\u00edses.\u00a0<\/strong><img data-recalc-dims=\"1\" decoding=\"async\" src=\"https:\/\/i0.wp.com\/agenciabrasil.ebc.com.br\/ebc.png?w=696&#038;ssl=1\" style=\"width:1px;height:1px;display:inline\" \/><img data-recalc-dims=\"1\" decoding=\"async\" src=\"https:\/\/i0.wp.com\/agenciabrasil.ebc.com.br\/ebc.gif?w=696&#038;ssl=1\" style=\"width:1px;height:1px;display:inline\" \/><\/p>\n<p>Segundo ele, outros governos e investidores olham para o Brasil com\u00a0confian\u00e7a.\u00a0&#8220;Em um mundo de incertezas, temos de construir o Brasil como um porto seguro, temos de projetar seguran\u00e7a e previsibilidade&#8221;, disse ao participar de evento na capital paulista.<\/p>\n<p><strong>Para Durigan, essa abertura deve ser baseada em\u00a0negocia\u00e7\u00f5es e\u00a0n\u00e3o de depend\u00eancia\u00a0de um parceiro exclusivo, na \u00c1sia ou na Am\u00e9rica do Norte, por exemplo.<\/strong><\/p>\n<p>&#8220;[O Brasil]\u00a0vai fazer o debate sabendo de suas fraquezas e fortalezas&#8221;, apontou.<\/p>\n<p>A fala do ministro ocorre no momento de tens\u00e3o entre Brasil e Estados Unidos. Na semana passada, o\u00a0governo federal anunciou a abertura formal do processo para avaliar se a imposi\u00e7\u00e3o unilateral de tarifas por parte dos Estados Unidos (EUA) contra exporta\u00e7\u00f5es brasileiras ser\u00e1 respondida com base na\u00a0<a href=\"https:\/\/agenciabrasil.ebc.com.br\/politica\/noticia\/2026-08\/governo-abre-processo-de-reciprocidade-contra-tarifas-dos-eua\" target=\"_blank\" rel=\"noopener\">Lei da Reciprocidade Econ\u00f4mica<\/a>.\u00a0<\/p>\n<p>Aprovada no ano passado, justamente em rea\u00e7\u00e3o ao primeiro tarifa\u00e7o do governo de Donald Trump, a Lei n\u00ba 15.122 estabelece crit\u00e9rios para suspens\u00e3o de concess\u00f5es comerciais em resposta a a\u00e7\u00f5es, pol\u00edticas ou pr\u00e1ticas unilaterais de outro pa\u00eds que impacte negativamente a competitividade econ\u00f4mica do Brasil.<\/p>\n<h2>Medidas fiscais<\/h2>\n<p>Durigan tamb\u00e9m argumentou sobre a ado\u00e7\u00e3o de medidas, como bloqueio de or\u00e7amento e limite de gastos obrigat\u00f3rios, para que o pa\u00eds mantenha a estabilidade fiscal.\u00a0<\/p>\n<p>&#8220;Precisamos manter uma trajet\u00f3ria fiscal, sem desestabilizar&#8221;, disse.<\/p>\n<p>Sobre a reforma tribut\u00e1ria, o ministro reconhece que pode\u00a0amedrontar, por impor muitas mudan\u00e7as. Por\u00e9m, Durigan acredita que 2027 ser\u00e1 um importante ano para a transi\u00e7\u00e3o, e que, ao final, resultar\u00e1 em um sistema melhor, a m\u00e9dio e longo prazo, para o pa\u00eds.\u00a0<\/p>\n<p>A quest\u00e3o dos juros tamb\u00e9m foi abordada. Durigan afirmou que n\u00e3o h\u00e1 condi\u00e7\u00f5es de discutir cr\u00e9dito no pa\u00eds sem &#8220;juros civilizados&#8221;, por, conforme o ministro, serem a\u00a0&#8220;milha final&#8221; dos ajustes de m\u00e9dio prazo necess\u00e1rios para o\u00a0desenvolvimento do pa\u00eds.<\/p>\n<p>      <!-- Relacionada --><\/p>\n<p>            <!-- Relacionada -->\n    <\/div>\n<p><br \/>\n<br \/><a href=\"https:\/\/agenciabrasil.ebc.com.br\/economia\/noticia\/2026-08\/durigan-defende-que-brasil-deve-ampliar-comercio-exterior\" rel=\"noopener\">Informa\u00e7\u00f5es com a Ag\u00eancia Brasil<\/a><\/p>\n","protected":false},"excerpt":{"rendered":"<p>O ministro da Fazenda, Dario Durigan, defendeu nesta segunda-feira (17)\u00a0a estrat\u00e9gia de abertura do com\u00e9rcio de produtos brasileiros para outros pa\u00edses.\u00a0 Segundo ele, outros governos e investidores olham para o Brasil com\u00a0confian\u00e7a.\u00a0&#8220;Em um mundo de incertezas, temos de construir o Brasil como um porto seguro, temos de projetar seguran\u00e7a e previsibilidade&#8221;, disse ao participar de [&hellip;]<\/p>\n","protected":false},"author":1,"featured_media":74765,"comment_status":"closed","ping_status":"open","sticky":false,"template":"","format":"standard","meta":{"_jetpack_newsletter_access":"","_jetpack_dont_email_post_to_subs":false,"_jetpack_newsletter_tier_id":0,"_jetpack_memberships_contains_paywalled_content":false,"_mbp_banners":[],"_jetpack_feature_clip_id":0,"_jetpack_memberships_contains_paid_content":false,"footnotes":"","jetpack_publicize_message":"","jetpack_publicize_feature_enabled":true,"jetpack_social_post_already_shared":true,"jetpack_social_options":{"image_generator_settings":{"template":"highway","default_image_id":0,"font":"","enabled":false},"version":2},"jetpack_post_was_ever_published":false},"categories":[22],"tags":[],"class_list":["post-74764","post","type-post","status-publish","format-standard","has-post-thumbnail","category-nacional"],"jetpack_publicize_connections":[],"jetpack-related-posts":[],"jetpack_shortlink":"https:\/\/wp.me\/p7Eq1F-jrS","jetpack_sharing_enabled":true,"jetpack_featured_media_url":"https:\/\/i0.wp.com\/guialimeira.com.br\/news\/wp-content\/uploads\/2026\/08\/0d9a7586.jpg?fit=1600%2C800&ssl=1","_links":{"self":[{"href":"https:\/\/guialimeira.com.br\/news\/wp-json\/wp\/v2\/posts\/74764","targetHints":{"allow":["GET"]}}],"collection":[{"href":"https:\/\/guialimeira.com.br\/news\/wp-json\/wp\/v2\/posts"}],"about":[{"href":"https:\/\/guialimeira.com.br\/news\/wp-json\/wp\/v2\/types\/post"}],"author":[{"embeddable":true,"href":"https:\/\/guialimeira.com.br\/news\/wp-json\/wp\/v2\/users\/1"}],"replies":[{"embeddable":true,"href":"https:\/\/guialimeira.com.br\/news\/wp-json\/wp\/v2\/comments?post=74764"}],"version-history":[{"count":1,"href":"https:\/\/guialimeira.com.br\/news\/wp-json\/wp\/v2\/posts\/74764\/revisions"}],"predecessor-version":[{"id":74766,"href":"https:\/\/guialimeira.com.br\/news\/wp-json\/wp\/v2\/posts\/74764\/revisions\/74766"}],"wp:featuredmedia":[{"embeddable":true,"href":"https:\/\/guialimeira.com.br\/news\/wp-json\/wp\/v2\/media\/74765"}],"wp:attachment":[{"href":"https:\/\/guialimeira.com.br\/news\/wp-json\/wp\/v2\/media?parent=74764"}],"wp:term":[{"taxonomy":"category","embeddable":true,"href":"https:\/\/guialimeira.com.br\/news\/wp-json\/wp\/v2\/categories?post=74764"},{"taxonomy":"post_tag","embeddable":true,"href":"https:\/\/guialimeira.com.br\/news\/wp-json\/wp\/v2\/tags?post=74764"}],"curies":[{"name":"wp","href":"https:\/\/api.w.org\/{rel}","templated":true}]}}