{"id":74761,"date":"2026-08-18T01:17:24","date_gmt":"2026-08-18T04:17:24","guid":{"rendered":"https:\/\/guialimeira.com.br\/?p=74761"},"modified":"2026-08-18T01:17:24","modified_gmt":"2026-08-18T04:17:24","slug":"marina-silva-sofre-tentativa-de-intimidacao-durante-campanha-em-sp","status":"publish","type":"post","link":"https:\/\/guialimeira.com.br\/news\/marina-silva-sofre-tentativa-de-intimidacao-durante-campanha-em-sp\/","title":{"rendered":"Marina Silva sofre tentativa de intimida\u00e7\u00e3o durante campanha em SP"},"content":{"rendered":"<p> <br \/>\n<\/p>\n<div>\n<p><strong>A ex-ministra do Meio Ambiente e candidata \u00e0 reelei\u00e7\u00e3o para o Senado Marina Silva (Rede) foi intimidada por um homem durante um compromisso de campanha no in\u00edcio da tarde desta segunda-feira (17), na capital paulista.<\/strong><img data-recalc-dims=\"1\" decoding=\"async\" src=\"https:\/\/i0.wp.com\/agenciabrasil.ebc.com.br\/ebc.png?w=696&#038;ssl=1\" style=\"width:1px;height:1px;display:inline\" \/><img data-recalc-dims=\"1\" decoding=\"async\" src=\"https:\/\/i0.wp.com\/agenciabrasil.ebc.com.br\/ebc.gif?w=696&#038;ssl=1\" style=\"width:1px;height:1px;display:inline\" \/><\/p>\n<p>Marina participava de uma caminhada no centro de S\u00e3o Paulo quando se afastou um pouco do grupo, evitando a aglomera\u00e7\u00e3o. Ao ver a pol\u00edtica fora do grupo maior, um homem n\u00e3o identificado a abordou, com palavras e gestos agressivos.\u00a0<\/p>\n<p>Ela se dirigiu a uma loja pr\u00f3xima, onde buscou abrigo, apoiada por seguran\u00e7as do evento, no qual tamb\u00e9m estavam Fernando Haddad, candidato ao governo paulista, e Simone Tebet, que tamb\u00e9m disputa a reelei\u00e7\u00e3o ao Senado por S\u00e3o Paulo.<\/p>\n<blockquote>\n<p>\u201cEu j\u00e1 sei que essas pessoas fazem isso, n\u00e3o iria jamais ficar respondendo. Diante da paz com certeza o \u00f3dio recua. Eles est\u00e3o fazendo isso o tempo todo em rela\u00e7\u00e3o ao Haddad e agora fizeram em rela\u00e7\u00e3o a mim\u201d, afirmou Marina em entrevista aos jornalistas que acompanharam o ato.<\/p>\n<\/blockquote>\n<p><strong>Segundo a assessoria da candidata, n\u00e3o foi feito boletim de ocorr\u00eancia da agress\u00e3o at\u00e9 o momento.<\/strong><\/p>\n<p>Ela declarou, ainda, que espera que esse n\u00e3o seja o tom da campanha, e que recair\u00e1 o d\u00e9bito naqueles que n\u00e3o se manifestam sobre esse tipo de a\u00e7\u00e3o. \u201cAqueles que n\u00e3o desautorizam fazer esse tipo de pr\u00e1tica acabam dando sua assinatura para essa forma de atingir a nossa democracia\u201d.<\/p>\n<p>      <!-- Relacionada --><\/p>\n<p>            <!-- Relacionada -->\n    <\/div>\n<p><br \/>\n<br \/><a href=\"https:\/\/agenciabrasil.ebc.com.br\/politica\/noticia\/2026-08\/marina-silva-sofre-tentativa-de-intimidacao-durante-campanha-em-sp\" rel=\"noopener\">Informa\u00e7\u00f5es com a Ag\u00eancia Brasil<\/a><\/p>\n","protected":false},"excerpt":{"rendered":"<p>A ex-ministra do Meio Ambiente e candidata \u00e0 reelei\u00e7\u00e3o para o Senado Marina Silva (Rede) foi intimidada por um homem durante um compromisso de campanha no in\u00edcio da tarde desta segunda-feira (17), na capital paulista. Marina participava de uma caminhada no centro de S\u00e3o Paulo quando se afastou um pouco do grupo, evitando a aglomera\u00e7\u00e3o. [&hellip;]<\/p>\n","protected":false},"author":1,"featured_media":74762,"comment_status":"closed","ping_status":"open","sticky":false,"template":"","format":"standard","meta":{"_jetpack_newsletter_access":"","_jetpack_dont_email_post_to_subs":false,"_jetpack_newsletter_tier_id":0,"_jetpack_memberships_contains_paywalled_content":false,"_mbp_banners":[],"_jetpack_feature_clip_id":0,"_jetpack_memberships_contains_paid_content":false,"footnotes":"","jetpack_publicize_message":"","jetpack_publicize_feature_enabled":true,"jetpack_social_post_already_shared":true,"jetpack_social_options":{"image_generator_settings":{"template":"highway","default_image_id":0,"font":"","enabled":false},"version":2},"jetpack_post_was_ever_published":false},"categories":[22],"tags":[],"class_list":["post-74761","post","type-post","status-publish","format-standard","has-post-thumbnail","category-nacional"],"jetpack_publicize_connections":[],"jetpack-related-posts":[],"jetpack_shortlink":"https:\/\/wp.me\/p7Eq1F-jrP","jetpack_sharing_enabled":true,"jetpack_featured_media_url":"https:\/\/i0.wp.com\/guialimeira.com.br\/news\/wp-content\/uploads\/2026\/08\/1000002808.jpg?fit=1600%2C800&ssl=1","_links":{"self":[{"href":"https:\/\/guialimeira.com.br\/news\/wp-json\/wp\/v2\/posts\/74761","targetHints":{"allow":["GET"]}}],"collection":[{"href":"https:\/\/guialimeira.com.br\/news\/wp-json\/wp\/v2\/posts"}],"about":[{"href":"https:\/\/guialimeira.com.br\/news\/wp-json\/wp\/v2\/types\/post"}],"author":[{"embeddable":true,"href":"https:\/\/guialimeira.com.br\/news\/wp-json\/wp\/v2\/users\/1"}],"replies":[{"embeddable":true,"href":"https:\/\/guialimeira.com.br\/news\/wp-json\/wp\/v2\/comments?post=74761"}],"version-history":[{"count":1,"href":"https:\/\/guialimeira.com.br\/news\/wp-json\/wp\/v2\/posts\/74761\/revisions"}],"predecessor-version":[{"id":74763,"href":"https:\/\/guialimeira.com.br\/news\/wp-json\/wp\/v2\/posts\/74761\/revisions\/74763"}],"wp:featuredmedia":[{"embeddable":true,"href":"https:\/\/guialimeira.com.br\/news\/wp-json\/wp\/v2\/media\/74762"}],"wp:attachment":[{"href":"https:\/\/guialimeira.com.br\/news\/wp-json\/wp\/v2\/media?parent=74761"}],"wp:term":[{"taxonomy":"category","embeddable":true,"href":"https:\/\/guialimeira.com.br\/news\/wp-json\/wp\/v2\/categories?post=74761"},{"taxonomy":"post_tag","embeddable":true,"href":"https:\/\/guialimeira.com.br\/news\/wp-json\/wp\/v2\/tags?post=74761"}],"curies":[{"name":"wp","href":"https:\/\/api.w.org\/{rel}","templated":true}]}}