{"id":74758,"date":"2026-08-18T00:14:48","date_gmt":"2026-08-18T03:14:48","guid":{"rendered":"https:\/\/guialimeira.com.br\/?p=74758"},"modified":"2026-08-18T00:14:48","modified_gmt":"2026-08-18T03:14:48","slug":"remo-empata-no-ultimo-lance-mas-inter-deixa-a-zona-de-rebaixamento","status":"publish","type":"post","link":"https:\/\/guialimeira.com.br\/news\/remo-empata-no-ultimo-lance-mas-inter-deixa-a-zona-de-rebaixamento\/","title":{"rendered":"Remo empata no \u00faltimo lance, mas Inter deixa a zona de rebaixamento"},"content":{"rendered":"<p> <br \/>\n<\/p>\n<div>\n<p><strong>A partida que finalizou a 23\u00aa rodada do Campeonato Brasileiro promoveu uma mudan\u00e7a na zona de rebaixamento. Nesta segunda-feira (17), o Internacional empatou por 1 a 1 com o Remo no Beira-Rio, em Porto Alegre, e saiu do grupo que re\u00fane as quatro piores campanhas da competi\u00e7\u00e3o (o Z-4).<\/strong><img data-recalc-dims=\"1\" decoding=\"async\" src=\"https:\/\/i0.wp.com\/agenciabrasil.ebc.com.br\/ebc.png?w=696&#038;ssl=1\" style=\"width:1px;height:1px;display:inline\" \/><img data-recalc-dims=\"1\" decoding=\"async\" src=\"https:\/\/i0.wp.com\/agenciabrasil.ebc.com.br\/ebc.gif?w=696&#038;ssl=1\" style=\"width:1px;height:1px;display:inline\" \/><\/p>\n<p><strong>A torcida colorada, por\u00e9m, deixou o est\u00e1dio frustrada e vaiando o elenco. A equipe balan\u00e7ou as redes cedo e ficou em vantagem at\u00e9 o \u00faltimo lance da partida, aos 49 minutos do segundo tempo, quando cedeu a igualdade ao Le\u00e3o Azul.<\/strong><\/p>\n<p>\u00a0<\/p>\n<div class=\"dnd-widget-wrapper context-cheio_8colunas type-image\">\n<div class=\"dnd-atom-rendered\"><!-- scald=472023:cheio_8colunas --><br \/>\n            <img data-recalc-dims=\"1\" decoding=\"async\" src=\"https:\/\/i0.wp.com\/imagens.ebc.com.br\/a5yycgZET0QW2Rn4_D7gPcNdUe0%3D\/754x0\/smart\/https%3A\/\/agenciabrasil.ebc.com.br\/sites\/default\/files\/thumbnails\/image\/2026\/08\/17\/55471150221_785601fc11_k.jpg?w=696&#038;ssl=1\" alt=\"Jogadores do Internacional lamentam o empate com o Remo, no Beira-Rio, em Porto Alegre, na 23a rodada do Brasileir\u00e3o\" title=\"Ricardo Duarte\/Internacional\" \/><br \/>\n        <img data-recalc-dims=\"1\" decoding=\"async\" src=\"https:\/\/i0.wp.com\/imagens.ebc.com.br\/a5yycgZET0QW2Rn4_D7gPcNdUe0%3D\/754x0\/smart\/https%3A\/\/agenciabrasil.ebc.com.br\/sites\/default\/files\/thumbnails\/image\/2026\/08\/17\/55471150221_785601fc11_k.jpg?w=696&#038;ssl=1\" alt=\"Jogadores do Internacional lamentam o empate com o Remo, no Beira-Rio, em Porto Alegre, na 23a rodada do Brasileir\u00e3o\" title=\"Ricardo Duarte\/Internacional\" \/><br \/>\n    <!-- END scald=472023 --><\/div>\n<div class=\"dnd-caption-wrapper\">\n<p><!--copyright=472023-->Jogadores do Internacional lamentam o empate com o Remo, no Beira-Rio, em Porto Alegre, na 23\u00aa rodada do Brasileir\u00e3o &#8211; <strong>Ricardo Duarte\/Internacional<\/strong><!--END copyright=472023--><\/p>\n<\/div>\n<\/div>\n<p>Sem vencer pelo Brasileir\u00e3o desde 16 de maio, o Inter foi a 24 pontos e ganhou uma posi\u00e7\u00e3o, agora em 16\u00ba lugar. Pior para o Mirassol, com 23 pontos, que entrou na zona de rebaixamento, na 17\u00aa coloca\u00e7\u00e3o. O Remo possui a mesma pontua\u00e7\u00e3o do time paulista, mas fica atr\u00e1s, em 18\u00ba, por ter uma vit\u00f3ria a menos.<\/p>\n<p>O Inter abriu o marcador aos dois minutos do primeiro tempo. O lateral Matheus Bahia foi lan\u00e7ado na esquerda e cruzou a meia altura para o atacante Johan Carbonero bater de primeira e acertar o canto esquerdo do goleiro Marcelo Rangel.<\/p>\n<p>A etapa final foi marcada por muitos erros de passe de ambos os lados. O Remo aproveitou o recuo do Inter e se lan\u00e7ou ao ataque. No \u00faltimo lance da partida, o meia Vitor Bueno cobrou falta da intermedi\u00e1ria, a bola desviou no atacante Alerrandro e foi para as redes, evitando o rev\u00e9s para os paraenses.<\/p>\n<p><strong>Os dois times voltam a campo neste s\u00e1bado (22). O Remo vai ao Rio de Janeiro e abre a 24\u00aa rodada contra o Fluminense no Maracan\u00e3, \u00e0s 16h (hor\u00e1rio de Bras\u00edlia). Em seguida, \u00e0s 18h30, o Inter recebe o Atl\u00e9tico-MG no Beira-Rio.<\/strong><\/p>\n<p>\u00a0<\/p>\n<p>      <!-- Relacionada --><br \/>\n            <!-- Relacionada -->\n    <\/div>\n<p><br \/>\n<br \/><a href=\"https:\/\/agenciabrasil.ebc.com.br\/esportes\/noticia\/2026-08\/remo-empata-no-ultimo-lance-mas-inter-deixa-zona-de-rebaixamento\" rel=\"noopener\">Informa\u00e7\u00f5es com a Ag\u00eancia Brasil<\/a><\/p>\n","protected":false},"excerpt":{"rendered":"<p>A partida que finalizou a 23\u00aa rodada do Campeonato Brasileiro promoveu uma mudan\u00e7a na zona de rebaixamento. Nesta segunda-feira (17), o Internacional empatou por 1 a 1 com o Remo no Beira-Rio, em Porto Alegre, e saiu do grupo que re\u00fane as quatro piores campanhas da competi\u00e7\u00e3o (o Z-4). A torcida colorada, por\u00e9m, deixou o [&hellip;]<\/p>\n","protected":false},"author":1,"featured_media":74759,"comment_status":"closed","ping_status":"open","sticky":false,"template":"","format":"standard","meta":{"_jetpack_newsletter_access":"","_jetpack_dont_email_post_to_subs":false,"_jetpack_newsletter_tier_id":0,"_jetpack_memberships_contains_paywalled_content":false,"_mbp_banners":[],"_jetpack_feature_clip_id":0,"_jetpack_memberships_contains_paid_content":false,"footnotes":"","jetpack_publicize_message":"","jetpack_publicize_feature_enabled":true,"jetpack_social_post_already_shared":true,"jetpack_social_options":{"image_generator_settings":{"template":"highway","default_image_id":0,"font":"","enabled":false},"version":2},"jetpack_post_was_ever_published":false},"categories":[22],"tags":[],"class_list":["post-74758","post","type-post","status-publish","format-standard","has-post-thumbnail","category-nacional"],"jetpack_publicize_connections":[],"jetpack-related-posts":[],"jetpack_shortlink":"https:\/\/wp.me\/p7Eq1F-jrM","jetpack_sharing_enabled":true,"jetpack_featured_media_url":"https:\/\/i0.wp.com\/guialimeira.com.br\/news\/wp-content\/uploads\/2026\/08\/55470165492_66f9fa1e90_k.jpg?fit=1600%2C800&ssl=1","_links":{"self":[{"href":"https:\/\/guialimeira.com.br\/news\/wp-json\/wp\/v2\/posts\/74758","targetHints":{"allow":["GET"]}}],"collection":[{"href":"https:\/\/guialimeira.com.br\/news\/wp-json\/wp\/v2\/posts"}],"about":[{"href":"https:\/\/guialimeira.com.br\/news\/wp-json\/wp\/v2\/types\/post"}],"author":[{"embeddable":true,"href":"https:\/\/guialimeira.com.br\/news\/wp-json\/wp\/v2\/users\/1"}],"replies":[{"embeddable":true,"href":"https:\/\/guialimeira.com.br\/news\/wp-json\/wp\/v2\/comments?post=74758"}],"version-history":[{"count":1,"href":"https:\/\/guialimeira.com.br\/news\/wp-json\/wp\/v2\/posts\/74758\/revisions"}],"predecessor-version":[{"id":74760,"href":"https:\/\/guialimeira.com.br\/news\/wp-json\/wp\/v2\/posts\/74758\/revisions\/74760"}],"wp:featuredmedia":[{"embeddable":true,"href":"https:\/\/guialimeira.com.br\/news\/wp-json\/wp\/v2\/media\/74759"}],"wp:attachment":[{"href":"https:\/\/guialimeira.com.br\/news\/wp-json\/wp\/v2\/media?parent=74758"}],"wp:term":[{"taxonomy":"category","embeddable":true,"href":"https:\/\/guialimeira.com.br\/news\/wp-json\/wp\/v2\/categories?post=74758"},{"taxonomy":"post_tag","embeddable":true,"href":"https:\/\/guialimeira.com.br\/news\/wp-json\/wp\/v2\/tags?post=74758"}],"curies":[{"name":"wp","href":"https:\/\/api.w.org\/{rel}","templated":true}]}}