{"id":74745,"date":"2026-08-17T20:10:51","date_gmt":"2026-08-17T23:10:51","guid":{"rendered":"https:\/\/guialimeira.com.br\/?p=74745"},"modified":"2026-08-17T20:10:51","modified_gmt":"2026-08-17T23:10:51","slug":"dino-determina-afastamento-do-presidente-do-tce-do-maranhao","status":"publish","type":"post","link":"https:\/\/guialimeira.com.br\/news\/dino-determina-afastamento-do-presidente-do-tce-do-maranhao\/","title":{"rendered":"Dino determina afastamento do presidente do TCE do Maranh\u00e3o"},"content":{"rendered":"<p> <br \/>\n<\/p>\n<div>\n<p>O ministro Fl\u00e1vio Dino, do Supremo Tribunal Federal (STF), determinou o afastamento do presidente do Tribunal de Contas do Maranh\u00e3o (TCE-MA), Daniel Brand\u00e3o, pelo prazo de 180 dias.<img data-recalc-dims=\"1\" decoding=\"async\" src=\"https:\/\/i0.wp.com\/agenciabrasil.ebc.com.br\/ebc.png?w=696&#038;ssl=1\" style=\"width:1px;height:1px;display:inline\" \/><img data-recalc-dims=\"1\" decoding=\"async\" src=\"https:\/\/i0.wp.com\/agenciabrasil.ebc.com.br\/ebc.gif?w=696&#038;ssl=1\" style=\"width:1px;height:1px;display:inline\" \/><\/p>\n<p>Pela decis\u00e3o, Brand\u00e3o tamb\u00e9m est\u00e1 proibido de ter acesso \u00e0s depend\u00eancias f\u00edsicas e aos sistemas eletr\u00f4nicos do \u00f3rg\u00e3o, frequentar eventos p\u00fablicos ou privados em raz\u00e3o do cargo, usar bens do tribunal e de ter contato com o governador do estado, Carlos Brand\u00e3o, de quem \u00e9 sobrinho, e com o ex-secret\u00e1rio estadual Raimundo Cutrim.<\/p>\n<p><strong>O afastamento foi determinado no \u00e2mbito da investiga\u00e7\u00e3o que apura o assassinato do empres\u00e1rio Jo\u00e3o Bosco Sobrinho, em 2022<\/strong>, que teria ocorrido pelo suposto descordo na distribui\u00e7\u00e3o de propina em contratos do governo estadual.\u00a0<\/p>\n<p>Segundo as investiga\u00e7\u00f5es, Daniel Brand\u00e3o teria participado de uma reuni\u00e3o que culminou no assassinato do empres\u00e1rio, mas teve o nome ocultado da apura\u00e7\u00e3o realizada preliminarmente pela Pol\u00edcia Civil.\u00a0<\/p>\n<p><strong>No entendimento de Fl\u00e1vio Dino, o afastamento do presidente do cargo \u00e9 necess\u00e1rio para preservar as investiga\u00e7\u00f5es<\/strong>.<\/p>\n<p>&#8220;As investiga\u00e7\u00f5es trazem s\u00e9rios elementos de prova de que, desde o momento do crime at\u00e9 os dias atuais, o grupo investigado tem lan\u00e7ado m\u00e3o de todas as a\u00e7\u00f5es ao seu alcance para blindar a identifica\u00e7\u00e3o de Daniel Brand\u00e3o em tal investiga\u00e7\u00e3o&#8221;, justificou o ministro.<\/p>\n<p>\u00a0<\/p>\n<div class=\"dnd-widget-wrapper context-cheio_8colunas type-image\">\n<div class=\"dnd-atom-rendered\"><!-- scald=472013:cheio_8colunas --><br \/>\n            <img data-recalc-dims=\"1\" decoding=\"async\" src=\"https:\/\/i0.wp.com\/imagens.ebc.com.br\/MKcoiWBQVMs0Kn9gCjNyodTuT70%3D\/754x0\/smart\/https%3A\/\/agenciabrasil.ebc.com.br\/sites\/default\/files\/thumbnails\/image\/2026\/08\/17\/sem_titulo_0.jpg?w=696&#038;ssl=1\" alt=\"Daniel Brand\u00e3o, presidente afastado do Tribunal de Contas do Maranh\u00e3o \u2014 Foto: Divulga\u00e7\u00e3o\/TCE-MA\" title=\"Divulga\u00e7\u00e3o\/TCE-MA\" \/><br \/>\n        <img data-recalc-dims=\"1\" decoding=\"async\" src=\"https:\/\/i0.wp.com\/imagens.ebc.com.br\/MKcoiWBQVMs0Kn9gCjNyodTuT70%3D\/754x0\/smart\/https%3A\/\/agenciabrasil.ebc.com.br\/sites\/default\/files\/thumbnails\/image\/2026\/08\/17\/sem_titulo_0.jpg?w=696&#038;ssl=1\" alt=\"Daniel Brand\u00e3o, presidente afastado do Tribunal de Contas do Maranh\u00e3o \u2014 Foto: Divulga\u00e7\u00e3o\/TCE-MA\" title=\"Divulga\u00e7\u00e3o\/TCE-MA\" \/><br \/>\n    <!-- END scald=472013 --><\/div>\n<p><h6 class=\"meta\"><!--copyright=472013-->Daniel Brand\u00e3o, presidente afastado do Tribunal de Contas do Maranh\u00e3o \u2014 Foto: <strong>Divulga\u00e7\u00e3o\/TCE-MA<\/strong><!--END copyright=472013--><\/h6>\n<\/p>\n<\/div>\n<h2>Defesa<\/h2>\n<p>Em nota, Daniel Brand\u00e3o disse que recebeu &#8220;com profunda perplexidade&#8221; a not\u00edcia sobre seu afastamento. Ele tamb\u00e9m afirmou que vai demonstrar a &#8220;verdade dos fatos&#8221;.<\/p>\n<p>&#8220;Desde o in\u00edcio, sempre estive e continuo inteiramente \u00e0 disposi\u00e7\u00e3o das autoridades e do Poder Judici\u00e1rio para prestar quaisquer esclarecimentos que se fa\u00e7am necess\u00e1rios, tendo, inclusive, peticionado espontaneamente nos autos, colocando-me \u00e0 disposi\u00e7\u00e3o para ser ouvido&#8221;, afirmou.<\/p>\n<p>A defesa do governador do Maranh\u00e3o, Carlos Brand\u00e3o, disse que Fl\u00e1vio Dino n\u00e3o tem compet\u00eancia legal para julgar o caso, atribui\u00e7\u00e3o que seria do Superior Tribunal de Justi\u00e7a (STJ).<\/p>\n<p>Al\u00e9m disso, os advogados afirmaram que n\u00e3o tiveram acesso \u00e0 investiga\u00e7\u00e3o.<\/p>\n<p>&#8220;A defesa, que h\u00e1 mais de um ano tenta sem \u00eaxito acesso \u00e0s investiga\u00e7\u00f5es sigilosas, examinar\u00e1 oportunamente os atos praticados e adotar\u00e1 todas as medidas constitucionais e legais cab\u00edveis para restaurar as garantias do juiz natural, do devido processo legal, do contradit\u00f3rio, da ampla defesa e do sistema acusat\u00f3rio&#8221;, disse a defesa.<\/p>\n<p>      <!-- Relacionada --><\/p>\n<p>            <!-- Relacionada -->\n    <\/div>\n<p><br \/>\n<br \/><a href=\"https:\/\/agenciabrasil.ebc.com.br\/justica\/noticia\/2026-08\/dino-determina-afastamento-do-presidente-do-tce-do-maranhao\" rel=\"noopener\">Informa\u00e7\u00f5es com a Ag\u00eancia Brasil<\/a><\/p>\n","protected":false},"excerpt":{"rendered":"<p>O ministro Fl\u00e1vio Dino, do Supremo Tribunal Federal (STF), determinou o afastamento do presidente do Tribunal de Contas do Maranh\u00e3o (TCE-MA), Daniel Brand\u00e3o, pelo prazo de 180 dias. Pela decis\u00e3o, Brand\u00e3o tamb\u00e9m est\u00e1 proibido de ter acesso \u00e0s depend\u00eancias f\u00edsicas e aos sistemas eletr\u00f4nicos do \u00f3rg\u00e3o, frequentar eventos p\u00fablicos ou privados em raz\u00e3o do cargo, [&hellip;]<\/p>\n","protected":false},"author":1,"featured_media":74746,"comment_status":"closed","ping_status":"open","sticky":false,"template":"","format":"standard","meta":{"_jetpack_newsletter_access":"","_jetpack_dont_email_post_to_subs":false,"_jetpack_newsletter_tier_id":0,"_jetpack_memberships_contains_paywalled_content":false,"_mbp_banners":[],"_jetpack_feature_clip_id":0,"_jetpack_memberships_contains_paid_content":false,"footnotes":"","jetpack_publicize_message":"","jetpack_publicize_feature_enabled":true,"jetpack_social_post_already_shared":true,"jetpack_social_options":{"image_generator_settings":{"template":"highway","default_image_id":0,"font":"","enabled":false},"version":2},"jetpack_post_was_ever_published":false},"categories":[22],"tags":[],"class_list":["post-74745","post","type-post","status-publish","format-standard","has-post-thumbnail","category-nacional"],"jetpack_publicize_connections":[],"jetpack-related-posts":[],"jetpack_shortlink":"https:\/\/wp.me\/p7Eq1F-jrz","jetpack_sharing_enabled":true,"jetpack_featured_media_url":"https:\/\/i0.wp.com\/guialimeira.com.br\/news\/wp-content\/uploads\/2026\/08\/0d7a7576.jpg.jpg?fit=1600%2C800&ssl=1","_links":{"self":[{"href":"https:\/\/guialimeira.com.br\/news\/wp-json\/wp\/v2\/posts\/74745","targetHints":{"allow":["GET"]}}],"collection":[{"href":"https:\/\/guialimeira.com.br\/news\/wp-json\/wp\/v2\/posts"}],"about":[{"href":"https:\/\/guialimeira.com.br\/news\/wp-json\/wp\/v2\/types\/post"}],"author":[{"embeddable":true,"href":"https:\/\/guialimeira.com.br\/news\/wp-json\/wp\/v2\/users\/1"}],"replies":[{"embeddable":true,"href":"https:\/\/guialimeira.com.br\/news\/wp-json\/wp\/v2\/comments?post=74745"}],"version-history":[{"count":1,"href":"https:\/\/guialimeira.com.br\/news\/wp-json\/wp\/v2\/posts\/74745\/revisions"}],"predecessor-version":[{"id":74747,"href":"https:\/\/guialimeira.com.br\/news\/wp-json\/wp\/v2\/posts\/74745\/revisions\/74747"}],"wp:featuredmedia":[{"embeddable":true,"href":"https:\/\/guialimeira.com.br\/news\/wp-json\/wp\/v2\/media\/74746"}],"wp:attachment":[{"href":"https:\/\/guialimeira.com.br\/news\/wp-json\/wp\/v2\/media?parent=74745"}],"wp:term":[{"taxonomy":"category","embeddable":true,"href":"https:\/\/guialimeira.com.br\/news\/wp-json\/wp\/v2\/categories?post=74745"},{"taxonomy":"post_tag","embeddable":true,"href":"https:\/\/guialimeira.com.br\/news\/wp-json\/wp\/v2\/tags?post=74745"}],"curies":[{"name":"wp","href":"https:\/\/api.w.org\/{rel}","templated":true}]}}