{"id":74710,"date":"2026-08-17T11:00:05","date_gmt":"2026-08-17T14:00:05","guid":{"rendered":"https:\/\/guialimeira.com.br\/?p=74710"},"modified":"2026-08-17T11:00:05","modified_gmt":"2026-08-17T14:00:05","slug":"mercado-mantem-estaveis-projecoes-para-inflacao-juros-pib-e-dolar","status":"publish","type":"post","link":"https:\/\/guialimeira.com.br\/news\/mercado-mantem-estaveis-projecoes-para-inflacao-juros-pib-e-dolar\/","title":{"rendered":"Mercado mant\u00e9m est\u00e1veis proje\u00e7\u00f5es para infla\u00e7\u00e3o, juros, PIB e d\u00f3lar"},"content":{"rendered":"<p> <br \/>\n<\/p>\n<div>\n<p><strong>As expectativas do mercado financeiro para a infla\u00e7\u00e3o, a taxa b\u00e1sica de juros, o crescimento da economia e c\u00e2mbio permaneceram est\u00e1veis na compara\u00e7\u00e3o com a semana passada, segundo o Boletim Focus divulgado nesta segunda-feira (17) pelo Banco Central.<\/strong><img data-recalc-dims=\"1\" decoding=\"async\" src=\"https:\/\/i0.wp.com\/agenciabrasil.ebc.com.br\/ebc.png?w=696&#038;ssl=1\" style=\"width:1px;height:1px;display:inline\" \/><img data-recalc-dims=\"1\" decoding=\"async\" src=\"https:\/\/i0.wp.com\/agenciabrasil.ebc.com.br\/ebc.gif?w=696&#038;ssl=1\" style=\"width:1px;height:1px;display:inline\" \/><\/p>\n<p><strong>Para 2026, a proje\u00e7\u00e3o para a infla\u00e7\u00e3o oficial medida pelo \u00cdndice Nacional de Pre\u00e7os ao Consumidor Amplo (IPCA) foi mantida em 5,02%.<\/strong> A estimativa para o crescimento do Produto Interno Bruto (PIB) tamb\u00e9m permaneceu em 1,98%. <strong>As proje\u00e7\u00f5es para o d\u00f3lar ao fim do ano e para a taxa b\u00e1sica de juros (Selic) seguiram em R$ 5,20 e 13,75% ao ano, respectivamente.<\/strong><\/p>\n<p>O cen\u00e1rio reflete estabilidade nas expectativas para os principais indicadores acompanhados pelo mercado financeiro.<\/p>\n<p>A proje\u00e7\u00e3o para a infla\u00e7\u00e3o continua acima da meta cont\u00ednua perseguida pelo Banco Central. Para alcan\u00e7\u00e1-la, a autoridade monet\u00e1ria utiliza como principal instrumento a taxa Selic, definida pelo Comit\u00ea de Pol\u00edtica Monet\u00e1ria (Copom).<\/p>\n<p>Quando o Copom aumenta a taxa b\u00e1sica de juros, o objetivo \u00e9 conter a demanda aquecida, medida que ajuda a reduzir a infla\u00e7\u00e3o porque os juros mais altos encarecem o cr\u00e9dito e estimulam a poupan\u00e7a. Por outro lado, taxas elevadas podem dificultar a expans\u00e3o da atividade econ\u00f4mica.<\/p>\n<h2>2027<\/h2>\n<p>J\u00e1 a previs\u00e3o de crescimento do PIB indica a expectativa do mercado para o desempenho da economia brasileira. O indicador representa a soma de todos os bens e servi\u00e7os produzidos no pa\u00eds.<\/p>\n<p>O boletim tamb\u00e9m mostrou pequenas altera\u00e7\u00f5es nas estimativas para 2027.<strong> A proje\u00e7\u00e3o para o IPCA passou de 4,22% para 4,24%, enquanto a previs\u00e3o de crescimento do PIB recuou de 1,52% para 1,50%. A estimativa para o d\u00f3lar subiu de R$ 5,28 para R$ 5,29. A expectativa para a Selic permaneceu em 12% ao ano.<\/strong><\/p>\n<p>Divulgado semanalmente pelo Banco Central, o Relat\u00f3rio Focus re\u00fane proje\u00e7\u00f5es de institui\u00e7\u00f5es financeiras para os principais indicadores da economia brasileira.<\/p>\n<h2>IBGE<\/h2>\n<p>A infla\u00e7\u00e3o oficial perdeu for\u00e7a pelo quarto m\u00eas consecutivo e ficou em 0,07% em julho, segundo o Instituto Brasileiro de Geografia Estat\u00edstica (IBGE). <strong>Com o resultado, o IPCA acumula alta de 4,44% em 12 meses, retornando ao intervalo da meta cont\u00ednua de infla\u00e7\u00e3o, fixada em 3%, com toler\u00e2ncia de 1,5 ponto percentual para mais ou para menos.<\/strong><\/p>\n<p>      <!-- Relacionada --><\/p>\n<p>            <!-- Relacionada -->\n    <\/div>\n<p><br \/>\n<br \/><a href=\"https:\/\/agenciabrasil.ebc.com.br\/economia\/noticia\/2026-08\/mercado-mantem-estaveis-projecoes-para-inflacao-juros-pib-e-dolar\" rel=\"noopener\">Informa\u00e7\u00f5es com a Ag\u00eancia Brasil<\/a><\/p>\n","protected":false},"excerpt":{"rendered":"<p>As expectativas do mercado financeiro para a infla\u00e7\u00e3o, a taxa b\u00e1sica de juros, o crescimento da economia e c\u00e2mbio permaneceram est\u00e1veis na compara\u00e7\u00e3o com a semana passada, segundo o Boletim Focus divulgado nesta segunda-feira (17) pelo Banco Central. Para 2026, a proje\u00e7\u00e3o para a infla\u00e7\u00e3o oficial medida pelo \u00cdndice Nacional de Pre\u00e7os ao Consumidor Amplo [&hellip;]<\/p>\n","protected":false},"author":1,"featured_media":72722,"comment_status":"closed","ping_status":"open","sticky":false,"template":"","format":"standard","meta":{"_jetpack_newsletter_access":"","_jetpack_dont_email_post_to_subs":false,"_jetpack_newsletter_tier_id":0,"_jetpack_memberships_contains_paywalled_content":false,"_mbp_banners":[],"_jetpack_feature_clip_id":0,"_jetpack_memberships_contains_paid_content":false,"footnotes":"","jetpack_publicize_message":"","jetpack_publicize_feature_enabled":true,"jetpack_social_post_already_shared":true,"jetpack_social_options":{"image_generator_settings":{"template":"highway","default_image_id":0,"font":"","enabled":false},"version":2},"jetpack_post_was_ever_published":false},"categories":[22],"tags":[],"class_list":["post-74710","post","type-post","status-publish","format-standard","has-post-thumbnail","category-nacional"],"jetpack_publicize_connections":[],"jetpack-related-posts":[],"jetpack_shortlink":"https:\/\/wp.me\/p7Eq1F-jr0","jetpack_sharing_enabled":true,"jetpack_featured_media_url":"https:\/\/i0.wp.com\/guialimeira.com.br\/news\/wp-content\/uploads\/2026\/07\/img_7609_1.jpg?fit=1600%2C800&ssl=1","_links":{"self":[{"href":"https:\/\/guialimeira.com.br\/news\/wp-json\/wp\/v2\/posts\/74710","targetHints":{"allow":["GET"]}}],"collection":[{"href":"https:\/\/guialimeira.com.br\/news\/wp-json\/wp\/v2\/posts"}],"about":[{"href":"https:\/\/guialimeira.com.br\/news\/wp-json\/wp\/v2\/types\/post"}],"author":[{"embeddable":true,"href":"https:\/\/guialimeira.com.br\/news\/wp-json\/wp\/v2\/users\/1"}],"replies":[{"embeddable":true,"href":"https:\/\/guialimeira.com.br\/news\/wp-json\/wp\/v2\/comments?post=74710"}],"version-history":[{"count":1,"href":"https:\/\/guialimeira.com.br\/news\/wp-json\/wp\/v2\/posts\/74710\/revisions"}],"predecessor-version":[{"id":74711,"href":"https:\/\/guialimeira.com.br\/news\/wp-json\/wp\/v2\/posts\/74710\/revisions\/74711"}],"wp:featuredmedia":[{"embeddable":true,"href":"https:\/\/guialimeira.com.br\/news\/wp-json\/wp\/v2\/media\/72722"}],"wp:attachment":[{"href":"https:\/\/guialimeira.com.br\/news\/wp-json\/wp\/v2\/media?parent=74710"}],"wp:term":[{"taxonomy":"category","embeddable":true,"href":"https:\/\/guialimeira.com.br\/news\/wp-json\/wp\/v2\/categories?post=74710"},{"taxonomy":"post_tag","embeddable":true,"href":"https:\/\/guialimeira.com.br\/news\/wp-json\/wp\/v2\/tags?post=74710"}],"curies":[{"name":"wp","href":"https:\/\/api.w.org\/{rel}","templated":true}]}}