{"id":7462,"date":"2024-06-04T18:28:49","date_gmt":"2024-06-04T21:28:49","guid":{"rendered":"https:\/\/guialimeira.com.br\/2024\/06\/04\/governo-do-estado-inicia-fase-vermelha-da-operacao-sp-sem-fogo-contra-incendio-em-matas\/"},"modified":"2024-06-04T18:28:49","modified_gmt":"2024-06-04T21:28:49","slug":"governo-do-estado-inicia-fase-vermelha-da-operacao-sp-sem-fogo-contra-incendio-em-matas","status":"publish","type":"post","link":"https:\/\/guialimeira.com.br\/news\/governo-do-estado-inicia-fase-vermelha-da-operacao-sp-sem-fogo-contra-incendio-em-matas\/","title":{"rendered":"Governo do Estado inicia fase vermelha da opera\u00e7\u00e3o SP Sem Fogo contra inc\u00eandio em matas"},"content":{"rendered":"<p> <br \/>\n<\/p>\n<div id=\"\">&#13;<br \/>\n                                <!-- Title -->&#13;<br \/>\n                                &#13;<br \/>\n&#13;<br \/>\n                                <!-- Excerpt -->&#13;<\/p>\n<p class=\"excerpt\">Largada da principal etapa da iniciativa foi feita no Parque Estadual do Juquery, palco de um inc\u00eandio de grandes propor\u00e7\u00f5es em 2021<\/p>\n<p>&#13;<br \/>\n&#13;<br \/>\n                                &#13;\n                            <\/p><\/div>\n<div id=\"\">&#13;<\/p>\n<figure id=\"attachment_5896223\" style=\"width: 100%;max-width: 2560px\" class=\"wp-caption alignnone\"><img data-recalc-dims=\"1\" decoding=\"async\" loading=\"lazy\" class=\"wp-image-5896223 size-full\" src=\"https:\/\/i0.wp.com\/www.saopaulo.sp.gov.br\/wp-content\/uploads\/2024\/06\/image00004-scaled.jpeg?resize=696%2C464&#038;ssl=1\" alt=\"SP Sem Fogo\" width=\"696\" height=\"464\" srcset=\"https:\/\/www.saopaulo.sp.gov.br\/wp-content\/uploads\/2024\/06\/image00004-scaled.jpeg 2560w, https:\/\/www.saopaulo.sp.gov.br\/wp-content\/uploads\/2024\/06\/image00004-300x200.jpeg 300w, https:\/\/www.saopaulo.sp.gov.br\/wp-content\/uploads\/2024\/06\/image00004-1024x683.jpeg 1024w, https:\/\/www.saopaulo.sp.gov.br\/wp-content\/uploads\/2024\/06\/image00004-768x512.jpeg 768w, https:\/\/www.saopaulo.sp.gov.br\/wp-content\/uploads\/2024\/06\/image00004-1536x1024.jpeg 1536w, https:\/\/www.saopaulo.sp.gov.br\/wp-content\/uploads\/2024\/06\/image00004-2048x1365.jpeg 2048w\" sizes=\"auto, (max-width: 2560px) 100vw, 2560px\"\/><figcaption class=\"wp-caption-text\">Lan\u00e7amento da opera\u00e7\u00e3o SP Sem Fogo<\/figcaption><\/figure>\n<p>O Governo de S\u00e3o Paulo deu in\u00edcio nesta ter\u00e7a-feira (4) \u00e0 fase vermelha da Opera\u00e7\u00e3o SP Sem Fogo. A a\u00e7\u00e3o intensifica os trabalhos para<a href=\"https:\/\/www.saopaulo.sp.gov.br\/spnoticias\/ultimas-noticias\/governo-de-sp-inicia-treinamentos-para-operacao-sp-sem-fogo\/\" rel=\"noopener\"> prevenir e combater focos de inc\u00eandio<\/a> em \u00e1reas de mata durante o per\u00edodo mais seco do ano, que vai de junho a outubro.<\/p>\n<p>Para marcar o in\u00edcio da principal fase da opera\u00e7\u00e3o, a gest\u00e3o paulista promoveu um Dia de Campo no Parque Estadual do Juquery, em Franco da Rocha, na regi\u00e3o metropolitana de S\u00e3o Paulo, para a apresenta\u00e7\u00e3o de a\u00e7\u00f5es, equipamentos e atividades de conscientiza\u00e7\u00e3o de riscos e impactos causados pelo fogo. O local foi cen\u00e1rio de um grande inc\u00eandio em 2021, ap\u00f3s a queda de um bal\u00e3o.<\/p>\n<p>Ao todo, a SP Sem Fogo mobiliza 4,7 mil profissionais, entre bombeiros militares, civis, PMs ambientais, agentes da Defesa Civil, brigadistas, volunt\u00e1rios e parceiros. H\u00e1 ainda 1,5 mil equipamentos \u00e0 disposi\u00e7\u00e3o, com investimento estadual de R$ 72,9 milh\u00f5es em aquisi\u00e7\u00e3o de materiais e refor\u00e7o de pessoal.<\/p>\n<p>Para a fase vermelha da opera\u00e7\u00e3o, a Secretaria de Meio Ambiente, Infraestrutura e Log\u00edstica (Semil), por meio da Funda\u00e7\u00e3o Florestal, contratou temporariamente 114 bombeiros civis para atua\u00e7\u00e3o em unidades de conserva\u00e7\u00e3o at\u00e9 novembro. Tamb\u00e9m houve aquisi\u00e7\u00e3o de equipamentos de prote\u00e7\u00e3o individual (EPI), como cal\u00e7as, gandolas, botas antichamas, m\u00e1scaras, luvas e \u00f3culos.\u200b<\/p>\n<p>A pasta ainda comprou cinco novos tratores, 27 ro\u00e7adeiras, seis cabines de trator, cinco plainas dianteiras e cinco l\u00e2minas traseiras de arrasto, al\u00e9m de sete novos kits de tanque r\u00edgido e motobomba para o combate inicial aos focos de inc\u00eandio.<\/p>\n<p>J\u00e1 a Secretaria da Seguran\u00e7a P\u00fablica comprou 80 novas viaturas para refor\u00e7ar a frota de quase 500 ve\u00edculos da PM Ambiental, que ter\u00e1 um efetivo de 1,7 mil agentes na opera\u00e7\u00e3o. O Corpo de Bombeiros tamb\u00e9m vai disponibilizar 800 agentes e 280 ve\u00edculos, al\u00e9m de 30 drones e 60 sopradores a combust\u00e3o rec\u00e9m-adquiridos.<\/p>\n<p>A Defesa Civil do Estado tamb\u00e9m contratou 1.220 horas de voo de avi\u00f5es de asa-fixa para combate a\u00e9reo a inc\u00eandios em diferentes regi\u00f5es do territ\u00f3rio paulista. Em maio, <a href=\"https:\/\/www.saopaulo.sp.gov.br\/spnoticias\/ultimas-noticias\/defesa-civil-de-sp-atua-na-prevencao-de-queimadas-e-alerta-para-riscos-de-incendio\/\" rel=\"noopener\">o \u00f3rg\u00e3o ainda promoveu oficinas de treinamento<\/a> para cerca de 2 mil pessoas, entre volunt\u00e1rios, agentes municipais de Defesa Civil e pequenos e m\u00e9dios agricultores.<\/p>\n<figure id=\"attachment_5896227\" style=\"width: 100%;max-width: 2560px\" class=\"wp-caption alignnone\"><img data-recalc-dims=\"1\" decoding=\"async\" loading=\"lazy\" class=\"wp-image-5896227 size-full\" src=\"https:\/\/i0.wp.com\/www.saopaulo.sp.gov.br\/wp-content\/uploads\/2024\/06\/image00011-scaled.jpeg?resize=696%2C432&#038;ssl=1\" alt=\"SP Sem Fogo\" width=\"696\" height=\"432\" srcset=\"https:\/\/www.saopaulo.sp.gov.br\/wp-content\/uploads\/2024\/06\/image00011-scaled.jpeg 2560w, https:\/\/www.saopaulo.sp.gov.br\/wp-content\/uploads\/2024\/06\/image00011-300x186.jpeg 300w, https:\/\/www.saopaulo.sp.gov.br\/wp-content\/uploads\/2024\/06\/image00011-1024x635.jpeg 1024w, https:\/\/www.saopaulo.sp.gov.br\/wp-content\/uploads\/2024\/06\/image00011-768x476.jpeg 768w, https:\/\/www.saopaulo.sp.gov.br\/wp-content\/uploads\/2024\/06\/image00011-1536x953.jpeg 1536w, https:\/\/www.saopaulo.sp.gov.br\/wp-content\/uploads\/2024\/06\/image00011-2048x1271.jpeg 2048w\" sizes=\"auto, (max-width: 2560px) 100vw, 2560px\"\/><figcaption class=\"wp-caption-text\">Lan\u00e7amento da opera\u00e7\u00e3o SP Sem Fogo<\/figcaption><\/figure>\n<h3>Pol\u00edtica p\u00fablica permanente<\/h3>\n<p>Institu\u00edda pela gest\u00e3o Tarc\u00edsio de Freitas, a <a href=\"https:\/\/www.saopaulo.sp.gov.br\/spnoticias\/ultimas-noticias\/governo-de-sp-inicia-treinamentos-para-operacao-sp-sem-fogo\/\" rel=\"noopener\">opera\u00e7\u00e3o SP Sem Fogo<\/a> \u00e9 uma pol\u00edtica p\u00fablica permanente para reduzir e combater focos de inc\u00eandio durante o per\u00edodo de estiagem. A iniciativa \u00e9 uma parceria entre as Secretarias de Meio Ambiente, Infraestrutura e Log\u00edstica (Semil), por meio da Coordenadoria de Fiscaliza\u00e7\u00e3o e Biodiversidade (CFB), da Seguran\u00e7a P\u00fablica e da Defesa Civil do Estado, com apoio direto do Corpo de Bombeiros, Pol\u00edcia Militar Ambiental, Companhia Ambiental do Estado de S\u00e3o Paulo (Cetesb), Departamento de Estradas de Rodagem (DER), Funda\u00e7\u00e3o Florestal e Secretaria de Agricultura e Abastecimento.<\/p>\n<p>De acordo com o Painel Geoestat\u00edstico dos Inc\u00eandios Florestais em Unidades de Conserva\u00e7\u00e3o e \u00c1reas Protegidas, houve redu\u00e7\u00e3o de 86% nas \u00e1reas atingidas por inc\u00eandios em S\u00e3o Paulo em 2023, com 1.030 hectares, em rela\u00e7\u00e3o aos 7.181 hectares afetados pelo fogo no ano anterior. As a\u00e7\u00f5es da opera\u00e7\u00e3o em 2024 tamb\u00e9m contam com a participa\u00e7\u00e3o de 378 cidades, n\u00famero recorde.<\/p>\n<\/p><\/div>\n<p><br \/>\n<br \/><a href=\"https:\/\/www.saopaulo.sp.gov.br\/spnoticias\/ultimas-noticias\/governo-do-estado-inicia-fase-vermelha-da-operacao-sp-sem-fogo-contra-incendios-em-mata\/\" rel=\"noopener\">Informa\u00e7\u00f5es GOV.SP<\/a><\/p>\n","protected":false},"excerpt":{"rendered":"<p>&#13; &#13; &#13; &#13; &#13; Largada da principal etapa da iniciativa foi feita no Parque Estadual do Juquery, palco de um inc\u00eandio de grandes propor\u00e7\u00f5es em 2021 &#13; &#13; &#13; &#13; Lan\u00e7amento da opera\u00e7\u00e3o SP Sem Fogo O Governo de S\u00e3o Paulo deu in\u00edcio nesta ter\u00e7a-feira (4) \u00e0 fase vermelha da Opera\u00e7\u00e3o SP Sem Fogo. [&hellip;]<\/p>\n","protected":false},"author":1,"featured_media":7463,"comment_status":"open","ping_status":"open","sticky":false,"template":"","format":"standard","meta":{"_jetpack_newsletter_access":"","_jetpack_dont_email_post_to_subs":false,"_jetpack_newsletter_tier_id":0,"_jetpack_memberships_contains_paywalled_content":false,"_mbp_banners":[],"_jetpack_feature_clip_id":0,"_jetpack_memberships_contains_paid_content":false,"footnotes":"","jetpack_publicize_message":"","jetpack_publicize_feature_enabled":true,"jetpack_social_post_already_shared":true,"jetpack_social_options":{"image_generator_settings":{"template":"highway","default_image_id":0,"font":"","enabled":false},"version":2},"jetpack_post_was_ever_published":false},"categories":[21],"tags":[],"class_list":["post-7462","post","type-post","status-publish","format-standard","has-post-thumbnail","category-sp-news"],"jetpack_publicize_connections":[],"jetpack-related-posts":[],"jetpack_shortlink":"https:\/\/wp.me\/p7Eq1F-1Wm","jetpack_sharing_enabled":true,"jetpack_featured_media_url":"https:\/\/i0.wp.com\/guialimeira.com.br\/news\/wp-content\/uploads\/2024\/06\/Governo-do-Estado-inicia-fase-vermelha-da-operacao-SP-Sem.jpeg?fit=2560%2C1706&ssl=1","_links":{"self":[{"href":"https:\/\/guialimeira.com.br\/news\/wp-json\/wp\/v2\/posts\/7462","targetHints":{"allow":["GET"]}}],"collection":[{"href":"https:\/\/guialimeira.com.br\/news\/wp-json\/wp\/v2\/posts"}],"about":[{"href":"https:\/\/guialimeira.com.br\/news\/wp-json\/wp\/v2\/types\/post"}],"author":[{"embeddable":true,"href":"https:\/\/guialimeira.com.br\/news\/wp-json\/wp\/v2\/users\/1"}],"replies":[{"embeddable":true,"href":"https:\/\/guialimeira.com.br\/news\/wp-json\/wp\/v2\/comments?post=7462"}],"version-history":[{"count":0,"href":"https:\/\/guialimeira.com.br\/news\/wp-json\/wp\/v2\/posts\/7462\/revisions"}],"wp:featuredmedia":[{"embeddable":true,"href":"https:\/\/guialimeira.com.br\/news\/wp-json\/wp\/v2\/media\/7463"}],"wp:attachment":[{"href":"https:\/\/guialimeira.com.br\/news\/wp-json\/wp\/v2\/media?parent=7462"}],"wp:term":[{"taxonomy":"category","embeddable":true,"href":"https:\/\/guialimeira.com.br\/news\/wp-json\/wp\/v2\/categories?post=7462"},{"taxonomy":"post_tag","embeddable":true,"href":"https:\/\/guialimeira.com.br\/news\/wp-json\/wp\/v2\/tags?post=7462"}],"curies":[{"name":"wp","href":"https:\/\/api.w.org\/{rel}","templated":true}]}}