{"id":74606,"date":"2026-08-15T15:21:04","date_gmt":"2026-08-15T18:21:04","guid":{"rendered":"https:\/\/guialimeira.com.br\/to-na-fama-celebra-quatro-anos-com-festa-exclusiva-assinada-por-kitto-vieira-e-rose-rodrigues-e-reune-nomes-que-ajudaram-a-construir-sua-historia\/"},"modified":"2026-08-15T15:21:04","modified_gmt":"2026-08-15T18:21:04","slug":"to-na-fama-celebra-quatro-anos-com-festa-exclusiva-assinada-por-kitto-vieira-e-rose-rodrigues-e-reune-nomes-que-ajudaram-a-construir-sua-historia","status":"publish","type":"post","link":"https:\/\/guialimeira.com.br\/news\/to-na-fama-celebra-quatro-anos-com-festa-exclusiva-assinada-por-kitto-vieira-e-rose-rodrigues-e-reune-nomes-que-ajudaram-a-construir-sua-historia\/","title":{"rendered":"T\u00f4 Na Fama! celebra quatro anos com festa exclusiva assinada por Kitto Vieira e Rose Rodrigues e re\u00fane nomes que ajudaram a construir sua hist\u00f3ria"},"content":{"rendered":"<\/p>\n<p>Quatro anos de hist\u00f3ria merecem uma celebra\u00e7\u00e3o \u00e0 altura. E \u00e9 exatamente isso que o <strong>T\u00f4 Na Fama!<\/strong> prepara para o dia <strong>14 de outubro de 2026<\/strong>, em S\u00e3o Paulo. A data marcar\u00e1 uma grande festa em comemora\u00e7\u00e3o \u00e0 trajet\u00f3ria do projeto, em uma noite que promete reunir celebridades, artistas, influenciadores, empres\u00e1rios, jornalistas e importantes personalidades do entretenimento brasileiro.<\/p>\n<p>Com uma proposta sofisticada e exclusiva, o evento ter\u00e1 a realiza\u00e7\u00e3o de <strong>Kitto Vieira e Rose Rodrigues<\/strong>, que assumem a produ\u00e7\u00e3o da celebra\u00e7\u00e3o e prometem transformar o anivers\u00e1rio do T\u00f4 Na Fama! em uma experi\u00eancia marcada por eleg\u00e2ncia, encontros e muita personalidade.<\/p>\n<p>Mas a festa representa muito mais do que uma comemora\u00e7\u00e3o de anivers\u00e1rio. Ela simboliza quatro anos de uma hist\u00f3ria constru\u00edda por muitas m\u00e3os e que ganhou novos cap\u00edtulos ao longo do tempo.<\/p>\n<p>\u00c0 frente desse movimento est\u00e1 <strong>Thiago Michelasi<\/strong>, respons\u00e1vel por conduzir o T\u00f4 Na Fama! desde o in\u00edcio e por construir a identidade do projeto dentro do segmento de entretenimento. Ao longo dos anos, o programa e o portal passaram a acompanhar de perto os acontecimentos envolvendo celebridades, televis\u00e3o, m\u00fasica, eventos, influenciadores e personalidades de diferentes \u00e1reas.<\/p>\n<p>Uma das grandes viradas dessa trajet\u00f3ria aconteceu h\u00e1 dois anos, com a chegada de <strong>Wilker Manoel Soares<\/strong>. A parceria rapidamente ganhou for\u00e7a e Wilker passou a dividir com Thiago o comando do T\u00f4 Na Fama!, assumindo tamb\u00e9m a posi\u00e7\u00e3o de <strong>CEO ao lado de Thiago Michelasi e editor-chefe<\/strong>.<\/p>\n<p>A uni\u00e3o dos dois trouxe uma nova din\u00e2mica ao projeto, combinando experi\u00eancia, vis\u00e3o empresarial, comunica\u00e7\u00e3o e jornalismo. Juntos, Thiago e Wilker passaram a conduzir uma nova fase do T\u00f4 Na Fama!, ampliando sua atua\u00e7\u00e3o e fortalecendo a presen\u00e7a da marca no mercado de entretenimento.<\/p>\n<p>A hist\u00f3ria, entretanto, n\u00e3o \u00e9 feita apenas pelos nomes que est\u00e3o \u00e0 frente do comando. Desde o come\u00e7o, <strong>M\u00e1rcio Michelasi<\/strong> integra a equipe como <strong>rep\u00f3rter e editor do portal<\/strong>, participando diretamente da constru\u00e7\u00e3o editorial e da cobertura dos acontecimentos que movimentam o mundo dos famosos.<\/p>\n<p>Outro profissional que tamb\u00e9m faz parte dessa engrenagem \u00e9 o rep\u00f3rter <strong>Allan Borges<\/strong>, que atua na cobertura jornal\u00edstica e nos principais eventos acompanhados pelo T\u00f4 Na Fama!.<\/p>\n<p>\u00c9 justamente essa equipe que ajudou a transformar o projeto em uma plataforma de comunica\u00e7\u00e3o voltada ao universo das celebridades. Ao longo de quatro anos, o T\u00f4 Na Fama! construiu uma identidade marcada pela proximidade com artistas e personalidades, entrevistas, cobertura de eventos e not\u00edcias do mundo do entretenimento.<\/p>\n<p>A festa de outubro surge como uma esp\u00e9cie de grande encontro dessa hist\u00f3ria. A proposta \u00e9 reunir pessoas que passaram pelo caminho do projeto, profissionais que colaboraram com seu crescimento e personalidades que fazem parte do universo acompanhado diariamente pelo T\u00f4 Na Fama!.<\/p>\n<p><strong>Uma noite para celebrar uma hist\u00f3ria<\/strong><\/p>\n<p>A escolha de uma festa exclusiva refor\u00e7a o momento especial vivido pelo projeto. Em vez de apenas marcar mais um anivers\u00e1rio, a celebra\u00e7\u00e3o pretende apresentar o T\u00f4 Na Fama! em uma noite de gala, com convidados especiais e uma atmosfera dedicada ao entretenimento.<\/p>\n<p>A realiza\u00e7\u00e3o de <strong>Kitto Vieira e Rose Rodrigues<\/strong> acrescenta ao evento uma proposta de produ\u00e7\u00e3o diferenciada, enquanto Thiago Michelasi e Wilker Manoel Soares chegam \u00e0 comemora\u00e7\u00e3o representando uma trajet\u00f3ria constru\u00edda em conjunto.<\/p>\n<p>A expectativa \u00e9 de que a lista de convidados re\u00fana nomes conhecidos da televis\u00e3o, m\u00fasica, internet, moda, comunica\u00e7\u00e3o e neg\u00f3cios, transformando o evento em um dos encontros mais badalados do calend\u00e1rio do entretenimento em outubro.<\/p>\n<p>Para o T\u00f4 Na Fama!, completar quatro anos representa olhar para tudo o que j\u00e1 foi constru\u00eddo, mas tamb\u00e9m para aquilo que ainda est\u00e1 por vir.<\/p>\n<p>Entre c\u00e2meras, entrevistas, eventos, not\u00edcias e encontros com grandes personalidades, o projeto chega a 2026 celebrando uma hist\u00f3ria que continua em movimento.<\/p>\n<p>E no dia <strong>14 de outubro<\/strong>, essa hist\u00f3ria deixar\u00e1 novamente as telas para ganhar um endere\u00e7o especial: uma noite dedicada \u00e0queles que fazem parte do universo da fama e, principalmente, \u00e0 equipe que h\u00e1 quatro anos trabalha para contar essas hist\u00f3rias.<\/p>\n<p><strong>O T\u00f4 Na Fama! completa quatro anos. E a celebra\u00e7\u00e3o promete ser digna de quem transformou o entretenimento em uma hist\u00f3ria para contar.<\/strong><\/p>\n<p><\/p>\n","protected":false},"excerpt":{"rendered":"<p>Quatro anos de hist\u00f3ria merecem uma celebra\u00e7\u00e3o \u00e0 altura. E \u00e9 exatamente isso que o T\u00f4 Na Fama! prepara para o dia 14 de outubro de 2026, em S\u00e3o Paulo. A data marcar\u00e1 uma grande festa em comemora\u00e7\u00e3o \u00e0 trajet\u00f3ria do projeto, em uma noite que promete reunir celebridades, artistas, influenciadores, empres\u00e1rios, jornalistas e importantes [\u2026]<\/p>\n","protected":false},"author":5,"featured_media":0,"comment_status":"","ping_status":"open","sticky":false,"template":"","format":"standard","meta":{"_jetpack_newsletter_access":"","_jetpack_dont_email_post_to_subs":false,"_jetpack_newsletter_tier_id":0,"_jetpack_memberships_contains_paywalled_content":false,"_mbp_banners":[],"_jetpack_feature_clip_id":0,"_jetpack_memberships_contains_paid_content":false,"footnotes":"","jetpack_publicize_message":"","jetpack_publicize_feature_enabled":true,"jetpack_social_post_already_shared":true,"jetpack_social_options":{"image_generator_settings":{"template":"highway","default_image_id":0,"font":"","enabled":false},"version":2},"jetpack_post_was_ever_published":false},"categories":[],"tags":[],"class_list":["post-74606","post","type-post","status-publish","format-standard"],"jetpack_publicize_connections":[],"jetpack-related-posts":[],"jetpack_shortlink":"https:\/\/wp.me\/p7Eq1F-jpk","jetpack_sharing_enabled":true,"jetpack_featured_media_url":"","_links":{"self":[{"href":"https:\/\/guialimeira.com.br\/news\/wp-json\/wp\/v2\/posts\/74606","targetHints":{"allow":["GET"]}}],"collection":[{"href":"https:\/\/guialimeira.com.br\/news\/wp-json\/wp\/v2\/posts"}],"about":[{"href":"https:\/\/guialimeira.com.br\/news\/wp-json\/wp\/v2\/types\/post"}],"author":[{"embeddable":true,"href":"https:\/\/guialimeira.com.br\/news\/wp-json\/wp\/v2\/users\/5"}],"replies":[{"embeddable":true,"href":"https:\/\/guialimeira.com.br\/news\/wp-json\/wp\/v2\/comments?post=74606"}],"version-history":[{"count":0,"href":"https:\/\/guialimeira.com.br\/news\/wp-json\/wp\/v2\/posts\/74606\/revisions"}],"wp:attachment":[{"href":"https:\/\/guialimeira.com.br\/news\/wp-json\/wp\/v2\/media?parent=74606"}],"wp:term":[{"taxonomy":"category","embeddable":true,"href":"https:\/\/guialimeira.com.br\/news\/wp-json\/wp\/v2\/categories?post=74606"},{"taxonomy":"post_tag","embeddable":true,"href":"https:\/\/guialimeira.com.br\/news\/wp-json\/wp\/v2\/tags?post=74606"}],"curies":[{"name":"wp","href":"https:\/\/api.w.org\/{rel}","templated":true}]}}