{"id":7459,"date":"2024-06-04T18:23:49","date_gmt":"2024-06-04T21:23:49","guid":{"rendered":"https:\/\/guialimeira.com.br\/2024\/06\/04\/governo-do-rio-homologa-e-publica-concessao-do-complexo-maracana\/"},"modified":"2024-06-04T18:23:49","modified_gmt":"2024-06-04T21:23:49","slug":"governo-do-rio-homologa-e-publica-concessao-do-complexo-maracana","status":"publish","type":"post","link":"https:\/\/guialimeira.com.br\/news\/governo-do-rio-homologa-e-publica-concessao-do-complexo-maracana\/","title":{"rendered":"Governo do Rio homologa e publica concess\u00e3o do Complexo Maracan\u00e3"},"content":{"rendered":"<p> <br \/>\n<\/p>\n<div>\n<p>A homologa\u00e7\u00e3o do resultado do processo de concess\u00e3o do Complexo Maracan\u00e3, que engloba o Est\u00e1dio Jornalista M\u00e1rio Filho, o Maracan\u00e3 e o Gin\u00e1sio Gilberto Cardoso &#8211; Maracan\u00e3zinho, foi publicada nesta ter\u00e7a-feira (4) no Di\u00e1rio Oficial pelo governo do Estado. O vencedor foi o Cons\u00f3rcio Fla\/Flu, integrado pelos clubes Flamengo e Fluminense, que ficar\u00e1 respons\u00e1vel pela gest\u00e3o, opera\u00e7\u00e3o e manuten\u00e7\u00e3o do equipamento esportivo nos pr\u00f3ximos 20 anos.<img data-recalc-dims=\"1\" decoding=\"async\" src=\"https:\/\/i0.wp.com\/agenciabrasil.ebc.com.br\/ebc.png?w=696&#038;ssl=1\" style=\"width:1px; height:1px; display:inline;\"\/><img data-recalc-dims=\"1\" decoding=\"async\" src=\"https:\/\/i0.wp.com\/agenciabrasil.ebc.com.br\/ebc.gif?w=696&#038;ssl=1\" style=\"width:1px; height:1px; display:inline;\"\/><\/p>\n<p>Segundo o governo do estado, com a apresenta\u00e7\u00e3o da melhor proposta t\u00e9cnico-financeira, o cons\u00f3rcio atingiu a nota final de 120,2 pontos, ofertando uma outorga anual no valor de mais R$ 20 milh\u00f5es.<\/p>\n<p>O governador Cl\u00e1udio Castro considerou que o encerramento da licita\u00e7\u00e3o assegurou um processo transparente e muito eficaz para o desenvolvimento do esporte e da cultura do Rio de Janeiro. \u201cO vencedor dever\u00e1 administrar e investir no complexo esportivo, e o Governo do Estado vai acompanhar de perto essa gest\u00e3o\u201d, completou na nota divulgada pelo governo do estado.<\/p>\n<p>Com a conclus\u00e3o da licita\u00e7\u00e3o, antes da entrega oficial do equipamento ao novo concession\u00e1rio, o governo estadual come\u00e7ar\u00e1 um processo de transi\u00e7\u00e3o e de prepara\u00e7\u00e3o da assinatura do contrato.<\/p>\n<p>\u201cNossa equipe t\u00e9cnica vai preparar a documenta\u00e7\u00e3o e orientar o novo concession\u00e1rio nesse processo. Seguimos todas as etapas e buscamos garantir o desenvolvimento econ\u00f4mico deste importante equipamento esportivo do pa\u00eds\u201d, informou o secret\u00e1rio da Casa Civil, Nicola Miccione, em nota.<\/p>\n<p>Entre os concorrentes, o processo de concess\u00e3o teve ainda a participa\u00e7\u00e3o do Cons\u00f3rcio Maracan\u00e3 para Todos, formado pelo clube Vasco da Gama e pela WTorre Entretenimento e Participa\u00e7\u00f5es Ltda, e a empresa RNGD Consultoria de Neg\u00f3cios Ltda.<\/p>\n<h2>Concess\u00e3o<\/h2>\n<p>De acordo com o governo do Rio, a licita\u00e7\u00e3o se baseou no crit\u00e9rio t\u00e9cnico e pre\u00e7o. Caber\u00e1 \u00e0 Secretaria de Estado da Casa Civil a responsabilidade pela fiscaliza\u00e7\u00e3o da execu\u00e7\u00e3o dos servi\u00e7os previstos no contrato. De acordo com o edital, o grupo vencedor ter\u00e1 que realizar investimentos de cerca de R$ 186 milh\u00f5es at\u00e9 o fim da concess\u00e3o.<\/p>\n<p>No Maracan\u00e3, entre outras interven\u00e7\u00f5es, os recursos dever\u00e3o ser aplicados em obras de recupera\u00e7\u00e3o dos sistemas de \u00e1gua, escadas rolantes, elevadores, ar-condicionado e exaust\u00e3o, moderniza\u00e7\u00e3o e adequa\u00e7\u00e3o dos sistemas eletr\u00f4nicos e revitaliza\u00e7\u00e3o do Museu do Futebol. No Maracan\u00e3zinho est\u00e3o previstos reparos da cobertura do gin\u00e1sio, implementa\u00e7\u00e3o de novo sistema audiovisual e ac\u00fastico e requalifica\u00e7\u00e3o das \u00e1reas de hospitalidade, ilumina\u00e7\u00e3o e acessibilidade.<\/p>\n<\/p><\/div>\n<p><br \/>\n<br \/><a href=\"https:\/\/agenciabrasil.ebc.com.br\/esportes\/noticia\/2024-06\/governo-do-rio-homologa-e-publica-concessao-do-complexo-maracana\" rel=\"noopener\">Ag\u00eancia Brasil<\/a><\/p>\n","protected":false},"excerpt":{"rendered":"<p>A homologa\u00e7\u00e3o do resultado do processo de concess\u00e3o do Complexo Maracan\u00e3, que engloba o Est\u00e1dio Jornalista M\u00e1rio Filho, o Maracan\u00e3 e o Gin\u00e1sio Gilberto Cardoso &#8211; Maracan\u00e3zinho, foi publicada nesta ter\u00e7a-feira (4) no Di\u00e1rio Oficial pelo governo do Estado. O vencedor foi o Cons\u00f3rcio Fla\/Flu, integrado pelos clubes Flamengo e Fluminense, que ficar\u00e1 respons\u00e1vel pela [&hellip;]<\/p>\n","protected":false},"author":1,"featured_media":7460,"comment_status":"open","ping_status":"open","sticky":false,"template":"","format":"standard","meta":{"_jetpack_newsletter_access":"","_jetpack_dont_email_post_to_subs":false,"_jetpack_newsletter_tier_id":0,"_jetpack_memberships_contains_paywalled_content":false,"_mbp_banners":[],"_jetpack_feature_clip_id":0,"_jetpack_memberships_contains_paid_content":false,"footnotes":"","jetpack_publicize_message":"","jetpack_publicize_feature_enabled":true,"jetpack_social_post_already_shared":true,"jetpack_social_options":{"image_generator_settings":{"template":"highway","default_image_id":0,"font":"","enabled":false},"version":2},"jetpack_post_was_ever_published":false},"categories":[23],"tags":[],"class_list":["post-7459","post","type-post","status-publish","format-standard","has-post-thumbnail","category-esportes"],"jetpack_publicize_connections":[],"jetpack-related-posts":[],"jetpack_shortlink":"https:\/\/wp.me\/p7Eq1F-1Wj","jetpack_sharing_enabled":true,"jetpack_featured_media_url":"https:\/\/i0.wp.com\/guialimeira.com.br\/news\/wp-content\/uploads\/2024\/06\/maracana_040624_governo_do_estado.jpg?fit=1600%2C800&ssl=1","_links":{"self":[{"href":"https:\/\/guialimeira.com.br\/news\/wp-json\/wp\/v2\/posts\/7459","targetHints":{"allow":["GET"]}}],"collection":[{"href":"https:\/\/guialimeira.com.br\/news\/wp-json\/wp\/v2\/posts"}],"about":[{"href":"https:\/\/guialimeira.com.br\/news\/wp-json\/wp\/v2\/types\/post"}],"author":[{"embeddable":true,"href":"https:\/\/guialimeira.com.br\/news\/wp-json\/wp\/v2\/users\/1"}],"replies":[{"embeddable":true,"href":"https:\/\/guialimeira.com.br\/news\/wp-json\/wp\/v2\/comments?post=7459"}],"version-history":[{"count":0,"href":"https:\/\/guialimeira.com.br\/news\/wp-json\/wp\/v2\/posts\/7459\/revisions"}],"wp:featuredmedia":[{"embeddable":true,"href":"https:\/\/guialimeira.com.br\/news\/wp-json\/wp\/v2\/media\/7460"}],"wp:attachment":[{"href":"https:\/\/guialimeira.com.br\/news\/wp-json\/wp\/v2\/media?parent=7459"}],"wp:term":[{"taxonomy":"category","embeddable":true,"href":"https:\/\/guialimeira.com.br\/news\/wp-json\/wp\/v2\/categories?post=7459"},{"taxonomy":"post_tag","embeddable":true,"href":"https:\/\/guialimeira.com.br\/news\/wp-json\/wp\/v2\/tags?post=7459"}],"curies":[{"name":"wp","href":"https:\/\/api.w.org\/{rel}","templated":true}]}}