{"id":7458,"date":"2024-06-04T18:22:44","date_gmt":"2024-06-04T21:22:44","guid":{"rendered":"https:\/\/guialimeira.com.br\/2024\/06\/04\/economia-do-pais-cresce-25-em-12-meses-aponta-ibge\/"},"modified":"2024-06-04T18:22:44","modified_gmt":"2024-06-04T21:22:44","slug":"economia-do-pais-cresce-25-em-12-meses-aponta-ibge","status":"publish","type":"post","link":"https:\/\/guialimeira.com.br\/news\/economia-do-pais-cresce-25-em-12-meses-aponta-ibge\/","title":{"rendered":"Economia do pa\u00eds cresce 2,5% em 12 meses, aponta IBGE"},"content":{"rendered":"<p> <br \/>\n<\/p>\n<div>\n<p>A economia brasileira cresceu 2,5% no primeiro trimestre do ano, em compara\u00e7\u00e3o com o mesmo per\u00edodo do ano passado. Em rela\u00e7\u00e3o ao \u00faltimo trimestre de 2023, o Produto Interno Bruto (PIB, conjunto de todos os bens e servi\u00e7os produzidos no pa\u00eds) apresentou alta de 0,8%.<img data-recalc-dims=\"1\" decoding=\"async\" src=\"https:\/\/i0.wp.com\/agenciabrasil.ebc.com.br\/ebc.png?w=696&#038;ssl=1\" style=\"width:1px; height:1px; display:inline;\"\/><img data-recalc-dims=\"1\" decoding=\"async\" src=\"https:\/\/i0.wp.com\/agenciabrasil.ebc.com.br\/ebc.gif?w=696&#038;ssl=1\" style=\"width:1px; height:1px; display:inline;\"\/><\/p>\n<p>No acumulado de 12 meses, o crescimento da economia do pa\u00eds soma 2,5%. Os dados foram divulgados nesta ter\u00e7a-feira (4), pelo Instituto Brasileiro de Geografia e Estat\u00edstica (IBGE). Em valores correntes, o PIB chega a R$ 2,7 trilh\u00f5es de reais.<\/p>\n<p>Em um recorte setorial, a ind\u00fastria e os servi\u00e7os cresceram 2,8% e 3% respectivamente, na compara\u00e7\u00e3o com o mesmo per\u00edodo do ano passado. J\u00e1 a agropecu\u00e1ria foi o \u00fanico setor que registrou queda, de 3%.<\/p>\n<p>&#8220;Pelas quest\u00f5es clim\u00e1ticas, especialmente o El Ni\u00f1o [aquecimento das \u00e1guas do oceano Pac\u00edfico], j\u00e1 se sabia que n\u00e3o seria um ano bom para a agropecu\u00e1ria&#8221;, explica a coordenadora de Contas Nacionais do IBGE, Rebeca Palis. Ela ressalta que a pecu\u00e1ria est\u00e1 crescendo este ano, mas o comportamento da agricultura pesa mais no PIB.<\/p>\n<p>O crescimento da ind\u00fastria foi influenciado pelas ind\u00fastrias extrativas (5,9%), que registraram o melhor resultado influenciadas pela alta tanto da extra\u00e7\u00e3o de petr\u00f3leo e g\u00e1s como de min\u00e9rio de ferro. Houve destaque tamb\u00e9m na atividade de eletricidade e g\u00e1s, \u00e1gua, esgoto, atividades de gest\u00e3o de res\u00edduos (4,6%), especialmente para o consumo residencial.<\/p>\n<p>A queda da agropecu\u00e1ria se explica por alguns produtos agr\u00edcolas que t\u00eam safras significativas no primeiro trimestre, mas apresentaram queda na estimativa de produ\u00e7\u00e3o anual e perda de produtividade, como soja (- 2,4%), milho (- 11,7%), fumo (- 9,6%), e mandioca (- 2,2%).<\/p>\n<p>O consumo das fam\u00edlias (4,4%) e as despesa do governo (2,6%) tiveram alta na compara\u00e7\u00e3o com o primeiro trimestre de 2023.<\/p>\n<p>A Forma\u00e7\u00e3o Bruta de Capital Fixo, indicador que mostra o n\u00edvel de investimento da economia, avan\u00e7ou 2,7%. As exporta\u00e7\u00f5es cresceram 6,5%; enquanto as importa\u00e7\u00f5es, 10,2%.<\/p>\n<p>\u201cEm 2022 e 2023, o setor externo havia contribu\u00eddo positivamente, com as exporta\u00e7\u00f5es crescendo mais do que as importa\u00e7\u00f5es. Nesse primeiro trimestre essa contribui\u00e7\u00e3o virou negativa. Estamos importando muitas m\u00e1quinas e equipamentos e bens intermedi\u00e1rios e o Real se valorizou\u201d, contextualiza Rebeca Palis.<\/p>\n<p>No primeiro trimestre de 2024, a taxa de investimento foi de 16,9% do PIB, abaixo dos 17,1% registrados no primeiro trimestre de 2023.<\/p>\n<h2>Compara\u00e7\u00e3o trimestral<\/h2>\n<p>Na compara\u00e7\u00e3o com o trimestre imediatamente anterior, ou seja, os tr\u00eas \u00faltimos meses de 2023, a alta de 0,8% representa uma retomada, ap\u00f3s o recuo de 0,1% no fim do ano passado. Esse resultado de 0,8% \u00e9 o maior desde o segundo trimestre de 2023, quando a economia cresceu 0,9%.<\/p>\n<p>O setor de servi\u00e7os puxou a varia\u00e7\u00e3o positiva, com alta de 1,4% e destaque para \u201co com\u00e9rcio varejista e os servi\u00e7os pessoais, ligados ao crescimento do consumo das fam\u00edlias, a atividade de internet e desenvolvimento de sistemas, devido ao aumento dos investimentos e os servi\u00e7os profissionais, que transpassam \u00e0 economia como um todo\u201d, explica a coordenadora do IBGE.<\/p>\n<p>\u201cNesse trimestre tivemos um crescimento da economia totalmente baseado na demanda interna\u201d, completa.<\/p>\n<p>Ela aponta que o crescimento do consumo das fam\u00edlias foi motivado pela melhoria do mercado de trabalho e pelas taxas de juros e de infla\u00e7\u00e3o mais baixas, al\u00e9m da continuidade dos programas governamentais de aux\u00edlio \u00e0s fam\u00edlias.<\/p>\n<p>Com mais consumo das fam\u00edlias, a taxa de poupan\u00e7a foi de 16,2%, ante 17,5% no mesmo trimestre de 2023.<\/p>\n<h2>Acumulado<\/h2>\n<p>O PIB acumulado nos quatro trimestres encerrados em mar\u00e7o de 2024, comparado ao mesmo per\u00edodo de 2023, cresceu 2,5%. Nessa compara\u00e7\u00e3o, houve altas na agropecu\u00e1ria (6,4%), na ind\u00fastria (1,9%) e nos servi\u00e7os (2,3%).<\/p>\n<h2>Rio Grande do Sul<\/h2>\n<p>Os dados divulgados nesta ter\u00e7a-feira ainda n\u00e3o t\u00eam influ\u00eancia do efeito da trag\u00e9dia clim\u00e1tica causada pelas chuvas de abril e maio no Rio Grande do Sul.<\/p>\n<p>\u201cIsso s\u00f3 vai aparecer quando tivermos as pr\u00f3prias pesquisas mensais referentes a esse per\u00edodo\u201d, diz Rebeca. Segundo ela, o estado ga\u00facho representa cerca de 6,5% do PIB nacional, e os munic\u00edpios afetados respondem por aproximadamente metade desse valor.<\/p>\n<p>\u201cA gente vai ter que analisar melhor quando tivermos os dados, mas sabemos que a pecu\u00e1ria foi afetada, estradas, com\u00e9rcio&#8230;\u201d.<\/p>\n<p><em>Mat\u00e9ria ampliada \u00e0s 10h45<\/em><\/p>\n<\/p><\/div>\n<p><br \/>\n<br \/><a href=\"https:\/\/agenciabrasil.ebc.com.br\/economia\/noticia\/2024-06\/economia-do-pais-cresce-25-em-doze-meses-aponta-ibge\" rel=\"noopener\">Ag\u00eancia Brasil<\/a><\/p>\n","protected":false},"excerpt":{"rendered":"<p>A economia brasileira cresceu 2,5% no primeiro trimestre do ano, em compara\u00e7\u00e3o com o mesmo per\u00edodo do ano passado. Em rela\u00e7\u00e3o ao \u00faltimo trimestre de 2023, o Produto Interno Bruto (PIB, conjunto de todos os bens e servi\u00e7os produzidos no pa\u00eds) apresentou alta de 0,8%. No acumulado de 12 meses, o crescimento da economia do [&hellip;]<\/p>\n","protected":false},"author":1,"featured_media":5614,"comment_status":"open","ping_status":"open","sticky":false,"template":"","format":"standard","meta":{"_jetpack_newsletter_access":"","_jetpack_dont_email_post_to_subs":false,"_jetpack_newsletter_tier_id":0,"_jetpack_memberships_contains_paywalled_content":false,"_mbp_banners":[],"_jetpack_feature_clip_id":0,"_jetpack_memberships_contains_paid_content":false,"footnotes":"","jetpack_publicize_message":"","jetpack_publicize_feature_enabled":true,"jetpack_social_post_already_shared":true,"jetpack_social_options":{"image_generator_settings":{"template":"highway","default_image_id":0,"font":"","enabled":false},"version":2},"jetpack_post_was_ever_published":false},"categories":[24],"tags":[],"class_list":["post-7458","post","type-post","status-publish","format-standard","has-post-thumbnail","category-economia"],"jetpack_publicize_connections":[],"jetpack-related-posts":[],"jetpack_shortlink":"https:\/\/wp.me\/p7Eq1F-1Wi","jetpack_sharing_enabled":true,"jetpack_featured_media_url":"https:\/\/i0.wp.com\/guialimeira.com.br\/news\/wp-content\/uploads\/2024\/05\/economia_1609210405_0.jpg?fit=1600%2C800&ssl=1","_links":{"self":[{"href":"https:\/\/guialimeira.com.br\/news\/wp-json\/wp\/v2\/posts\/7458","targetHints":{"allow":["GET"]}}],"collection":[{"href":"https:\/\/guialimeira.com.br\/news\/wp-json\/wp\/v2\/posts"}],"about":[{"href":"https:\/\/guialimeira.com.br\/news\/wp-json\/wp\/v2\/types\/post"}],"author":[{"embeddable":true,"href":"https:\/\/guialimeira.com.br\/news\/wp-json\/wp\/v2\/users\/1"}],"replies":[{"embeddable":true,"href":"https:\/\/guialimeira.com.br\/news\/wp-json\/wp\/v2\/comments?post=7458"}],"version-history":[{"count":0,"href":"https:\/\/guialimeira.com.br\/news\/wp-json\/wp\/v2\/posts\/7458\/revisions"}],"wp:featuredmedia":[{"embeddable":true,"href":"https:\/\/guialimeira.com.br\/news\/wp-json\/wp\/v2\/media\/5614"}],"wp:attachment":[{"href":"https:\/\/guialimeira.com.br\/news\/wp-json\/wp\/v2\/media?parent=7458"}],"wp:term":[{"taxonomy":"category","embeddable":true,"href":"https:\/\/guialimeira.com.br\/news\/wp-json\/wp\/v2\/categories?post=7458"},{"taxonomy":"post_tag","embeddable":true,"href":"https:\/\/guialimeira.com.br\/news\/wp-json\/wp\/v2\/tags?post=7458"}],"curies":[{"name":"wp","href":"https:\/\/api.w.org\/{rel}","templated":true}]}}